{"id":1257432,"date":"2023-10-02T19:17:59","date_gmt":"2023-10-03T01:17:59","guid":{"rendered":"https:\/\/www.acapulcopress.com\/?p=1257432"},"modified":"2023-10-02T19:17:59","modified_gmt":"2023-10-03T01:17:59","slug":"prestadores-de-servicios-turisticos-desbloquean-la-costera-aleman-de-acapulco","status":"publish","type":"post","link":"https:\/\/www.acapulcopress.com\/index.php\/2023\/10\/02\/prestadores-de-servicios-turisticos-desbloquean-la-costera-aleman-de-acapulco\/","title":{"rendered":"Prestadores de servicios tur\u00edsticos desbloquean la avenida costera de Acapulco"},"content":{"rendered":"<p style=\"text-align: justify;\">ACAPULCO * Octubre 2, 2023.<br \/>\n<em>) Gobierno de Guerrero<\/em><br \/>\nPara dar soluci\u00f3n y lograr acuerdos con prestadores de servicios tur\u00edsticos, que manten\u00edan bloqueos sobre la Costera Miguel Alem\u00e1n del puerto de Acapulco, representantes del gobierno estatal encabezados por el director General de Gobernaci\u00f3n, Francisco Rodr\u00edguez <img loading=\"lazy\" decoding=\"async\" class=\"alignleft size-medium wp-image-1257434\" src=\"https:\/\/www.acapulcopress.com\/wp-content\/uploads\/2023\/10\/ZOFEMAT2-375x281.jpg\" alt=\"\" width=\"375\" height=\"281\" \/>Cisneros, realizaron una mesa de di\u00e1logo en las inmediaciones del Parque Papagayo donde se lograron importantes acuerdos que lograron el cese de su movimiento.<\/p>\n<p style=\"text-align: justify;\">Rodr\u00edguez Cisneros, acompa\u00f1ado de los titulares en la entidad de Profepa y Semarnat, un representante de la Secretar\u00eda de Marina, as\u00ed como del gobierno municipal de Acapulco, pactaron acciones que se llevar\u00e1n a diversas mesas de di\u00e1logo donde se analizar\u00e1n sus demandas y propuestas para en su caso ser aprobadas y esto resulte en beneficios para este sector que atiende a gran parte del turismo que visita el conocido Hogar del Sol.<\/p>\n<p style=\"text-align: justify;\">Por parte de la comisi\u00f3n de prestadores de servicios tur\u00edsticos de la zona federal participaron como sus representantes, Marco Antonio V\u00e1zquez Gir\u00f3n y Jes\u00fas Zamora Cervantes, quienes coincidieron que el di\u00e1logo es la manera correcta para llegar a acuerdos, motivo por el cual permitieron se reanudar\u00e1 la circulaci\u00f3n en diferentes puntos de la costera Miguel Alem\u00e1n.<\/p>\n<p style=\"text-align: justify;\">Se inform\u00f3 que a las 13:10 horas culmin\u00f3 el bloqueo en sentido Caleta-Base Naval de la avenida Costera Miguel Alem\u00e1n y el retorno a la glorieta La Diana por aproximadamente 300 prestadores de servicios tur\u00edsticos integrados al Frente de Defensa\u00a0de\u00a0la\u00a0ZOFEMAT.<\/p>\n<p style=\"text-align: justify;\"><em>] S\u00edguenos en Facebook.com\/<a href=\"https:\/\/www.facebook.com\/acapulcopress\" target=\"_blank\" rel=\"noopener\">acapulcopress<\/a><\/em><br \/>\n<em>] S\u00edguenos en Facebook.com\/<a href=\"https:\/\/www.facebook.com\/angelblanco.press\" target=\"_blank\" rel=\"noopener\">angelblanco.press<\/a><\/em><\/p>\n","protected":false},"excerpt":{"rendered":"<p>ACAPULCO * Octubre 2, 2023. ) Gobierno de Guerrero Para dar soluci\u00f3n y lograr acuerdos con prestadores de servicios tur\u00edsticos, que manten\u00edan bloqueos sobre la Costera Miguel Alem\u00e1n del puerto de Acapulco, representantes del gobierno estatal encabezados por el director General de Gobernaci\u00f3n, Francisco Rodr\u00edguez Cisneros, realizaron una mesa de di\u00e1logo en las inmediaciones del&#8230;<\/p>\n","protected":false},"author":2,"featured_media":1257433,"comment_status":"closed","ping_status":"closed","sticky":false,"template":"","format":"standard","meta":{"footnotes":""},"categories":[1969,1989],"tags":[8894,10765,12478,14988,16462],"class_list":["post-1257432","post","type-post","status-publish","format-standard","has-post-thumbnail","hentry","category-trending","category-noticias-generales","tag-francisco-rodriguez-cisneros","tag-jesus-zamora-cervantes","tag-marco-antonio-vazquez-giron","tag-profepa","tag-semarnat"],"_links":{"self":[{"href":"https:\/\/www.acapulcopress.com\/index.php\/wp-json\/wp\/v2\/posts\/1257432","targetHints":{"allow":["GET"]}}],"collection":[{"href":"https:\/\/www.acapulcopress.com\/index.php\/wp-json\/wp\/v2\/posts"}],"about":[{"href":"https:\/\/www.acapulcopress.com\/index.php\/wp-json\/wp\/v2\/types\/post"}],"author":[{"embeddable":true,"href":"https:\/\/www.acapulcopress.com\/index.php\/wp-json\/wp\/v2\/users\/2"}],"replies":[{"embeddable":true,"href":"https:\/\/www.acapulcopress.com\/index.php\/wp-json\/wp\/v2\/comments?post=1257432"}],"version-history":[{"count":0,"href":"https:\/\/www.acapulcopress.com\/index.php\/wp-json\/wp\/v2\/posts\/1257432\/revisions"}],"wp:featuredmedia":[{"embeddable":true,"href":"https:\/\/www.acapulcopress.com\/index.php\/wp-json\/"}],"wp:attachment":[{"href":"https:\/\/www.acapulcopress.com\/index.php\/wp-json\/wp\/v2\/media?parent=1257432"}],"wp:term":[{"taxonomy":"category","embeddable":true,"href":"https:\/\/www.acapulcopress.com\/index.php\/wp-json\/wp\/v2\/categories?post=1257432"},{"taxonomy":"post_tag","embeddable":true,"href":"https:\/\/www.acapulcopress.com\/index.php\/wp-json\/wp\/v2\/tags?post=1257432"}],"curies":[{"name":"wp","href":"https:\/\/api.w.org\/{rel}","templated":true}]}}