{"id":1257441,"date":"2023-10-02T20:22:05","date_gmt":"2023-10-03T02:22:05","guid":{"rendered":"https:\/\/www.acapulcopress.com\/?p=1257441"},"modified":"2023-10-02T20:22:05","modified_gmt":"2023-10-03T02:22:05","slug":"ni-un-paso-atras-en-el-camino-de-la-paz-el-bienestar-y-la-justicia-de-guerrero-evelyn-salgado","status":"publish","type":"post","link":"https:\/\/www.acapulcopress.com\/index.php\/2023\/10\/02\/ni-un-paso-atras-en-el-camino-de-la-paz-el-bienestar-y-la-justicia-de-guerrero-evelyn-salgado\/","title":{"rendered":"Ni un paso atr\u00e1s en el camino de la paz, el bienestar y la justicia de Guerrero | Evelyn Salgado"},"content":{"rendered":"<p style=\"text-align: justify;\">CHILPANCINGO * Octubre 2, 2023.<br \/>\n<em>) Gobierno de Guerrero<\/em><br \/>\nAl encabezar la ceremonia de izamiento de bandera en la Casa del Pueblo, la gobernadora <a href=\"https:\/\/www.facebook.com\/EvelynSalgadoP\" target=\"_blank\" rel=\"noopener\"><img loading=\"lazy\" decoding=\"async\" class=\"alignleft size-medium wp-image-1257442\" src=\"https:\/\/www.acapulcopress.com\/wp-content\/uploads\/2023\/10\/EVELYN-JUSTICIA-375x244.jpg\" alt=\"\" width=\"375\" height=\"244\" \/>Evelyn Salgado Pineda<\/a> convoc\u00f3 a continuar avanzando y no dar un paso atr\u00e1s en el camino por la paz, el bienestar y la justicia de Guerrero, para seguir consolidando los avances de la transformaci\u00f3n que se ha logrado en estos casi dos a\u00f1os de gobierno.<\/p>\n<p style=\"text-align: justify;\">Durante la ceremonia c\u00edvica mensual, la mandataria estatal puntualiz\u00f3 que octubre es el mes de la sensibilizaci\u00f3n sobre el C\u00e1ncer de Mama, por lo que continuar\u00e1 apoyando esta campa\u00f1a para las mujeres en las ocho regiones de la entidad.<\/p>\n<p style=\"text-align: justify;\">Tambi\u00e9n, conmemor\u00f3 el <em>D\u00eda Internacional de la No Violencia<\/em> en el marco de una fecha que no se debe de olvidar, el 2 de octubre al cumplirse 55 a\u00f1os de la represi\u00f3n cometida contra estudiantes en la Plaza de Tlalteloco, en la Ciudad de M\u00e9xico.<\/p>\n<p style=\"text-align: justify;\"><img loading=\"lazy\" decoding=\"async\" class=\"alignleft size-medium wp-image-1257446\" src=\"https:\/\/www.acapulcopress.com\/wp-content\/uploads\/2023\/10\/EVELYN-JUSTICIA5-375x266.jpg\" alt=\"\" width=\"375\" height=\"266\" \/>\u00abEl 2 de octubre no se olvida. 55 a\u00f1os que no deben pasar en vano y que al contrario nos obliga sin duda a construir una memoria colectiva y a encontrarnos con estos ideales de libertad y democracia que buscaron silenciar a trav\u00e9s de la violencia\u00bb, puntualiz\u00f3 Evelyn Salgado Pineda.<\/p>\n<p style=\"text-align: justify;\">La gobernadora reafirm\u00f3 su compromiso con la defensa irrestricta de los derechos humanos, con las libertades del pueblo y el bienestar de la gente; record\u00f3 que este mes tambi\u00e9n se conmemora la abolici\u00f3n de la esclavitud por el general\u00edsimo Jos\u00e9 Mar\u00eda Morelos y Pav\u00f3n, acci\u00f3n que reafirm\u00f3 la idea de una naci\u00f3n justa e igualitaria para los mexicanos.<\/p>\n<p style=\"text-align: justify;\">Destac\u00f3 que el 12 de octubre es una fecha especial por ser el D\u00eda de la Raza, abrazando el <img loading=\"lazy\" decoding=\"async\" class=\"alignleft size-medium wp-image-1257444\" src=\"https:\/\/www.acapulcopress.com\/wp-content\/uploads\/2023\/10\/EVELYN-JUSTICIA3-375x227.jpg\" alt=\"\" width=\"375\" height=\"227\" \/>legado ind\u00edgena y originario de los pueblos con la conmemoraci\u00f3n del D\u00eda de la Naci\u00f3n Pluricultural con el orgullo de contar en Guerrero con cuatro pueblos ind\u00edgenas y un pueblo afromexicano.<\/p>\n<p style=\"text-align: justify;\">La ceremonia c\u00edvica se visti\u00f3 de cultura con la participaci\u00f3n y la danza de Los Apaches de San Luis Acatl\u00e1n quienes realizaron una demostraci\u00f3n de una de las tradicionales danzas de la Costa Chica.<\/p>\n<p style=\"text-align: justify;\">Asistieron a la ceremonia la presidenta de la Mesa Directiva del Congreso del Estado, Leticia Mosso Hern\u00e1ndez; el presidente del Tribunal Superior de Justicia, Raymundo Casarrubias V\u00e1zquez; la Fiscal General del Estado, Sandra Luz Valdovinos Salmer\u00f3n y la presidenta del DIF Guerrero, Liz Salgado Pineda.<\/p>\n<p style=\"text-align: justify;\">As\u00ed como la diputada Yoloczin Dom\u00ednguez Serna; el comandante de la 35 Zona Militar, Enrique Mart\u00ednez L\u00f3pez; el secretario General de Gobierno, Ludwig Marcial Reynoso N\u00fa\u00f1ez; la presidenta de la Comisi\u00f3n de Derechos Humanos del estado, Cecilia Narciso Gayt\u00e1n,\u00a0entre\u00a0otros.<\/p>\n<p style=\"text-align: justify;\"><em>] S\u00edguenos en Facebook.com\/<a href=\"https:\/\/www.facebook.com\/acapulcopress\" target=\"_blank\" rel=\"noopener\">acapulcopress<\/a><\/em><br \/>\n<em>] S\u00edguenos en Facebook.com\/<a href=\"https:\/\/www.facebook.com\/angelblanco.press\" target=\"_blank\" rel=\"noopener\">angelblanco.press<\/a><\/em><\/p>\n","protected":false},"excerpt":{"rendered":"<p>CHILPANCINGO * Octubre 2, 2023. ) Gobierno de Guerrero Al encabezar la ceremonia de izamiento de bandera en la Casa del Pueblo, la gobernadora Evelyn Salgado Pineda convoc\u00f3 a continuar avanzando y no dar un paso atr\u00e1s en el camino por la paz, el bienestar y la justicia de Guerrero, para seguir consolidando los avances&#8230;<\/p>\n","protected":false},"author":2,"featured_media":1257443,"comment_status":"closed","ping_status":"closed","sticky":false,"template":"","format":"standard","meta":{"footnotes":""},"categories":[1983,18561],"tags":[5350,7225,8251],"class_list":["post-1257441","post","type-post","status-publish","format-standard","has-post-thumbnail","hentry","category-guerrerogob","category-society-politics","tag-casa-del-pueblo","tag-dia-internacional-de-la-no-violencia","tag-evelyn-salgado-pineda"],"_links":{"self":[{"href":"https:\/\/www.acapulcopress.com\/index.php\/wp-json\/wp\/v2\/posts\/1257441","targetHints":{"allow":["GET"]}}],"collection":[{"href":"https:\/\/www.acapulcopress.com\/index.php\/wp-json\/wp\/v2\/posts"}],"about":[{"href":"https:\/\/www.acapulcopress.com\/index.php\/wp-json\/wp\/v2\/types\/post"}],"author":[{"embeddable":true,"href":"https:\/\/www.acapulcopress.com\/index.php\/wp-json\/wp\/v2\/users\/2"}],"replies":[{"embeddable":true,"href":"https:\/\/www.acapulcopress.com\/index.php\/wp-json\/wp\/v2\/comments?post=1257441"}],"version-history":[{"count":0,"href":"https:\/\/www.acapulcopress.com\/index.php\/wp-json\/wp\/v2\/posts\/1257441\/revisions"}],"wp:featuredmedia":[{"embeddable":true,"href":"https:\/\/www.acapulcopress.com\/index.php\/wp-json\/"}],"wp:attachment":[{"href":"https:\/\/www.acapulcopress.com\/index.php\/wp-json\/wp\/v2\/media?parent=1257441"}],"wp:term":[{"taxonomy":"category","embeddable":true,"href":"https:\/\/www.acapulcopress.com\/index.php\/wp-json\/wp\/v2\/categories?post=1257441"},{"taxonomy":"post_tag","embeddable":true,"href":"https:\/\/www.acapulcopress.com\/index.php\/wp-json\/wp\/v2\/tags?post=1257441"}],"curies":[{"name":"wp","href":"https:\/\/api.w.org\/{rel}","templated":true}]}}