{"id":1257461,"date":"2023-10-02T22:07:53","date_gmt":"2023-10-03T04:07:53","guid":{"rendered":"https:\/\/www.acapulcopress.com\/?p=1257461"},"modified":"2023-10-02T22:07:53","modified_gmt":"2023-10-03T04:07:53","slug":"xochitl-repudia-uso-de-claudia-a-masacre-del-68","status":"publish","type":"post","link":"https:\/\/www.acapulcopress.com\/index.php\/2023\/10\/02\/xochitl-repudia-uso-de-claudia-a-masacre-del-68\/","title":{"rendered":"X\u00f3chitl repudia uso de Claudia a masacre del 68"},"content":{"rendered":"<p style=\"text-align: justify;\">CHILPANCINGO * Octubre 2, 2023.<br \/>\n<em>) <a href=\"https:\/\/latinus.us\/2023\/10\/02\/xochitl-galvez-critica-sheinbaum-lucrar-masacre-1968-tlatelolco-mas-insensibilidades\/\" target=\"_blank\" rel=\"noopener\">Latinus<\/a><\/em><\/p>\n<p style=\"text-align: justify;\"><a href=\"https:\/\/www.facebook.com\/Xochitl.Galvez.R\" target=\"_blank\" rel=\"noopener\">X\u00f3chitl G\u00e1lvez<\/a>, responsable de la construcci\u00f3n del Frente Amplio por M\u00e9xico, acus\u00f3 a <a href=\"https:\/\/www.facebook.com\/ClaudiaSheinbaumPardo\" target=\"_blank\" rel=\"noopener\">Claudia Sheinbaum<\/a>, su eventual contrincante por la presidencia en las elecciones de 2024, de lucrar con la masacre de estudiantes en Tlatelolco, hace 55 a\u00f1os.<\/p>\n<p style=\"text-align: justify;\"><img loading=\"lazy\" decoding=\"async\" class=\"alignleft size-medium wp-image-1257462\" src=\"https:\/\/www.acapulcopress.com\/wp-content\/uploads\/2023\/10\/xochitl-vs-claudia-375x382.jpeg\" alt=\"\" width=\"375\" height=\"382\" \/>El texto lo acompa\u00f1\u00f3 con un fragmento de video en el que la coordinadora de los Comit\u00e9s de Defensa de la Cuarta Transformaci\u00f3n asegur\u00f3 que el mejor homenaje que Morena pude hacer a los ca\u00eddos en esa masacre es ganar las pr\u00f3ximas elecciones.<\/p>\n<p style=\"text-align: justify;\">La declaraci\u00f3n de Sheinbaum se dio en el acto conmemorativo del 12 aniversario de la fundaci\u00f3n de su partido.<\/p>\n<p style=\"text-align: justify;\">\u201cNo te equivoques, el mejor homenaje es castigar a responsables. Entre ellos Bartlett y Ovalle, antiguos echeverristas que pertenecen al gobierno al que planeas darle continuidad. Con las v\u00edctimas no se lucra, se hace justicia\u201d, resalt\u00f3 X\u00f3chitl G\u00e1lvez.<\/p>\n<p style=\"text-align: justify;\">El 12 aniversario del Movimiento de Regeneraci\u00f3n Nacional (Morena) termin\u00f3 como un acto de campa\u00f1a de Claudia Sheinbaum en el que se critic\u00f3 a los grupos opositores y se busc\u00f3 relacionar la fundaci\u00f3n de este instituto pol\u00edtico con los movimientos sociales que iniciaron despu\u00e9s de los eventos del 2 de octubre de 1968.<\/p>\n<p style=\"text-align: justify;\">El comit\u00e9 ejecutivo de Morena se reuni\u00f3 en el Museo Interactivo de Econom\u00eda para celebrar los 12 a\u00f1os de la creaci\u00f3n de Morena, sin embargo, la conmemoraci\u00f3n del 2 de octubre motiv\u00f3 a todos a presumir que son producto del movimiento estudiantil.<\/p>\n<div style=\"width: 1160px;\" class=\"wp-video\"><video class=\"wp-video-shortcode\" id=\"video-1257461-1\" width=\"1160\" height=\"653\" preload=\"metadata\" controls=\"controls\"><source type=\"video\/mp4\" src=\"https:\/\/www.acapulcopress.com\/wp-content\/uploads\/2023\/10\/SHEINBAUM-MASACRE-68.mp4?_=1\" \/><a href=\"https:\/\/www.acapulcopress.com\/wp-content\/uploads\/2023\/10\/SHEINBAUM-MASACRE-68.mp4\">https:\/\/www.acapulcopress.com\/wp-content\/uploads\/2023\/10\/SHEINBAUM-MASACRE-68.mp4<\/a><\/video><\/div>\n<p style=\"text-align: justify;\"><em>] S\u00edguenos en Facebook.com\/<a href=\"https:\/\/www.facebook.com\/acapulcopress\" target=\"_blank\" rel=\"noopener\">acapulcopress<\/a><\/em><br \/>\n<em>] S\u00edguenos en Facebook.com\/<a href=\"https:\/\/www.facebook.com\/angelblanco.press\" target=\"_blank\" rel=\"noopener\">angelblanco.press<\/a><\/em><\/p>\n","protected":false},"excerpt":{"rendered":"<p>CHILPANCINGO * Octubre 2, 2023. ) Latinus X\u00f3chitl G\u00e1lvez, responsable de la construcci\u00f3n del Frente Amplio por M\u00e9xico, acus\u00f3 a Claudia Sheinbaum, su eventual contrincante por la presidencia en las elecciones de 2024, de lucrar con la masacre de estudiantes en Tlatelolco, hace 55 a\u00f1os. El texto lo acompa\u00f1\u00f3 con un fragmento de video en&#8230;<\/p>\n","protected":false},"author":2,"featured_media":1257463,"comment_status":"closed","ping_status":"closed","sticky":false,"template":"","format":"standard","meta":{"footnotes":""},"categories":[1997],"tags":[4718,5853,8929,12777],"class_list":["post-1257461","post","type-post","status-publish","format-standard","has-post-thumbnail","hentry","category-noticias-destacadas","tag-bertha-xochitl-galvez-ruiz","tag-claudia-sheinbaum-pardo","tag-frente-amplio-por-mexico","tag-masacre-de-1968"],"_links":{"self":[{"href":"https:\/\/www.acapulcopress.com\/index.php\/wp-json\/wp\/v2\/posts\/1257461","targetHints":{"allow":["GET"]}}],"collection":[{"href":"https:\/\/www.acapulcopress.com\/index.php\/wp-json\/wp\/v2\/posts"}],"about":[{"href":"https:\/\/www.acapulcopress.com\/index.php\/wp-json\/wp\/v2\/types\/post"}],"author":[{"embeddable":true,"href":"https:\/\/www.acapulcopress.com\/index.php\/wp-json\/wp\/v2\/users\/2"}],"replies":[{"embeddable":true,"href":"https:\/\/www.acapulcopress.com\/index.php\/wp-json\/wp\/v2\/comments?post=1257461"}],"version-history":[{"count":0,"href":"https:\/\/www.acapulcopress.com\/index.php\/wp-json\/wp\/v2\/posts\/1257461\/revisions"}],"wp:featuredmedia":[{"embeddable":true,"href":"https:\/\/www.acapulcopress.com\/index.php\/wp-json\/"}],"wp:attachment":[{"href":"https:\/\/www.acapulcopress.com\/index.php\/wp-json\/wp\/v2\/media?parent=1257461"}],"wp:term":[{"taxonomy":"category","embeddable":true,"href":"https:\/\/www.acapulcopress.com\/index.php\/wp-json\/wp\/v2\/categories?post=1257461"},{"taxonomy":"post_tag","embeddable":true,"href":"https:\/\/www.acapulcopress.com\/index.php\/wp-json\/wp\/v2\/tags?post=1257461"}],"curies":[{"name":"wp","href":"https:\/\/api.w.org\/{rel}","templated":true}]}}