{"id":1257468,"date":"2023-10-03T18:39:31","date_gmt":"2023-10-04T00:39:31","guid":{"rendered":"https:\/\/www.acapulcopress.com\/?p=1257468"},"modified":"2023-10-03T18:39:31","modified_gmt":"2023-10-04T00:39:31","slug":"ayotzinapa-fue-el-estado-pero-a-nivel-local-dice-amlo","status":"publish","type":"post","link":"https:\/\/www.acapulcopress.com\/index.php\/2023\/10\/03\/ayotzinapa-fue-el-estado-pero-a-nivel-local-dice-amlo\/","title":{"rendered":"Ayotzinapa | Fue el Estado&#8230; pero a nivel local: AMLO"},"content":{"rendered":"<p style=\"text-align: justify;\">CIUDAD DE M\u00c9XICO * Octubre 3, 2023.<br \/>\n<em>) <a href=\"https:\/\/www.proceso.com.mx\/nacional\/2023\/10\/3\/amlo-dice-que-en-ayotzinapa-claro-que-fue-el-estado-pero-deslinda-pena-cienfuegos-316054.html\" target=\"_blank\" rel=\"noopener\">Apro<\/a><\/em><br \/>\nEl presidente <a href=\"https:\/\/www.facebook.com\/lopezobrador.org.mx\" target=\"_blank\" rel=\"noopener\">Andr\u00e9s Manuel L\u00f3pez Obrador<\/a> dio a conocer su hip\u00f3tesis de lo sucedido en la desaparici\u00f3n de los 43 normalistas de Ayotzinapa con toda la informaci\u00f3n que han reunido hasta el momento: \u201cClaro que fue el Estado, sin duda\u201d, pero a nivel de autoridades locales, lo que no alcanza al expresidente <a href=\"https:\/\/www.facebook.com\/EnriquePN\" target=\"_blank\" rel=\"noopener\">Enrique Pe\u00f1a Nieto<\/a> ni al general exsecretario de la Defensa, Salvador Cienfuegos.<\/p>\n<p style=\"text-align: justify;\">\u201cSi por cuestiones pol\u00edticas o ideol\u00f3gicas la consigna es fue el Estado, fue el Ej\u00e9rcito, y de ah\u00ed no salimos, pues yo les puedo decir en primer lugar que fue el Estado&#8230; claro que fue el Estado, sin duda, porque el Estado pudo en su momento aclarar las cosas y no fabricar mentiras, de eso no hay duda, y aunque hayan participado autoridades locales y polic\u00edas municipales es el Estado, de eso no hay duda\u201d, asegur\u00f3.<\/p>\n<p style=\"text-align: justify;\">Sin embargo, sobre \u201clo otro, el Ej\u00e9rcito, a ver, eso, pudieron haber participado algunos elementos del Ej\u00e9rcito, pero lo que sucedi\u00f3 en Ayotzinapa tuvo que ver m\u00e1s con decisiones de autoridades locales y con la delincuencia, con el contubernio, con la asociaci\u00f3n delictuosa entre autoridades locales, polic\u00edas municipales, esa es mi hip\u00f3tesis y la delincuencia que dominaba esa regi\u00f3n\u201d.<\/p>\n<p style=\"text-align: justify;\">El presidente L\u00f3pez Obrador tambi\u00e9n hizo otra diferencia en torno a que un asunto es que esa delincuencia tuviera v\u00ednculos con algunos militares o que los militares de la regi\u00f3n estuvieran enterados de los movimientos y no evitaran la desaparici\u00f3n de los j\u00f3venes y que por tal raz\u00f3n cometieran el delito de omisi\u00f3n, pero es distinto a que \u201cdesde el gobierno, desde arriba, (el presidente) Pe\u00f1a hubiese ordenado o el general secretario de entonces (Salvador Cienfuegos) la desaparici\u00f3n de los j\u00f3venes\u201d.<\/p>\n<p style=\"text-align: justify;\">En torno a la responsabilidad del cargo de Pe\u00f1a Nieto como presidente y de Cienfuegos como general secretario y lo que fall\u00f3 al supuestamente no darse cuenta de que hab\u00eda elementos coludidos con el crimen organizado, el mandatario expuso tambi\u00e9n el caso de Felipe Calder\u00f3n con Genaro Garc\u00eda Luna como secretario de Seguridad y como su brazo derecho.<\/p>\n<p style=\"text-align: justify;\">-Imag\u00ednense c\u00f3mo fall\u00f3 Calder\u00f3n -y ustedes no dicen nada- que puso de secretario de Seguridad a Garc\u00eda Luna, o sea, y est\u00e1n callados todos los medios con honrosas excepciones, silencio.<\/p>\n<p style=\"text-align: justify;\"><strong>&#8211; \u00bfY por eso tiene que haber silencio tambi\u00e9n en el caso Ayotzinapa desde la presidencia, como comandante supremo en ese entonces Pe\u00f1a?,<\/strong> se le pregunt\u00f3.<\/p>\n<p style=\"text-align: justify;\">&#8211; S\u00ed, pero eso es distinto, Calder\u00f3n convirti\u00f3 a Garc\u00eda Luna en su brazo derecho y Garc\u00eda Luna actuaba y ten\u00eda relaci\u00f3n con las bandas de narcotraficantes. No es lo mismo. No estoy <img loading=\"lazy\" decoding=\"async\" class=\"alignleft size-medium wp-image-1257476\" src=\"https:\/\/www.acapulcopress.com\/wp-content\/uploads\/2023\/10\/amlo-ayotzinapa-375x250.webp\" alt=\"\" width=\"375\" height=\"250\" \/>quit\u00e1ndole la responsabilidad a nadie, lo que quiero es que seamos objetivos, y que nos apeguemos a la verdad.<\/p>\n<p style=\"text-align: justify;\">Para referir la responsabilidad del exmandatario priista, el presidente expuso su caso cuando fue jefe de Gobierno por un asunto de Servimet y el camino que se abri\u00f3 para comunicar un hospital, raz\u00f3n por la que hubo recursos legales de supuestos due\u00f1os y terminaron por culpar a L\u00f3pez Obrador, por ser la autoridad en la capital del pa\u00eds.<\/p>\n<p style=\"text-align: justify;\">\u201cLa procuradur\u00eda, Macedo de la Concha, el nieto de Mariano Azuela, que era presidente de la Corte, todos los ministros de la Corte, Santiago Creel que era secretario de Gobernaci\u00f3n, Fox, porque no quer\u00edan que yo apareciera en la boleta como candidato al 2006, entonces si lo que hace un funcionario, si comete un delito un funcionario, es responsabilidad del presidente, del jefe de gobierno, entonces s\u00ed hay que ver, les dec\u00eda yo del caso del militar, general, que se detuvo, est\u00e1 acusado por supuesta vinculaci\u00f3n con el crimen organizado, pero no en la desaparici\u00f3n de los j\u00f3venes de Ayotzinapa\u201d, expuso.<\/p>\n<p style=\"text-align: justify;\"><strong>-Pero por esos casos se fue generando todo el escenario\u2026<\/strong><\/p>\n<p style=\"text-align: justify;\">-Ah s\u00ed, claro, pero la acusaci\u00f3n directa fue porque un mes o dos meses antes, de acuerdo a esta grabaci\u00f3n de la DEA, aparece que un delincuente dice que contaban con el apoyo de este coronel y si es as\u00ed pues se tiene que castigar por eso est\u00e1 en la c\u00e1rcel.<\/p>\n<p style=\"text-align: justify;\">El Ejecutivo Federal afirm\u00f3 que su gobierno seguir\u00e1 investigando \u201cy si es como ellos (expertos del GIEI) sostienen y yo estoy equivocado, lo voy a reconocer porque lo que estimo m\u00e1s importante en mi vida es actuar con honestidad, no soy un falsario, pero hasta ahora lo que tenemos investigado me lleva a eso\u201d.<\/p>\n<p style=\"text-align: justify;\">Tambi\u00e9n insisti\u00f3 en su compromiso de que antes de que termine su sexenio va a cumplir dando a conocer lo que sucedi\u00f3 y castigando a los responsables para que no haya impunidad, pero lo m\u00e1s importante es no dejar de buscar a los j\u00f3venes.<\/p>\n<p style=\"text-align: justify;\"><em>] S\u00edguenos en Facebook.com\/<a href=\"https:\/\/www.facebook.com\/acapulcopress\" target=\"_blank\" rel=\"noopener\">acapulcopress<\/a><\/em><br \/>\n<em>] S\u00edguenos en Facebook.com\/<a href=\"https:\/\/www.facebook.com\/angelblanco.press\" target=\"_blank\" rel=\"noopener\">angelblanco.press<\/a><\/em><br \/>\n<em>] S\u00edguenos en ) acapulcopress.com<\/em><\/p>\n","protected":false},"excerpt":{"rendered":"<p>CIUDAD DE M\u00c9XICO * Octubre 3, 2023. ) Apro El presidente Andr\u00e9s Manuel L\u00f3pez Obrador dio a conocer su hip\u00f3tesis de lo sucedido en la desaparici\u00f3n de los 43 normalistas de Ayotzinapa con toda la informaci\u00f3n que han reunido hasta el momento: \u201cClaro que fue el Estado, sin duda\u201d, pero a nivel de autoridades locales,&#8230;<\/p>\n","protected":false},"author":2,"featured_media":1257475,"comment_status":"closed","ping_status":"closed","sticky":false,"template":"","format":"standard","meta":{"footnotes":""},"categories":[1997],"tags":[3896,4480,7991,15954],"class_list":["post-1257468","post","type-post","status-publish","format-standard","has-post-thumbnail","hentry","category-noticias-destacadas","tag-andres-manuel-lopez-obrador","tag-ayotzinapa","tag-enrique-pena-nieto","tag-salvador-cienfuegos-zepeda"],"_links":{"self":[{"href":"https:\/\/www.acapulcopress.com\/index.php\/wp-json\/wp\/v2\/posts\/1257468","targetHints":{"allow":["GET"]}}],"collection":[{"href":"https:\/\/www.acapulcopress.com\/index.php\/wp-json\/wp\/v2\/posts"}],"about":[{"href":"https:\/\/www.acapulcopress.com\/index.php\/wp-json\/wp\/v2\/types\/post"}],"author":[{"embeddable":true,"href":"https:\/\/www.acapulcopress.com\/index.php\/wp-json\/wp\/v2\/users\/2"}],"replies":[{"embeddable":true,"href":"https:\/\/www.acapulcopress.com\/index.php\/wp-json\/wp\/v2\/comments?post=1257468"}],"version-history":[{"count":0,"href":"https:\/\/www.acapulcopress.com\/index.php\/wp-json\/wp\/v2\/posts\/1257468\/revisions"}],"wp:featuredmedia":[{"embeddable":true,"href":"https:\/\/www.acapulcopress.com\/index.php\/wp-json\/"}],"wp:attachment":[{"href":"https:\/\/www.acapulcopress.com\/index.php\/wp-json\/wp\/v2\/media?parent=1257468"}],"wp:term":[{"taxonomy":"category","embeddable":true,"href":"https:\/\/www.acapulcopress.com\/index.php\/wp-json\/wp\/v2\/categories?post=1257468"},{"taxonomy":"post_tag","embeddable":true,"href":"https:\/\/www.acapulcopress.com\/index.php\/wp-json\/wp\/v2\/tags?post=1257468"}],"curies":[{"name":"wp","href":"https:\/\/api.w.org\/{rel}","templated":true}]}}