{"id":1257482,"date":"2023-10-03T19:19:48","date_gmt":"2023-10-04T01:19:48","guid":{"rendered":"https:\/\/www.acapulcopress.com\/?p=1257482"},"modified":"2023-10-03T19:19:48","modified_gmt":"2023-10-04T01:19:48","slug":"ayotzinapa-angel-aguirre-y-garcia-harfuch-exonerados-por-amlo-y-la-dea","status":"publish","type":"post","link":"https:\/\/www.acapulcopress.com\/index.php\/2023\/10\/03\/ayotzinapa-angel-aguirre-y-garcia-harfuch-exonerados-por-amlo-y-la-dea\/","title":{"rendered":"Ayotzinapa | \u00c1ngel Aguirre y Garc\u00eda Harfuch, exonerados por AMLO y la DEA"},"content":{"rendered":"<p style=\"text-align: justify;\">Marem\u00e1gnum<br \/>\n\u00bb <strong>RICARDO<\/strong> | <strong>CASTILLO BARRIENTOS<\/strong><br \/>\n<em>] Facebook ) <a href=\"https:\/\/www.facebook.com\/ricardocastill01\" target=\"_blank\" rel=\"noopener\">Ricardo Castillo Barrientos<\/a><\/em><\/p>\n<p style=\"text-align: justify;\">El Caso de los 43 estudiantes desaparecidos de la Normal de Ayotzinapa ha despertado muchas interrogantes e hip\u00f3tesis sobre el desarrollo de la fat\u00eddica noche y madrugada del 26 y 27 de septiembre de 2014, en calles y avenidas del Perif\u00e9rico de la ciudad de Iguala.<\/p>\n<p style=\"text-align: justify;\">En el esclarecimiento de los hechos han confluido los expertos argentinos, el Grupo Interdisciplinario de Expertos Independientes (GIEi), la Comisi\u00f3n para la Verdad y Acceso a la Justicia del Caso Ayotzinapa (COVAC) y la Unidad Especial de Investigaci\u00f3n del Caso Ayotzinapa (UEILCA), de la Fiscal\u00eda General de la Rep\u00fablica (FGR), antes (PGR). Nunca se hab\u00eda conocido en Am\u00e9rica Latina y el mundo, que se hayan constituidos sendos organismos especiales para cr\u00edmenes de lesa humanidad; ni los criminales de la segunda guerra mundial que fueron juzgados en los tribunales de Nuremberg.<\/p>\n<p style=\"text-align: justify;\">En el caso que nos ocupa ha surgido bastante informaci\u00f3n sobre origen y trayectoria de los sucesos. En el gobierno del presidente L\u00f3pez Obrador se dieron avances de trascendencia con nuevos elementos, que no hab\u00edan sido aportados en investigaciones en el r\u00e9gimen anterior, sobre el paradero de los estudiantes.<\/p>\n<p style=\"text-align: justify;\">Lo relevante del Segundo Informe de la Comisi\u00f3n de la Verdad y Acceso a la Justicia del Caso Ayotzinapa, a cargo del Alejandro Encinas, subsecretario de Gobernaci\u00f3n, revel\u00f3 que la famosa \u201cVerdad Hist\u00f3rica\u201d, se fragu\u00f3 en la Residencia Oficial de \u201cLos Pinos\u201d, y no en las instalaciones del 27 Batall\u00f3n de Infanter\u00eda de la ciudad de Iguala.<\/p>\n<p style=\"text-align: justify;\">El 27 de enero de 2015, el entonces procurador de la PGR; Jes\u00fas Murillo Karam, hoy presidiario y extitular de la PGR, dio a conocer la \u201cVerdad Hist\u00f3rica\u201d, que se sustentaba en la incineraci\u00f3n de los cuerpos de los normalistas, sin mostrar evidencias fehacientes, que acredite que as\u00ed haya sucedido, salvo algunos restos \u00f3seos localizados en el r\u00edo San Juan, municipio de Cocula.<\/p>\n<p style=\"text-align: justify;\">En el reciente informe del subsecretario Alejandro Encinas y en entrevistas period\u00edsticas, dej\u00f3 en claro que en \u201cLos Pinos\u201d, se construy\u00f3 la \u201cVerdad Hist\u00f3rica\u201d, lugar donde estuvieron presentes, el expresidente Enrique Pe\u00f1a Nieto, Miguel Osorio Chong, secretario de Gobernaci\u00f3n, Salvador Cienfuegos, titular de la SEDENA, Vidal Francisco Sober\u00f3n Sa\u00e9nz, secretario de la Marina, el ex procurador Jes\u00fas Murillo Karam, Aurelio Nu\u00f1o, ex jefe de la Oficina de la Presidencia, Eugenio Imaz Gisper, ex director del CISEN y el pr\u00f3fugo, Tom\u00e1s Zer\u00f3n de Lucio, ex director de la Agencia de Investigaci\u00f3n Criminal (AIC), de la PGR.<\/p>\n<p>El subsecretario Encinas, en entrevistas period\u00edsticas aclar\u00f3 que en las reuniones del 7 y 8 de octubre en el Batall\u00f3n 27 de la zona militar de Iguala, solo se trataron asuntos relativos a la localizaci\u00f3n de los j\u00f3venes desaparecidos y de los responsables de los hechos.<\/p>\n<p style=\"text-align: justify;\">El subprocurador Encinas, se refiri\u00f3 a la asistencia del ex gobernador \u00c1ngel Aguirre Rivero y Omar Garc\u00eda Harfuch y otros funcionarios de los gobiernos federal y estatal, participantes en estas reuniones que abordaron temas de actividades operativas de informaci\u00f3n y b\u00fasqueda.<\/p>\n<p style=\"text-align: justify;\">El presidente L\u00f3pez Obrador, en unas de sus recientes conferencias ma\u00f1aneras, argument\u00f3 que por esas reuniones no se podr\u00eda juzgar ni al ex gobernador Aguirre Rivero, ni a Garc\u00eda Harfuch, porque sus actividades eran competentes a sus responsabilidades.<\/p>\n<p style=\"text-align: justify;\">Con la posici\u00f3n del presidente L\u00f3pez Obrador, exonera de toda responsabilidad al ex gobernador \u00c1ngel Aguirre y a Garc\u00eda Harfuch. La DEA, en ninguno de los mensajes intervenidos por ese organismo norteamericano, los involucra como responsables de los sucesos.<\/p>\n<p style=\"text-align: justify;\"><strong>Marea Baja.-<\/strong> Dentro del marco del \u201cD\u00eda del Alzheimer\u201d, el IGATIPAM, llev\u00f3 a cabo la conferencia \u201cEllos Olvidan, Nosotros No, la Mejor Medicina, es el Amor\u201d, teniendo una brillante participaci\u00f3n la especialista Psiquiatr\u00eda de Cuba, Adriana Urra Dorta, apoyada por la Psic\u00f3loga Guadalupe Ponce Ozuna y Reyna Alday Castro, quien dio su testimonio de cuidar a un familiar con Alzheimer.<\/p>\n<p style=\"text-align: justify;\">Cuidar a nuestros adultos mayores es una responsabilidad que nos ata\u00f1e como sociedad, y es un acto de amor que trasciende todas las barreras. Debemos ser solidarios, emp\u00e1ticos, y conscientes de la importancia de cuidar y amar a nuestros adultos mayores y nunca dejarlos en el olvido como sucede en algunas ocasiones con las personas que nunca deber\u00edamos dejar de amar.<\/p>\n<p><strong>Marea Alta.-<\/strong> Ya lo dijo el senador F\u00e9lix Salgado Macedonio que su sucesor en el senado ser\u00e1 del delegado de Programas Federales, Iv\u00e1n Hern\u00e1ndez, delegado de los Programas Federales, de la corriente del extinto C\u00e9sar N\u00fa\u00f1ez Ramos, que comparten el control de Morena en Guerrero, quienes tienen el control mayoritario del Consejo Estatal de Morena, junto con los \u201cNu\u00f1istas\u201d.<\/p>\n<p style=\"text-align: justify;\">Iv\u00e1n Hern\u00e1ndez y Jacinto Gonz\u00e1lez, presidente de este instituto pol\u00edtico, representan la segunda fuerza, de la organizaci\u00f3n pol\u00edtica m\u00e1s decisiva e importante, claro despu\u00e9s del senador de Las Querendas.<\/p>\n<p style=\"text-align: justify;\"><strong>Maremoto.-<\/strong> Profundamente decepcionado, para no hablar de \u201ctraiciones pol\u00edticas\u201d, se encuentra el ex gobernador H\u00e9ctor Astudillo Flores, quien fue v\u00edctima de desaires superlativos por parte de Javier Salda\u00f1a Almaz\u00e1n, que a su parecer no fue digno de un saludo, ni de menci\u00f3n de su nombre, al rendir protesta como rector en tres veces al hilo, al frente del tim\u00f3n universitario.<\/p>\n<p style=\"text-align: justify;\">El error garrafal del ex gobernador fue modificar la Ley Org\u00e1nica en 2016, para beneficiar la reelecci\u00f3n indefinida y ello dio pie, a generar un cacicazgo en la UAGro, que permiti\u00f3 a Javier Salda\u00f1a se entronizara en la rector\u00eda universitaria.<\/p>\n<p>No solo ese es el objetivo del ambicioso y malagradecido tri-rector; sino ser candidato en las elecciones del 2027 para gobernador del estado. Y va recio en ese prop\u00f3sito, por eso se le peg\u00f3 como lapa a la presidenciable Claudia Sheinbaum.<\/p>\n<p>As\u00ed como ha traicionado a ex gobernadores y personajes pol\u00edticos, lo mismo suceder\u00e1 con la gobernadora Evelyn Salgado y con el Senador F\u00e9lix Salgado. Al tiempo.<\/p>\n<p style=\"text-align: justify;\"><em>] S\u00edguenos en Facebook.com\/<a href=\"https:\/\/www.facebook.com\/acapulcopress\" target=\"_blank\" rel=\"noopener\">acapulcopress<\/a><\/em><br \/>\n<em>] S\u00edguenos en Facebook.com\/<a href=\"https:\/\/www.facebook.com\/angelblanco.press\" target=\"_blank\" rel=\"noopener\">angelblanco.press<\/a><\/em><\/p>\n","protected":false},"excerpt":{"rendered":"<p>Marem\u00e1gnum \u00bb RICARDO | CASTILLO BARRIENTOS ] Facebook ) Ricardo Castillo Barrientos El Caso de los 43 estudiantes desaparecidos de la Normal de Ayotzinapa ha despertado muchas interrogantes e hip\u00f3tesis sobre el desarrollo de la fat\u00eddica noche y madrugada del 26 y 27 de septiembre de 2014, en calles y avenidas del Perif\u00e9rico de la&#8230;<\/p>\n","protected":false},"author":2,"featured_media":1257483,"comment_status":"closed","ping_status":"closed","sticky":false,"template":"","format":"standard","meta":{"footnotes":""},"categories":[1972,2071,1991],"tags":[3924,12503,13940,15575],"class_list":["post-1257482","post","type-post","status-publish","format-standard","has-post-thumbnail","hentry","category-special","category-opinion-analisis-columnas","category-libertad-de-expresion","tag-angel-aguirre","tag-maremagnum","tag-omar-garcia-harfuch","tag-ricardo-castillo-barrientos"],"_links":{"self":[{"href":"https:\/\/www.acapulcopress.com\/index.php\/wp-json\/wp\/v2\/posts\/1257482","targetHints":{"allow":["GET"]}}],"collection":[{"href":"https:\/\/www.acapulcopress.com\/index.php\/wp-json\/wp\/v2\/posts"}],"about":[{"href":"https:\/\/www.acapulcopress.com\/index.php\/wp-json\/wp\/v2\/types\/post"}],"author":[{"embeddable":true,"href":"https:\/\/www.acapulcopress.com\/index.php\/wp-json\/wp\/v2\/users\/2"}],"replies":[{"embeddable":true,"href":"https:\/\/www.acapulcopress.com\/index.php\/wp-json\/wp\/v2\/comments?post=1257482"}],"version-history":[{"count":0,"href":"https:\/\/www.acapulcopress.com\/index.php\/wp-json\/wp\/v2\/posts\/1257482\/revisions"}],"wp:featuredmedia":[{"embeddable":true,"href":"https:\/\/www.acapulcopress.com\/index.php\/wp-json\/"}],"wp:attachment":[{"href":"https:\/\/www.acapulcopress.com\/index.php\/wp-json\/wp\/v2\/media?parent=1257482"}],"wp:term":[{"taxonomy":"category","embeddable":true,"href":"https:\/\/www.acapulcopress.com\/index.php\/wp-json\/wp\/v2\/categories?post=1257482"},{"taxonomy":"post_tag","embeddable":true,"href":"https:\/\/www.acapulcopress.com\/index.php\/wp-json\/wp\/v2\/tags?post=1257482"}],"curies":[{"name":"wp","href":"https:\/\/api.w.org\/{rel}","templated":true}]}}