{"id":1257497,"date":"2023-10-04T21:20:55","date_gmt":"2023-10-05T03:20:55","guid":{"rendered":"https:\/\/www.acapulcopress.com\/?p=1257497"},"modified":"2023-10-04T21:20:55","modified_gmt":"2023-10-05T03:20:55","slug":"exalta-claudia-sheinbaum-trabajo-de-evelyn-salgado-por-guerrero-y-la-cuarta-transformacion","status":"publish","type":"post","link":"https:\/\/www.acapulcopress.com\/index.php\/2023\/10\/04\/exalta-claudia-sheinbaum-trabajo-de-evelyn-salgado-por-guerrero-y-la-cuarta-transformacion\/","title":{"rendered":"Exalta Claudia Sheinbaum trabajo de Evelyn Salgado por Guerrero y la Cuarta Transformaci\u00f3n"},"content":{"rendered":"<p style=\"text-align: justify;\">CHILPANCINGO * Octubre 4, 2023.<br \/>\n<em>) Especial<\/em><br \/>\nAl visitar la entidad en su face de coordinadora nacional de la Defensa de la Cuarta Transformaci\u00f3n en la era de la sucesi\u00f3n presidencial de M\u00e9xico, <a href=\"https:\/\/www.facebook.com\/ClaudiaSheinbaumPardo\" target=\"_blank\" rel=\"noopener\">Claudia Sheinbaum Pardo<\/a> destac\u00f3 que Guerrero tiene en <a href=\"https:\/\/www.facebook.com\/EvelynSalgadoP\" target=\"_blank\" rel=\"noopener\">Evelyn Salgado Pineda<\/a> a una mujer brillante como Gobernadora, que est\u00e1 haciendo grandes obras para su pueblo, caminando mano a mano con su gente.<\/p>\n<p style=\"text-align: justify;\">De cara al proceso electoral del 2024, la aspirante presidencial de Morena subray\u00f3 que \u00abno hay marcha atr\u00e1s en la Cuarta Transformaci\u00f3n de la vida p\u00fablica de M\u00e9xico\u00bb, por eso se comprometi\u00f3 a no fallarle al pueblo y a poner en alto los principios que dieron vida la etapa transformadora del pa\u00eds que implement\u00f3 el presidente Andr\u00e9s Manuel L\u00f3pez Obrador a partir del 2018.<\/p>\n<p style=\"text-align: justify;\">Al hablar de Guerrero y de la Gobernadora Evelyn Salgado, Sheinbaum Pardo destac\u00f3 que<br \/>\n\u00abGuerrero ha sido un lugar hist\u00f3rico en las transformaciones de M\u00e9xico, desde los Sentimientos de la Naci\u00f3n hasta la actual cuarta transformaci\u00f3n\u00bb.<\/p>\n<p style=\"text-align: justify;\">As\u00ed mismo, record\u00f3 que el presidente L\u00f3pez Obrador ha priorizado la inversi\u00f3n federal en caminos rurales y el programa Sembrando Vida en Guerrero.<\/p>\n<p style=\"text-align: justify;\">Mejor a\u00fan, dej\u00f3 muy en claro que Evelyn Salgado, como gobernadora, ha demostrado ser una l\u00edder brillante que trabaja en beneficio de su pueblo y es cercana a la comunidad, adem\u00e1s de representar un cambio democr\u00e1tico en el estado, desafiando viejas pr\u00e1cticas de compra de votos y enga\u00f1os.<\/p>\n<p style=\"text-align: justify;\">Finalmente, Claudia Sheinbaum reafirm\u00f3 su compromiso con la honestidad, la no corrupci\u00f3n y la lealtad al pueblo de Guerrero y M\u00e9xico.<\/p>\n<p style=\"text-align: justify;\"><em>] S\u00edguenos en Facebook.com\/<a href=\"https:\/\/www.facebook.com\/acapulcopress\" target=\"_blank\" rel=\"noopener\">acapulcopress<\/a><\/em><br \/>\n<em>] S\u00edguenos en Facebook.com\/<a href=\"https:\/\/www.facebook.com\/angelblanco.press\" target=\"_blank\" rel=\"noopener\">angelblanco.press<\/a><\/em><\/p>\n","protected":false},"excerpt":{"rendered":"<p>CHILPANCINGO * Octubre 4, 2023. ) Especial Al visitar la entidad en su face de coordinadora nacional de la Defensa de la Cuarta Transformaci\u00f3n en la era de la sucesi\u00f3n presidencial de M\u00e9xico, Claudia Sheinbaum Pardo destac\u00f3 que Guerrero tiene en Evelyn Salgado Pineda a una mujer brillante como Gobernadora, que est\u00e1 haciendo grandes obras&#8230;<\/p>\n","protected":false},"author":2,"featured_media":1257498,"comment_status":"closed","ping_status":"closed","sticky":false,"template":"","format":"standard","meta":{"footnotes":""},"categories":[2024,1972,18561],"tags":[],"class_list":["post-1257497","post","type-post","status-publish","format-standard","has-post-thumbnail","hentry","category-politica-activism","category-special","category-society-politics"],"_links":{"self":[{"href":"https:\/\/www.acapulcopress.com\/index.php\/wp-json\/wp\/v2\/posts\/1257497","targetHints":{"allow":["GET"]}}],"collection":[{"href":"https:\/\/www.acapulcopress.com\/index.php\/wp-json\/wp\/v2\/posts"}],"about":[{"href":"https:\/\/www.acapulcopress.com\/index.php\/wp-json\/wp\/v2\/types\/post"}],"author":[{"embeddable":true,"href":"https:\/\/www.acapulcopress.com\/index.php\/wp-json\/wp\/v2\/users\/2"}],"replies":[{"embeddable":true,"href":"https:\/\/www.acapulcopress.com\/index.php\/wp-json\/wp\/v2\/comments?post=1257497"}],"version-history":[{"count":0,"href":"https:\/\/www.acapulcopress.com\/index.php\/wp-json\/wp\/v2\/posts\/1257497\/revisions"}],"wp:featuredmedia":[{"embeddable":true,"href":"https:\/\/www.acapulcopress.com\/index.php\/wp-json\/"}],"wp:attachment":[{"href":"https:\/\/www.acapulcopress.com\/index.php\/wp-json\/wp\/v2\/media?parent=1257497"}],"wp:term":[{"taxonomy":"category","embeddable":true,"href":"https:\/\/www.acapulcopress.com\/index.php\/wp-json\/wp\/v2\/categories?post=1257497"},{"taxonomy":"post_tag","embeddable":true,"href":"https:\/\/www.acapulcopress.com\/index.php\/wp-json\/wp\/v2\/tags?post=1257497"}],"curies":[{"name":"wp","href":"https:\/\/api.w.org\/{rel}","templated":true}]}}