{"id":1257512,"date":"2023-10-04T22:31:45","date_gmt":"2023-10-05T04:31:45","guid":{"rendered":"https:\/\/www.acapulcopress.com\/?p=1257512"},"modified":"2023-10-04T22:31:45","modified_gmt":"2023-10-05T04:31:45","slug":"capacitara-el-unicef-a-maestros-de-guerrero","status":"publish","type":"post","link":"https:\/\/www.acapulcopress.com\/index.php\/2023\/10\/04\/capacitara-el-unicef-a-maestros-de-guerrero\/","title":{"rendered":"Capacitar\u00e1 el Unicef a maestros de Guerrero"},"content":{"rendered":"<p style=\"text-align: justify;\">CHILPANCINGO * Octubre 4, 2023.<br \/>\n<em>) Gobierno de Guerrero<\/em><br \/>\nPara reforzar la pol\u00edtica de erradicaci\u00f3n de la violencia de g\u00e9nero el titular de la <a href=\"https:\/\/www.facebook.com\/EducacionGuerrero\" target=\"_blank\" rel=\"noopener\">Secretar\u00eda de Educaci\u00f3n Guerrero<\/a> (SEG), <a href=\"https:\/\/www.facebook.com\/MarcialRodriguezS\" target=\"_blank\" rel=\"noopener\">Marcial Rodr\u00edguez Salda\u00f1a<\/a>, firm\u00f3 un acuerdo institucional con el Fondo de las Naciones Unidas para la Infancia (<a href=\"https:\/\/www.facebook.com\/unicef\" target=\"_blank\" rel=\"noopener\">Unicef<\/a>), a trav\u00e9s de su oficial <img loading=\"lazy\" decoding=\"async\" class=\"alignleft size-medium wp-image-1257514\" src=\"https:\/\/www.acapulcopress.com\/wp-content\/uploads\/2023\/10\/ONU-SEG-375x211.jpg\" alt=\"\" width=\"375\" height=\"211\" \/>nacional de Educaci\u00f3n en M\u00e9xico, Hanna Monsiv\u00e1is Lehne, para echar andar una plataforma digital a trav\u00e9s de la cual maestros de Educaci\u00f3n B\u00e1sica y Media Superior de los 9 municipios con alerta de g\u00e9nero recibir\u00e1n un curso de capacitaci\u00f3n en l\u00ednea del programa Escuelas en Acci\u00f3n para la Igualdad (Escai).<\/p>\n<p style=\"text-align: justify;\">Dicho curso consta de 40 horas de formaci\u00f3n durante un periodo de 3 meses y aborda temas de cultura de paz, prevenci\u00f3n de violencia, g\u00e9nero, salud sexual y reproductiva, especial y seguridad digital.<\/p>\n<p style=\"text-align: justify;\">La plataforma estar\u00e1 abierta para la formaci\u00f3n de mil 396 docentes de primaria, 619 de secundaria, 227 de bachillerato general y 52 profesional t\u00e9cnico.<\/p>\n<p style=\"text-align: justify;\">Este curso ya se aplic\u00f3 en Guerrero de forma presencial antes de la pandemia por el Covid19, pero ahora, mediante la plataforma digital se tiene el objetivo de impactar a una poblaci\u00f3n mayor de docentes.<\/p>\n<p style=\"text-align: justify;\">Esta iniciativa naci\u00f3 para atender el Plan Estatal de Desarrollo del Gobierno del Estado, el cual marca en el Eje 1, transversal B, fortalecer las acciones institucionales para la prevenci\u00f3n, atenci\u00f3n, sanci\u00f3n y erradicaci\u00f3n de la violencia contra las mujeres, ni\u00f1as y adolescentes.<\/p>\n<p style=\"text-align: justify;\">En este caso, dicha formaci\u00f3n impactar\u00e1 a la poblaci\u00f3n estudiantil de las 3 mil 241 escuelas de educaci\u00f3n b\u00e1sica y 329 de educaci\u00f3n media superior que se ubican en los 9 municipios con alerta de g\u00e9nero: Acapulco, Ayutla de los Libres, Chilapa, Chilpancingo, Coyuca de Catal\u00e1n, Iguala, Ometepec, Tlapa y Zihuatanejo.<\/p>\n<p style=\"text-align: justify;\">Hanna Monsiv\u00e1is indic\u00f3 que el 85% de los maestros que tom\u00f3 la capacitaci\u00f3n Escai antes de la pandemia demuestran mayor conocimiento en temas vinculados con la prevenci\u00f3n y el afrontamiento de la violencia contra las mujeres, adolescentes y ni\u00f1as.<\/p>\n<p style=\"text-align: justify;\"><em>] S\u00edguenos en Facebook.com\/<a href=\"https:\/\/www.facebook.com\/acapulcopress\" target=\"_blank\" rel=\"noopener\">acapulcopress<\/a><\/em><br \/>\n<em>] S\u00edguenos en Facebook.com\/<a href=\"https:\/\/www.facebook.com\/angelblanco.press\" target=\"_blank\" rel=\"noopener\">angelblanco.press<\/a><\/em><\/p>\n","protected":false},"excerpt":{"rendered":"<p>CHILPANCINGO * Octubre 4, 2023. ) Gobierno de Guerrero Para reforzar la pol\u00edtica de erradicaci\u00f3n de la violencia de g\u00e9nero el titular de la Secretar\u00eda de Educaci\u00f3n Guerrero (SEG), Marcial Rodr\u00edguez Salda\u00f1a, firm\u00f3 un acuerdo institucional con el Fondo de las Naciones Unidas para la Infancia (Unicef), a trav\u00e9s de su oficial nacional de Educaci\u00f3n&#8230;<\/p>\n","protected":false},"author":2,"featured_media":1257513,"comment_status":"closed","ping_status":"closed","sticky":false,"template":"","format":"standard","meta":{"footnotes":""},"categories":[1997],"tags":[8770,12457,16169],"class_list":["post-1257512","post","type-post","status-publish","format-standard","has-post-thumbnail","hentry","category-noticias-destacadas","tag-fondo-de-las-naciones-unidas-para-la-infancia-unicef","tag-marcial-rodriguez-saldana","tag-secretaria-de-educacion-guerrero-seg"],"_links":{"self":[{"href":"https:\/\/www.acapulcopress.com\/index.php\/wp-json\/wp\/v2\/posts\/1257512","targetHints":{"allow":["GET"]}}],"collection":[{"href":"https:\/\/www.acapulcopress.com\/index.php\/wp-json\/wp\/v2\/posts"}],"about":[{"href":"https:\/\/www.acapulcopress.com\/index.php\/wp-json\/wp\/v2\/types\/post"}],"author":[{"embeddable":true,"href":"https:\/\/www.acapulcopress.com\/index.php\/wp-json\/wp\/v2\/users\/2"}],"replies":[{"embeddable":true,"href":"https:\/\/www.acapulcopress.com\/index.php\/wp-json\/wp\/v2\/comments?post=1257512"}],"version-history":[{"count":0,"href":"https:\/\/www.acapulcopress.com\/index.php\/wp-json\/wp\/v2\/posts\/1257512\/revisions"}],"wp:featuredmedia":[{"embeddable":true,"href":"https:\/\/www.acapulcopress.com\/index.php\/wp-json\/"}],"wp:attachment":[{"href":"https:\/\/www.acapulcopress.com\/index.php\/wp-json\/wp\/v2\/media?parent=1257512"}],"wp:term":[{"taxonomy":"category","embeddable":true,"href":"https:\/\/www.acapulcopress.com\/index.php\/wp-json\/wp\/v2\/categories?post=1257512"},{"taxonomy":"post_tag","embeddable":true,"href":"https:\/\/www.acapulcopress.com\/index.php\/wp-json\/wp\/v2\/tags?post=1257512"}],"curies":[{"name":"wp","href":"https:\/\/api.w.org\/{rel}","templated":true}]}}