{"id":1257529,"date":"2023-10-05T18:28:20","date_gmt":"2023-10-06T00:28:20","guid":{"rendered":"https:\/\/www.acapulcopress.com\/?p=1257529"},"modified":"2023-10-05T18:28:20","modified_gmt":"2023-10-06T00:28:20","slug":"diputados-plantean-reforma-a-ley-de-fiscalizacion-para-garantizar-entrega-correcta-de-cuentas-publicas","status":"publish","type":"post","link":"https:\/\/www.acapulcopress.com\/index.php\/2023\/10\/05\/diputados-plantean-reforma-a-ley-de-fiscalizacion-para-garantizar-entrega-correcta-de-cuentas-publicas\/","title":{"rendered":"Diputados plantean reforma a Ley de Fiscalizaci\u00f3n para garantizar entrega correcta de cuentas p\u00fablicas"},"content":{"rendered":"<p style=\"text-align: justify;\">CHILPANCINGO * Octubre 5, 2023.<br \/>\n<em>) Congreso de Guerrero<\/em><br \/>\nEl diputado<a href=\"https:\/\/www.facebook.com\/JaGo2024Va\" target=\"_blank\" rel=\"noopener\"> Jacinto Gonz\u00e1lez Varona<\/a> propuso reformar la Ley de Fiscalizaci\u00f3n Superior y Rendici\u00f3n de Cuentas del Estado de Guerrero para fortalecer el trabajo de la<a href=\"https:\/\/www.facebook.com\/OFSguerrero\" target=\"_blank\" rel=\"noopener\"> Auditor\u00eda Superior del Estado (ASE),<\/a> a trav\u00e9s de una sucesi\u00f3n m\u00e1s clara y precisa de su titular en casos de ausencia temporal o definitiva, que asegure la adecuada y oportuna entrega de las cuentas p\u00fablicas, e implementando sanciones contra los funcionarios que se nieguen a colaborar en la rendici\u00f3n de cuentas.<\/p>\n<p style=\"text-align: justify;\">El legislador refiri\u00f3 que con estas modificaciones se pretende fortalecer la fiscalizaci\u00f3n de los recursos p\u00fablicos y garantizar la transparencia en la gesti\u00f3n gubernamental, para lo cual es necesario brindar mayor claridad y certeza en los procesos de sucesi\u00f3n del titular de la ASE, evitando posibles sesgos interpretativos y garantizando la legalidad en los trabajos y acciones realizadas durante este per\u00edodo.<\/p>\n<p style=\"text-align: justify;\">Asimismo, plantea establecer medidas m\u00e1s estrictas en la entrega de las cuentas p\u00fablicas por parte de los funcionarios salientes, imponiendo sanciones graves para quienes se nieguen a colaborar en la entrega de informes y comprobaciones requeridos para la adecuada rendici\u00f3n de cuentas.<\/p>\n<p style=\"text-align: justify;\">Esta iniciativa se turn\u00f3 a la Comisi\u00f3n de Vigilancia y Evaluaci\u00f3n de la Auditor\u00eda Superior del Estado, para su an\u00e1lisis y emisi\u00f3n del dictamen correspondiente.<\/p>\n<p style=\"text-align: justify;\">Iniciativa<\/p>\n<p style=\"text-align: justify;\">A la Junta de Coordinaci\u00f3n Pol\u00edtica se turn\u00f3 una iniciativa de decreto por el que se declara el d\u00eda 20 de mayo de cada a\u00f1o como \u201cD\u00eda Estatal de la Psic\u00f3loga y el Psic\u00f3logo\u201d, propuesta por el diputado Ricardo Astudillo Calvo<\/p>\n<p style=\"text-align: justify;\"><em>] S\u00edguenos en Facebook.com\/<a href=\"https:\/\/www.facebook.com\/acapulcopress\" target=\"_blank\" rel=\"noopener\">acapulcopress<\/a><\/em><br \/>\n<em>] S\u00edguenos en Facebook.com\/<a href=\"https:\/\/www.facebook.com\/angelblanco.press\" target=\"_blank\" rel=\"noopener\">angelblanco.press<\/a><\/em><br \/>\n<em>] S\u00edguenos en ) acapulcopress.com<\/em><\/p>\n","protected":false},"excerpt":{"rendered":"<p>CHILPANCINGO * Octubre 5, 2023. ) Congreso de Guerrero El diputado Jacinto Gonz\u00e1lez Varona propuso reformar la Ley de Fiscalizaci\u00f3n Superior y Rendici\u00f3n de Cuentas del Estado de Guerrero para fortalecer el trabajo de la Auditor\u00eda Superior del Estado (ASE), a trav\u00e9s de una sucesi\u00f3n m\u00e1s clara y precisa de su titular en casos de&#8230;<\/p>\n","protected":false},"author":2,"featured_media":1257531,"comment_status":"closed","ping_status":"closed","sticky":false,"template":"","format":"standard","meta":{"footnotes":""},"categories":[61,18561],"tags":[4399,6370,10533],"class_list":["post-1257529","post","type-post","status-publish","format-standard","has-post-thumbnail","hentry","category-legislacion","category-society-politics","tag-auditoria-superior-del-estado-ase","tag-congreso-de-guerrero","tag-jacinto-gonzalez-varona"],"_links":{"self":[{"href":"https:\/\/www.acapulcopress.com\/index.php\/wp-json\/wp\/v2\/posts\/1257529","targetHints":{"allow":["GET"]}}],"collection":[{"href":"https:\/\/www.acapulcopress.com\/index.php\/wp-json\/wp\/v2\/posts"}],"about":[{"href":"https:\/\/www.acapulcopress.com\/index.php\/wp-json\/wp\/v2\/types\/post"}],"author":[{"embeddable":true,"href":"https:\/\/www.acapulcopress.com\/index.php\/wp-json\/wp\/v2\/users\/2"}],"replies":[{"embeddable":true,"href":"https:\/\/www.acapulcopress.com\/index.php\/wp-json\/wp\/v2\/comments?post=1257529"}],"version-history":[{"count":0,"href":"https:\/\/www.acapulcopress.com\/index.php\/wp-json\/wp\/v2\/posts\/1257529\/revisions"}],"wp:featuredmedia":[{"embeddable":true,"href":"https:\/\/www.acapulcopress.com\/index.php\/wp-json\/"}],"wp:attachment":[{"href":"https:\/\/www.acapulcopress.com\/index.php\/wp-json\/wp\/v2\/media?parent=1257529"}],"wp:term":[{"taxonomy":"category","embeddable":true,"href":"https:\/\/www.acapulcopress.com\/index.php\/wp-json\/wp\/v2\/categories?post=1257529"},{"taxonomy":"post_tag","embeddable":true,"href":"https:\/\/www.acapulcopress.com\/index.php\/wp-json\/wp\/v2\/tags?post=1257529"}],"curies":[{"name":"wp","href":"https:\/\/api.w.org\/{rel}","templated":true}]}}