{"id":1257543,"date":"2023-10-05T21:54:01","date_gmt":"2023-10-06T03:54:01","guid":{"rendered":"https:\/\/www.acapulcopress.com\/?p=1257543"},"modified":"2023-10-05T21:54:01","modified_gmt":"2023-10-06T03:54:01","slug":"nueva-ley-permitira-reconocimientos-validos-a-escuelas-que-garanticen-la-inclusion","status":"publish","type":"post","link":"https:\/\/www.acapulcopress.com\/index.php\/2023\/10\/05\/nueva-ley-permitira-reconocimientos-validos-a-escuelas-que-garanticen-la-inclusion\/","title":{"rendered":"Nueva ley permitir\u00e1 reconocimientos v\u00e1lidos a escuelas que garanticen la inclusi\u00f3n"},"content":{"rendered":"<p style=\"text-align: justify;\">CHILPANCINGO * Octubre 5, 2023.<br \/>\n)<em> Congreso de Guerrero<\/em><br \/>\nEl Pleno del Congreso del Estado aprob\u00f3 reformas a la Ley de Educaci\u00f3n del Estado para otorgar el reconocimiento de validez oficial a las instituciones educativas que garanticen condiciones de inclusi\u00f3n, removiendo todas las barreras del aprendizaje y facilitando la participaci\u00f3n de las y los estudiantes con alg\u00fan tipo de discapacidad.<\/p>\n<p style=\"text-align: justify;\">El dictamen emitido por la Comisi\u00f3n de Educaci\u00f3n, Ciencia y Tecnolog\u00eda, derivado de una iniciativa propuesta por la diputada <a href=\"https:\/\/www.facebook.com\/profile.php?id=100081015547155\" target=\"_blank\" rel=\"noopener\">Ana Lenis Res\u00e9ndiz Javier<\/a>, hace referencia a que la Constituci\u00f3n Pol\u00edtica de los Estados Unidos Mexicanos establece que los planteles educativos constituyen un espacio fundamental para el proceso de ense\u00f1anza-aprendizaje, por lo cual se deber\u00e1 garantizar que los materiales did\u00e1cticos, la infraestructura educativa, su mantenimiento y las condiciones del entorno sean id\u00f3neos y contribuyan a los fines educativos.<\/p>\n<p style=\"text-align: justify;\">Menciona, asimismo, que la Ley General del Educaci\u00f3n estipula que le corresponde al Estado la rector\u00eda de la educaci\u00f3n, y la que este imparte, adem\u00e1s de ser obligatoria e inclusiva, debe eliminar toda forma de discriminaci\u00f3n y exclusi\u00f3n, as\u00ed como las condiciones estructurales que se convierten en barreras del aprendizaje y la participaci\u00f3n.<\/p>\n<p style=\"text-align: justify;\">En ese sentido, se considera importante que las instituciones educativas tanto p\u00fablicas como privadas se sumen a las acciones para garantizar el derecho a la educaci\u00f3n de las<\/p>\n<p style=\"text-align: justify;\">personas con discapacidad, para lo cual deben contar con instalaciones que les permitan acceder con facilidad, se\u00f1al\u00e9ticas que les puedan orientar, y dem\u00e1s ajustes razonables que abonen a la garant\u00eda de uno de sus derechos constitucionales.<\/p>\n<p style=\"text-align: justify;\"><strong>Acuerdo<\/strong><\/p>\n<p style=\"text-align: justify;\">El Congreso del Estado exhort\u00f3 a la Comisi\u00f3n de Vigilancia de la Auditor\u00eda Superior de la Federaci\u00f3n de la C\u00e1mara de Diputados federal, para que por su conducto se exhorte a la Auditor\u00eda Superior de la Federaci\u00f3n a que, a la brevedad posible, se reactive el mecanismo para la firma de convenios de colaboraci\u00f3n entre los entes fiscalizadores de los estados y de la Ciudad de M\u00e9xico.<\/p>\n<p style=\"text-align: justify;\">Al dar lectura al documento, el diputado Jacinto Gonz\u00e1lez Varona, a nombre de la Comisi\u00f3n de Vigilancia y Evaluaci\u00f3n de la ASE, plante\u00f3 la necesidad de este llamado para armonizar criterios de colaboraci\u00f3n y funciones que fortalezcan la fiscalizaci\u00f3n y transparencia de los recursos p\u00fablicos otorgados de las participaciones federales en los estados.<\/p>\n<p style=\"text-align: justify;\"><em>] S\u00edguenos en Facebook.com\/<a href=\"https:\/\/www.facebook.com\/acapulcopress\" target=\"_blank\" rel=\"noopener\">acapulcopress<\/a><\/em><br \/>\n<em>] S\u00edguenos en Facebook.com\/<a href=\"https:\/\/www.facebook.com\/angelblanco.press\" target=\"_blank\" rel=\"noopener\">angelblanco.press<\/a><\/em><\/p>\n","protected":false},"excerpt":{"rendered":"<p>CHILPANCINGO * Octubre 5, 2023. ) Congreso de Guerrero El Pleno del Congreso del Estado aprob\u00f3 reformas a la Ley de Educaci\u00f3n del Estado para otorgar el reconocimiento de validez oficial a las instituciones educativas que garanticen condiciones de inclusi\u00f3n, removiendo todas las barreras del aprendizaje y facilitando la participaci\u00f3n de las y los estudiantes&#8230;<\/p>\n","protected":false},"author":2,"featured_media":1257544,"comment_status":"closed","ping_status":"closed","sticky":false,"template":"","format":"standard","meta":{"footnotes":""},"categories":[61,18561],"tags":[3849,6370],"class_list":["post-1257543","post","type-post","status-publish","format-standard","has-post-thumbnail","hentry","category-legislacion","category-society-politics","tag-ana-lenis-resendiz-javier","tag-congreso-de-guerrero"],"_links":{"self":[{"href":"https:\/\/www.acapulcopress.com\/index.php\/wp-json\/wp\/v2\/posts\/1257543","targetHints":{"allow":["GET"]}}],"collection":[{"href":"https:\/\/www.acapulcopress.com\/index.php\/wp-json\/wp\/v2\/posts"}],"about":[{"href":"https:\/\/www.acapulcopress.com\/index.php\/wp-json\/wp\/v2\/types\/post"}],"author":[{"embeddable":true,"href":"https:\/\/www.acapulcopress.com\/index.php\/wp-json\/wp\/v2\/users\/2"}],"replies":[{"embeddable":true,"href":"https:\/\/www.acapulcopress.com\/index.php\/wp-json\/wp\/v2\/comments?post=1257543"}],"version-history":[{"count":0,"href":"https:\/\/www.acapulcopress.com\/index.php\/wp-json\/wp\/v2\/posts\/1257543\/revisions"}],"wp:featuredmedia":[{"embeddable":true,"href":"https:\/\/www.acapulcopress.com\/index.php\/wp-json\/"}],"wp:attachment":[{"href":"https:\/\/www.acapulcopress.com\/index.php\/wp-json\/wp\/v2\/media?parent=1257543"}],"wp:term":[{"taxonomy":"category","embeddable":true,"href":"https:\/\/www.acapulcopress.com\/index.php\/wp-json\/wp\/v2\/categories?post=1257543"},{"taxonomy":"post_tag","embeddable":true,"href":"https:\/\/www.acapulcopress.com\/index.php\/wp-json\/wp\/v2\/tags?post=1257543"}],"curies":[{"name":"wp","href":"https:\/\/api.w.org\/{rel}","templated":true}]}}