{"id":1257546,"date":"2023-10-05T22:04:51","date_gmt":"2023-10-06T04:04:51","guid":{"rendered":"https:\/\/www.acapulcopress.com\/?p=1257546"},"modified":"2023-10-05T22:04:51","modified_gmt":"2023-10-06T04:04:51","slug":"el-hogardelsol-sera-sede-de-la-convencion-internacional-de-mineria-2023","status":"publish","type":"post","link":"https:\/\/www.acapulcopress.com\/index.php\/2023\/10\/05\/el-hogardelsol-sera-sede-de-la-convencion-internacional-de-mineria-2023\/","title":{"rendered":"El #HogardelSol ser\u00e1 sede de la Convenci\u00f3n Internacional de Miner\u00eda 2023"},"content":{"rendered":"<p style=\"text-align: justify;\">CHILPANCINGO * Octubre 5, 2023.<br \/>\n<em>) Gobierno de Guerrero<\/em><br \/>\nLa gobernadora <a href=\"https:\/\/www.facebook.com\/EvelynSalgadoP\" target=\"_blank\" rel=\"noopener\">Evelyn Salgado Pineda<\/a> se reuni\u00f3 con integrantes de la Asociaci\u00f3n de Ingenieros de Minas, Metalurgistas y Ge\u00f3logos de M\u00e9xico, para afinar detalles de la 35 edici\u00f3n de la Convenci\u00f3n Internacional de Miner\u00eda a celebrarse en el puerto de Acapulco del <img loading=\"lazy\" decoding=\"async\" class=\"alignleft size-medium wp-image-1257548\" src=\"https:\/\/www.acapulcopress.com\/wp-content\/uploads\/2023\/10\/GOBERNADORA-MINERIA2-375x250.jpg\" alt=\"\" width=\"375\" height=\"250\" \/>23 al 27 de octubre.<\/p>\n<p style=\"text-align: justify;\">Este evento sit\u00faa al Hogar del Sol como destino favorito del segmento tur\u00edstico de congresos y convenciones, gracias a la confianza que se tiene en el gobierno del estado y por las facilidades que otorga para atraer al turismo lo que representa una importante derrama econ\u00f3mica para el sector.<\/p>\n<p style=\"text-align: justify;\">La gobernadora sostuvo una reuni\u00f3n con Luis Humberto V\u00e1zquez, presidente de la Asociaci\u00f3n de Ingenieros de Minas, Metalurgistas y Ge\u00f3logos de M\u00e9xico; Ricardo Moreno Trousselle, presidente del Comit\u00e9 Organizador; Concepci\u00f3n Cortes Mireles, presidenta del Comit\u00e9 de Damas de la Asociaci\u00f3n de Ingenieros de Minas, Metalurgistas y Ge\u00f3logos de M\u00e9xico y \u00c1ngel Guerra L\u00f3pez, asesor de la Convenci\u00f3n en Materia de Seguridad.<\/p>\n<p style=\"text-align: justify;\">En coordinaci\u00f3n con los sectores productivos, la mandataria estatal, puntualiz\u00f3 que Guerrero sigue brillando como la sede de los mejores eventos y convenciones a nivel nacional como\u00a0Internacional.<\/p>\n<p style=\"text-align: justify;\"><em>] S\u00edguenos en Facebook.com\/<a href=\"https:\/\/www.facebook.com\/acapulcopress\" target=\"_blank\" rel=\"noopener\">acapulcopress<\/a><\/em><br \/>\n<em>] S\u00edguenos en Facebook.com\/<a href=\"https:\/\/www.facebook.com\/angelblanco.press\" target=\"_blank\" rel=\"noopener\">angelblanco.press<\/a><\/em><\/p>\n","protected":false},"excerpt":{"rendered":"<p>CHILPANCINGO * Octubre 5, 2023. ) Gobierno de Guerrero La gobernadora Evelyn Salgado Pineda se reuni\u00f3 con integrantes de la Asociaci\u00f3n de Ingenieros de Minas, Metalurgistas y Ge\u00f3logos de M\u00e9xico, para afinar detalles de la 35 edici\u00f3n de la Convenci\u00f3n Internacional de Miner\u00eda a celebrarse en el puerto de Acapulco del 23 al 27 de&#8230;<\/p>\n","protected":false},"author":2,"featured_media":1257547,"comment_status":"closed","ping_status":"closed","sticky":false,"template":"","format":"standard","meta":{"footnotes":""},"categories":[1972,1983,18561],"tags":[2737,6547,8251],"class_list":["post-1257546","post","type-post","status-publish","format-standard","has-post-thumbnail","hentry","category-special","category-guerrerogob","category-society-politics","tag-hogardelsol","tag-convencion-internacional-de-mineria-2023","tag-evelyn-salgado-pineda"],"_links":{"self":[{"href":"https:\/\/www.acapulcopress.com\/index.php\/wp-json\/wp\/v2\/posts\/1257546","targetHints":{"allow":["GET"]}}],"collection":[{"href":"https:\/\/www.acapulcopress.com\/index.php\/wp-json\/wp\/v2\/posts"}],"about":[{"href":"https:\/\/www.acapulcopress.com\/index.php\/wp-json\/wp\/v2\/types\/post"}],"author":[{"embeddable":true,"href":"https:\/\/www.acapulcopress.com\/index.php\/wp-json\/wp\/v2\/users\/2"}],"replies":[{"embeddable":true,"href":"https:\/\/www.acapulcopress.com\/index.php\/wp-json\/wp\/v2\/comments?post=1257546"}],"version-history":[{"count":0,"href":"https:\/\/www.acapulcopress.com\/index.php\/wp-json\/wp\/v2\/posts\/1257546\/revisions"}],"wp:featuredmedia":[{"embeddable":true,"href":"https:\/\/www.acapulcopress.com\/index.php\/wp-json\/"}],"wp:attachment":[{"href":"https:\/\/www.acapulcopress.com\/index.php\/wp-json\/wp\/v2\/media?parent=1257546"}],"wp:term":[{"taxonomy":"category","embeddable":true,"href":"https:\/\/www.acapulcopress.com\/index.php\/wp-json\/wp\/v2\/categories?post=1257546"},{"taxonomy":"post_tag","embeddable":true,"href":"https:\/\/www.acapulcopress.com\/index.php\/wp-json\/wp\/v2\/tags?post=1257546"}],"curies":[{"name":"wp","href":"https:\/\/api.w.org\/{rel}","templated":true}]}}