{"id":1257597,"date":"2023-10-11T17:09:48","date_gmt":"2023-10-11T23:09:48","guid":{"rendered":"https:\/\/www.acapulcopress.com\/?p=1257597"},"modified":"2023-10-11T17:09:48","modified_gmt":"2023-10-11T23:09:48","slug":"80-viviendas-inundadas-y-diversas-afectaciones-dejan-max-y-lidia-en-acapulco","status":"publish","type":"post","link":"https:\/\/www.acapulcopress.com\/index.php\/2023\/10\/11\/80-viviendas-inundadas-y-diversas-afectaciones-dejan-max-y-lidia-en-acapulco\/","title":{"rendered":"80 viviendas inundadas y diversas afectaciones dejan &#8216;Max&#8217; y &#8216;Lidia&#8217; en Acapulco"},"content":{"rendered":"<p style=\"text-align: justify;\">ACAPULCO * Octubre 11, 2023.<br \/>\n<em>) <a href=\"https:\/\/www.facebook.com\/acapulcopress\/\" target=\"_blank\" rel=\"noopener\">Aps<\/a><\/em><br \/>\nTras las afectaciones ocasionadas por las tormentas &#8216;Max&#8217; y &#8216;Lidia, el <a href=\"https:\/\/www.facebook.com\/AcapulcoGob\" target=\"_blank\" rel=\"noopener\">Gobierno de Acapulco<\/a> <img loading=\"lazy\" decoding=\"async\" class=\"alignleft size-medium wp-image-1257602\" src=\"https:\/\/www.acapulcopress.com\/wp-content\/uploads\/2023\/10\/gobierno-acapulco25-375x250.jpg\" alt=\"\" width=\"375\" height=\"250\" \/>inform\u00f3 en conferencia de prensa que \u00abno se registraron p\u00e9rdidas humanas\u00bb, sin embargo, s\u00ed se reportaron \u00ab80 viviendas inundadas, 12 bardas colapsadas, 40 carros varados, tres socavones, postes y \u00e1rboles ca\u00eddos, desbordamiento de tierra, piedra y arrastre\u00bb, adem\u00e1s de algunas obstrucciones en alcantarillas y la red hidrosanitaria, cuyos siniestros que fueron atendidos por personal de Maquinaria Pesada, Servicios P\u00fablicos Municipales, Protecci\u00f3n Civil y Bomberos, Alumbrado P\u00fablico, CAPAMA, y otras dependencias municipales.<\/p>\n<p style=\"text-align: justify;\">Protecci\u00f3n Civil reiter\u00f3 su llamado a familias que habitan en zonas de alto riesgo para mantenerse alertas y exhort\u00f3 a los acapulque\u00f1os a no arrojar desechos en canales, r\u00edos y arroyos para evitar inundaciones en la ciudad, pues \u00abel Gobierno solo no puede, se requiere <img loading=\"lazy\" decoding=\"async\" class=\"alignleft size-medium wp-image-1257601\" src=\"https:\/\/www.acapulcopress.com\/wp-content\/uploads\/2023\/10\/gobierno-acapulco4-375x250.jpg\" alt=\"\" width=\"375\" height=\"250\" \/>seguir en la cultura de no tirar basura a los canales, a las barrancas, a las calles, porque eso hace que se convierta en un tap\u00f3n y el agua tiene que salir por donde sea; tenemos que seguir trabajando en esta conciencia, no arrojar basura en los canales\u00bb, subray\u00f3 la alcaldesa <a href=\"https:\/\/www.facebook.com\/AbelinaLopezR\" target=\"_blank\" rel=\"noopener\">Abelina L\u00f3pez Rodr\u00edguez<\/a>, quien por los pron\u00f3sticos del tiempo que auguran m\u00e1s lluvias, pidi\u00f3 a la ciudadan\u00eda a no salir a la calle, si no hay necesidad de hacerlo.<\/p>\n<p style=\"text-align: justify;\">El coordinador de <a href=\"https:\/\/www.facebook.com\/proteccioncivilacapulco\" target=\"_blank\" rel=\"noopener\">Protecci\u00f3n Civil<\/a>, Efr\u00e9n Vald\u00e9s Ram\u00edrez, inform\u00f3 que se registraron afectaciones en colonias de la periferia como El Pedregoso, San Isidro y Pie de la Cuesta; as\u00ed mismo, la coordinadora de los <a href=\"https:\/\/www.facebook.com\/profile.php?id=100076017793538\" target=\"_blank\" rel=\"noopener\">Servicios P\u00fablicos Municipales<\/a>, Otilia Hinojosa Loza, detall\u00f3 que se atendi\u00f3 el desbordamiento del Canal del Perro y del Muerto; de igual <img loading=\"lazy\" decoding=\"async\" class=\"alignleft size-medium wp-image-1257598\" src=\"https:\/\/www.acapulcopress.com\/wp-content\/uploads\/2023\/10\/gobierno-acapulco-375x250.jpg\" alt=\"\" width=\"375\" height=\"250\" \/>manera, se revis\u00f3 la zona para analizar los niveles de afectaci\u00f3n y se trabaj\u00f3 en la limpieza, liberaci\u00f3n de calles y andadores aleda\u00f1os de manera manual y mec\u00e1nica.<\/p>\n<p style=\"text-align: justify;\">El departamento de Maquinaria Pesada inform\u00f3 que se atendieron reportes de las colonias Navidad de Llano Largo, Monte Blanco, Hornos Insurgentes, La Sabana, avenida Cuauht\u00e9moc, Chinameca, Pie de la Cuesta, Mozimba, Nueva Era, Jard\u00edn Palmas, Mar\u00eda de la O, Reforma Agraria, entre otras m\u00e1s, \u00abpor desbordamiento de tierra, demolici\u00f3n de rocas y deslaves\u00bb.<\/p>\n<p style=\"text-align: justify;\">A su vez, el Centro de Atenci\u00f3n y Protecci\u00f3n al Turista Acapulco (CAPTA), inform\u00f3 que se ha mantenido contacto con los prestadores de servicios y se reportan ligeros da\u00f1os en restaurantes de Pie de la Cuesta.<\/p>\n<p style=\"text-align: justify;\"><img loading=\"lazy\" decoding=\"async\" class=\"alignleft size-medium wp-image-1257600\" style=\"text-align: justify;\" src=\"https:\/\/www.acapulcopress.com\/wp-content\/uploads\/2023\/10\/gobierno-acapulco3-375x250.jpg\" alt=\"\" width=\"375\" height=\"250\" \/><\/p>\n<p style=\"text-align: justify;\">El director de la Comisi\u00f3n de Agua Potable y Alcantarillado del Municipio de Acapulco (CAPAMA),<a href=\"https:\/\/www.facebook.com\/profile.php?id=100091995002311\" target=\"_blank\" rel=\"noopener\"> Hugo Lozano Hern\u00e1ndez<\/a>, report\u00f3 turbiedad en el r\u00edo Pagayo y afectaciones en el suministro a causa de las lluvias.<\/p>\n<p style=\"text-align: justify;\">Finalmente, se invit\u00f3 a la ciudadan\u00eda reportar cualquier anomal\u00eda a la l\u00ednea 911 y 072, as\u00ed como a los n\u00fameros de Protecci\u00f3n Civil (744) 440 70 31 y (744) 485 6170.<\/p>\n<p style=\"text-align: justify;\"><img loading=\"lazy\" decoding=\"async\" class=\"alignnone wp-image-1257599 size-large\" src=\"https:\/\/www.acapulcopress.com\/wp-content\/uploads\/2023\/10\/gobierno-acapulco2-840x560.jpg\" alt=\"\" width=\"696\" height=\"464\" \/><\/p>\n<p style=\"text-align: justify;\"><em><strong>NOTA: La presente publicaci\u00f3n se realiza apegada al estricto compromiso de los medios de comunicaci\u00f3n de mantener informada a la sociedad sobre temas de importancia e inter\u00e9s social de car\u00e1cter general, sin que ello implique alg\u00fan compromiso publicitario de por medio.\u00a0<\/strong><\/em><\/p>\n<p style=\"text-align: justify;\">] S\u00edguenos en Facebook.com\/<a href=\"https:\/\/www.facebook.com\/acapulcopress\" target=\"_blank\" rel=\"noopener\">acapulcopress<\/a><br \/>\n] S\u00edguenos en Facebook.com\/<a href=\"https:\/\/www.facebook.com\/angelblanco.press\" target=\"_blank\" rel=\"noopener\">angelblanco.press<\/a><\/p>\n","protected":false},"excerpt":{"rendered":"<p>ACAPULCO * Octubre 11, 2023. ) Aps Tras las afectaciones ocasionadas por las tormentas &#8216;Max&#8217; y &#8216;Lidia, el Gobierno de Acapulco inform\u00f3 en conferencia de prensa que \u00abno se registraron p\u00e9rdidas humanas\u00bb, sin embargo, s\u00ed se reportaron \u00ab80 viviendas inundadas, 12 bardas colapsadas, 40 carros varados, tres socavones, postes y \u00e1rboles ca\u00eddos, desbordamiento de tierra,&#8230;<\/p>\n","protected":false},"author":2,"featured_media":1257601,"comment_status":"closed","ping_status":"closed","sticky":false,"template":"","format":"standard","meta":{"footnotes":""},"categories":[1981,18561],"tags":[3077,5112,7632,9279],"class_list":["post-1257597","post","type-post","status-publish","format-standard","has-post-thumbnail","hentry","category-acapulco","category-society-politics","tag-abelina-lopez-rodriguez","tag-capama","tag-efren-valdes-ramirez","tag-gobierno-de-acapulco"],"_links":{"self":[{"href":"https:\/\/www.acapulcopress.com\/index.php\/wp-json\/wp\/v2\/posts\/1257597","targetHints":{"allow":["GET"]}}],"collection":[{"href":"https:\/\/www.acapulcopress.com\/index.php\/wp-json\/wp\/v2\/posts"}],"about":[{"href":"https:\/\/www.acapulcopress.com\/index.php\/wp-json\/wp\/v2\/types\/post"}],"author":[{"embeddable":true,"href":"https:\/\/www.acapulcopress.com\/index.php\/wp-json\/wp\/v2\/users\/2"}],"replies":[{"embeddable":true,"href":"https:\/\/www.acapulcopress.com\/index.php\/wp-json\/wp\/v2\/comments?post=1257597"}],"version-history":[{"count":0,"href":"https:\/\/www.acapulcopress.com\/index.php\/wp-json\/wp\/v2\/posts\/1257597\/revisions"}],"wp:featuredmedia":[{"embeddable":true,"href":"https:\/\/www.acapulcopress.com\/index.php\/wp-json\/"}],"wp:attachment":[{"href":"https:\/\/www.acapulcopress.com\/index.php\/wp-json\/wp\/v2\/media?parent=1257597"}],"wp:term":[{"taxonomy":"category","embeddable":true,"href":"https:\/\/www.acapulcopress.com\/index.php\/wp-json\/wp\/v2\/categories?post=1257597"},{"taxonomy":"post_tag","embeddable":true,"href":"https:\/\/www.acapulcopress.com\/index.php\/wp-json\/wp\/v2\/tags?post=1257597"}],"curies":[{"name":"wp","href":"https:\/\/api.w.org\/{rel}","templated":true}]}}