{"id":1257615,"date":"2023-10-11T18:49:45","date_gmt":"2023-10-12T00:49:45","guid":{"rendered":"https:\/\/www.acapulcopress.com\/?p=1257615"},"modified":"2023-10-11T18:49:45","modified_gmt":"2023-10-12T00:49:45","slug":"atras-para-adelante-la-estrategia-de-xochitl","status":"publish","type":"post","link":"https:\/\/www.acapulcopress.com\/index.php\/2023\/10\/11\/atras-para-adelante-la-estrategia-de-xochitl\/","title":{"rendered":"Atr\u00e1s para adelante | La estrategia de X\u00f3chitl"},"content":{"rendered":"<p style=\"text-align: justify;\">La Carabina 24-30 | La Sucesi\u00f3n del Poder<br \/>\n\u00bb <strong>RICARDO<\/strong> | <strong>CASTILLO BARRIENTOS<\/strong><br \/>\n<em>] Facebook ) <a href=\"https:\/\/www.facebook.com\/ricardocastill01\" target=\"_blank\" rel=\"noopener\">Ricardo Castillo Barrientos<\/a><\/em><\/p>\n<p style=\"text-align: justify;\">Mientras la presidenciable <a href=\"https:\/\/www.facebook.com\/ClaudiaSheinbaumPardo\" target=\"_blank\" rel=\"noopener\">Claudia Sheinbaum<\/a> anda hiperactiva, la Coordinadora del Frente Amplio por M\u00e9xico, <a href=\"https:\/\/www.facebook.com\/Xochitl.Galvez.R\" target=\"_blank\" rel=\"noopener\">X\u00f3chitl G\u00e1lvez<\/a>, se encuentra en un impasse de planeaci\u00f3n pol\u00edtico-electoral, con un s\u00f3lido equipo de experimentados prianistas que ser\u00e1n los responsables de las estrategias que habr\u00e1 de sujetarse como camisa de fuerza la aspirante presidencial, que busca arroparse bajo el manto de la Sociedad Civil. Entre los santones pol\u00edticos destacan: Santiago Creel, Jos\u00e9 \u00c1ngel Gurr\u00eda \u201cEl \u00c1ngel de la Dependencia\u201d, Idelfonso Guajardo, y otros figurines de la oposici\u00f3n.<\/p>\n<p style=\"text-align: justify;\">La empresaria, pol\u00edtica e ingeniera, se ha mantenido en las \u00faltimas semanas de bajo perfil, argumentando que todav\u00eda no son tiempos de campa\u00f1as, ni pre-campa\u00f1as y se muestra sumamente optimista para cuando den inicio a partir de la tercera semana de noviembre. Hasta entonces echar\u00e1 toda la carne al asador, con el objetivo de remontar la amplia ventaja de la Coordinadora de los Comit\u00e9s de Defensa de la 4T, seg\u00fan indican las recientes encuestas que oscilan desde los 50 puntos de diferencia, hasta un m\u00ednimo de 10 puntos.<\/p>\n<p style=\"text-align: justify;\">La hidalguense se\u00f1ala categ\u00f3ricamente que la delantera de Sheinbaum se debe al uso indiscriminado de recursos de origen desconocido que el INE tendr\u00e1 que investigar.<\/p>\n<p style=\"text-align: justify;\">X\u00f3chitl G\u00e1lvez se siente segura y dispuesta a conquistar los corazones de millones de mexicanos, sin considerar el lastre que le significan la triada del PRI-PAN-PRD, que en los \u00faltimos a\u00f1os han venido a la baja, perdiendo militantes y simpatizantes, por carecer de estrategias pol\u00edticas como partidos opositores que los reposicione para volver al poder, y no quedarse en partidos contestatarios.<\/p>\n<p style=\"text-align: justify;\"><strong>LOS SUSPIRANTES AL SENADO DE LA REP\u00daBLICA<\/strong><\/p>\n<p style=\"text-align: justify;\">Ya comenzaron los primeros escarceos en torno a las codiciadas candidaturas a la C\u00e1mara Alta, en el Frente Amplio por M\u00e9xico, formado por el PRI-PAN-PRD a nivel nacional, solo faltar\u00eda confirmarse a nivel estatal, que parece lejano si no se ponen de acuerdo sobre quien encabezar\u00eda la formula electoral.<\/p>\n<p style=\"text-align: justify;\">La dirigencia del PRD reclama el cumplimiento del compromiso de encabezar la f\u00f3rmula, pues argumentan que este partido condicion\u00f3 el apoyo de Mario Moreno Arcos, candidato a gobernador en 2021, siempre y cuando el PRD encabezara la f\u00f3rmula al Senado de la Rep\u00fablica en el 2024. No hay plazo que no se cumpla.<\/p>\n<p style=\"text-align: justify;\">El dirigente estatal del tricolor, Alejandro Bravo Abarca, fue contundente al afirmar que no tiene conocimiento de tal compromiso. Corresponde a Mario Moreno, honrar y confirmar la veracidad de dicho acuerdo, lo cual le resultar\u00eda contraproducente porque en la actualidad encabeza las preferencias electorales para esa candidatura, pues perdiendo sale ganando como primera minor\u00eda y tendr\u00eda el pase autom\u00e1tico para alzarse con el esca\u00f1o.<\/p>\n<p style=\"text-align: justify;\">El PRD ya tiene a su gallo con Evodio Vel\u00e1zquez, que dif\u00edcilmente podr\u00e1 transitar electoralmente, por el desprestigio ganado a pulso durante su periodo como alcalde de Acapulco.<\/p>\n<p style=\"text-align: justify;\">ENCUESTITIS.- En la reciente encuesta de Mitofsky publicada en el diario \u201cEl Economista\u201d, sobre preferencias electorales, se dan los siguientes resultados: Claudia Sheinbaum, 56.5%; X\u00f3chitl G\u00e1lvez, 32%; Samuel Garc\u00eda11.5%.<\/p>\n<p>La empresa RUBRUM dio a conocer el 9 de octubre, las preferencias presidenciales hacia el 2024: X\u00f3chitl G\u00e1lvez, 31.9%; Claudia Sheinbaum, 49.5%; Samuel Garc\u00eda, 4.9%.<\/p>\n<p style=\"text-align: justify;\">La encuesta del peri\u00f3dico \u201cEl Financiero\u201d del 8 de octubre: Claudia, 46%; X\u00f3chitl, 37%; Marcelo Ebrard, 8%. Solo 9 puntos de diferencias entre ambas aspirantes presidenciales.<\/p>\n<p style=\"text-align: justify;\">Con base a estos resultados saque usted sus conclusiones sobre el rumbo de las preferencias electorales de 2024, para la Presidencia de la Rep\u00fablica.<\/p>\n<p style=\"text-align: justify;\"><em>] S\u00edguenos en Facebook.com\/<a href=\"https:\/\/www.facebook.com\/acapulcopress\" target=\"_blank\" rel=\"noopener\">acapulcopress<\/a><\/em><br \/>\n<em>] S\u00edguenos en Facebook.com\/<a href=\"https:\/\/www.facebook.com\/angelblanco.press\" target=\"_blank\" rel=\"noopener\">angelblanco.press<\/a><\/em><\/p>\n","protected":false},"excerpt":{"rendered":"<p>La Carabina 24-30 | La Sucesi\u00f3n del Poder \u00bb RICARDO | CASTILLO BARRIENTOS ] Facebook ) Ricardo Castillo Barrientos Mientras la presidenciable Claudia Sheinbaum anda hiperactiva, la Coordinadora del Frente Amplio por M\u00e9xico, X\u00f3chitl G\u00e1lvez, se encuentra en un impasse de planeaci\u00f3n pol\u00edtico-electoral, con un s\u00f3lido equipo de experimentados prianistas que ser\u00e1n los responsables de&#8230;<\/p>\n","protected":false},"author":2,"featured_media":1257616,"comment_status":"closed","ping_status":"closed","sticky":false,"template":"","format":"standard","meta":{"footnotes":""},"categories":[2071,1991],"tags":[5129,5853,8929,12503,15575],"class_list":["post-1257615","post","type-post","status-publish","format-standard","has-post-thumbnail","hentry","category-opinion-analisis-columnas","category-libertad-de-expresion","tag-carabina-24-30","tag-claudia-sheinbaum-pardo","tag-frente-amplio-por-mexico","tag-maremagnum","tag-ricardo-castillo-barrientos"],"_links":{"self":[{"href":"https:\/\/www.acapulcopress.com\/index.php\/wp-json\/wp\/v2\/posts\/1257615","targetHints":{"allow":["GET"]}}],"collection":[{"href":"https:\/\/www.acapulcopress.com\/index.php\/wp-json\/wp\/v2\/posts"}],"about":[{"href":"https:\/\/www.acapulcopress.com\/index.php\/wp-json\/wp\/v2\/types\/post"}],"author":[{"embeddable":true,"href":"https:\/\/www.acapulcopress.com\/index.php\/wp-json\/wp\/v2\/users\/2"}],"replies":[{"embeddable":true,"href":"https:\/\/www.acapulcopress.com\/index.php\/wp-json\/wp\/v2\/comments?post=1257615"}],"version-history":[{"count":0,"href":"https:\/\/www.acapulcopress.com\/index.php\/wp-json\/wp\/v2\/posts\/1257615\/revisions"}],"wp:featuredmedia":[{"embeddable":true,"href":"https:\/\/www.acapulcopress.com\/index.php\/wp-json\/"}],"wp:attachment":[{"href":"https:\/\/www.acapulcopress.com\/index.php\/wp-json\/wp\/v2\/media?parent=1257615"}],"wp:term":[{"taxonomy":"category","embeddable":true,"href":"https:\/\/www.acapulcopress.com\/index.php\/wp-json\/wp\/v2\/categories?post=1257615"},{"taxonomy":"post_tag","embeddable":true,"href":"https:\/\/www.acapulcopress.com\/index.php\/wp-json\/wp\/v2\/tags?post=1257615"}],"curies":[{"name":"wp","href":"https:\/\/api.w.org\/{rel}","templated":true}]}}