{"id":1257620,"date":"2023-10-11T19:33:28","date_gmt":"2023-10-12T01:33:28","guid":{"rendered":"https:\/\/www.acapulcopress.com\/?p=1257620"},"modified":"2023-10-11T19:33:28","modified_gmt":"2023-10-12T01:33:28","slug":"con-todo-y-sin-distinciones-apoya-jacko-badillo-a-afectados-por-las-lluvias","status":"publish","type":"post","link":"https:\/\/www.acapulcopress.com\/index.php\/2023\/10\/11\/con-todo-y-sin-distinciones-apoya-jacko-badillo-a-afectados-por-las-lluvias\/","title":{"rendered":"\u00a1Con todo y sin distinciones apoya Jacko Badillo a afectados por las lluvias!"},"content":{"rendered":"<p style=\"text-align: justify;\">ACAPULCO * Octubre 11, 2023.<br \/>\n<em>) Especial<br \/>\n<\/em>De manera personal y presencial, bajo las inclemencias del tiempo, el diputado local Joaqu\u00edn Badillo Escamilla se dio a la <img loading=\"lazy\" decoding=\"async\" class=\"alignleft size-medium wp-image-1257625\" src=\"https:\/\/www.acapulcopress.com\/wp-content\/uploads\/2023\/10\/BADILLO-375x250.jpg\" alt=\"\" width=\"375\" height=\"250\" \/>tarea de visitar e inspeccionar algunos puntos donde las lluvias torrenciales de los \u00faltimos d\u00edas causaron estragos, llevando consigo tambi\u00e9n apoyos diversos que fueron entregados a familias cuyas viviendas resultados seriamente afectadas.<\/p>\n<p style=\"text-align: justify;\">Al frente de una brigada integrada por su equipo de trabajo, &#8216;Jacko&#8217; Badillo entreg\u00f3 paquetes de l\u00e1minas galvanizadas y ayuda alimentaria a habitantes de su distrito y otras personas que solicitaron su apoyo humanitario.<\/p>\n<p style=\"text-align: justify;\">El\u00a0 legislador por Morena del Distrito 9 de Acapulco dijo que se mantendr\u00e1 atento al llamado de quienes soliciten ayuda, porque su compromiso es con todo los acapulque\u00f1os.<\/p>\n<p style=\"text-align: justify;\">Durante su recorrido, el tambi\u00e9n empresario acapulque\u00f1o aprovech\u00f3 para reconocer el <img loading=\"lazy\" decoding=\"async\" class=\"alignleft size-medium wp-image-1257621\" src=\"https:\/\/www.acapulcopress.com\/wp-content\/uploads\/2023\/10\/BADILLO-2-375x250.jpg\" alt=\"\" width=\"375\" height=\"250\" \/>esfuerzo decidido de la Gobernadora <a href=\"https:\/\/www.facebook.com\/EvelynSalgadoP\" target=\"_blank\" rel=\"noopener\">Evelyn Salgado Pineda, <\/a>frente a la contingencia de las tormentas que afectaron el Estado.<\/p>\n<p style=\"text-align: justify;\">As\u00ed mismo, hizo un llamado a todos los actores pol\u00edticos para que se solidaricen y se sumen a la tare de ayudar a quienes ahora necesitan de sus representantes populares, que deben estar presentes siempre y no solo en tiempos electorales, finaliz\u00f3.<\/p>\n<p style=\"text-align: justify;\"><img loading=\"lazy\" decoding=\"async\" class=\"alignnone wp-image-1257622 size-large\" src=\"https:\/\/www.acapulcopress.com\/wp-content\/uploads\/2023\/10\/BADILLO-3-840x630.jpg\" alt=\"\" width=\"696\" height=\"522\" \/><\/p>\n<p style=\"text-align: justify;\"><em>] S\u00edguenos en Facebook.com\/<a href=\"https:\/\/www.facebook.com\/acapulcopress\" target=\"_blank\" rel=\"noopener\">acapulcopress<\/a><\/em><br \/>\n<em>] S\u00edguenos en Facebook.com\/<a href=\"https:\/\/www.facebook.com\/angelblanco.press\" target=\"_blank\" rel=\"noopener\">angelblanco.press<\/a><\/em><\/p>\n","protected":false},"excerpt":{"rendered":"<p>ACAPULCO * Octubre 11, 2023. ) Especial De manera personal y presencial, bajo las inclemencias del tiempo, el diputado local Joaqu\u00edn Badillo Escamilla se dio a la tarea de visitar e inspeccionar algunos puntos donde las lluvias torrenciales de los \u00faltimos d\u00edas causaron estragos, llevando consigo tambi\u00e9n apoyos diversos que fueron entregados a familias cuyas&#8230;<\/p>\n","protected":false},"author":2,"featured_media":1257623,"comment_status":"closed","ping_status":"closed","sticky":false,"template":"","format":"standard","meta":{"footnotes":""},"categories":[61,18561],"tags":[8251,10804],"class_list":["post-1257620","post","type-post","status-publish","format-standard","has-post-thumbnail","hentry","category-legislacion","category-society-politics","tag-evelyn-salgado-pineda","tag-joaquin-badillo-escamilla"],"_links":{"self":[{"href":"https:\/\/www.acapulcopress.com\/index.php\/wp-json\/wp\/v2\/posts\/1257620","targetHints":{"allow":["GET"]}}],"collection":[{"href":"https:\/\/www.acapulcopress.com\/index.php\/wp-json\/wp\/v2\/posts"}],"about":[{"href":"https:\/\/www.acapulcopress.com\/index.php\/wp-json\/wp\/v2\/types\/post"}],"author":[{"embeddable":true,"href":"https:\/\/www.acapulcopress.com\/index.php\/wp-json\/wp\/v2\/users\/2"}],"replies":[{"embeddable":true,"href":"https:\/\/www.acapulcopress.com\/index.php\/wp-json\/wp\/v2\/comments?post=1257620"}],"version-history":[{"count":0,"href":"https:\/\/www.acapulcopress.com\/index.php\/wp-json\/wp\/v2\/posts\/1257620\/revisions"}],"wp:featuredmedia":[{"embeddable":true,"href":"https:\/\/www.acapulcopress.com\/index.php\/wp-json\/"}],"wp:attachment":[{"href":"https:\/\/www.acapulcopress.com\/index.php\/wp-json\/wp\/v2\/media?parent=1257620"}],"wp:term":[{"taxonomy":"category","embeddable":true,"href":"https:\/\/www.acapulcopress.com\/index.php\/wp-json\/wp\/v2\/categories?post=1257620"},{"taxonomy":"post_tag","embeddable":true,"href":"https:\/\/www.acapulcopress.com\/index.php\/wp-json\/wp\/v2\/tags?post=1257620"}],"curies":[{"name":"wp","href":"https:\/\/api.w.org\/{rel}","templated":true}]}}