{"id":1257632,"date":"2023-10-11T20:49:32","date_gmt":"2023-10-12T02:49:32","guid":{"rendered":"https:\/\/www.acapulcopress.com\/?p=1257632"},"modified":"2023-10-11T20:49:32","modified_gmt":"2023-10-12T02:49:32","slug":"violentadores-de-mujeres-podran-reelegirse-tepjf","status":"publish","type":"post","link":"https:\/\/www.acapulcopress.com\/index.php\/2023\/10\/11\/violentadores-de-mujeres-podran-reelegirse-tepjf\/","title":{"rendered":"Violentadores de mujeres podr\u00e1n reelegirse | TEPJF"},"content":{"rendered":"<p style=\"text-align: justify;\">CIUDAD DE M\u00c9XICO * Octubre 11, 2023.<br \/>\n<em>) <a href=\"https:\/\/www.proceso.com.mx\/nacional\/2023\/10\/11\/aprueba-tribunal-electoral-que-violentadores-de-mujeres-puedan-reelegirse-como-legisladores-316578.html\" target=\"_blank\" rel=\"noopener\">Apro<\/a><\/em><\/p>\n<p style=\"text-align: justify;\">Por mayor\u00eda de votos, la Sala Superior del Tribunal Electoral del Poder Judicial de la Federaci\u00f3n facilit\u00f3 que senadores y diputados puedan ser reelegidos, aunque est\u00e9n inscritos en el Registro Nacional de Personas Sancionadas en Materia de Violencia Pol\u00edtica contra las Mujeres en Raz\u00f3n de G\u00e9nero.<\/p>\n<p style=\"text-align: justify;\">En ausencia de los magistrados Indalfer Infante Gonz\u00e1lez y Janine Otalora, y con el voto en contra de la magistrada M\u00f3nica Aral\u00ed Soto Fregoso, los integrantes del tribunal resolvieron a favor el asunto promovido por el senador Jos\u00e9 Luis Pech V\u00e1rguez.<\/p>\n<p style=\"text-align: justify;\">El recurso de Pech V\u00e1rguez en ese sentido buscaba que los partidos pol\u00edticos no tomaran en cuenta si un legislador est\u00e1 en el listado para que \u00e9ste busque su reelecci\u00f3n al puesto, omitiendo el tercer p\u00e1rrafo del art\u00edculo 15 de los Lineamientos de elecci\u00f3n consecutiva para la elecci\u00f3n 2023-2024 emitidos por el INE el pasado 20 de septiembre.<\/p>\n<p style=\"text-align: justify;\">La magistrada Soto Fregoso argument\u00f3 que debe haber requisitos que revisen si las personas que buscan cargos de elecci\u00f3n popular, o la reelecci\u00f3n en \u00e9stos, son personas violentadoras o no.<\/p>\n<p style=\"text-align: justify;\">\u201cEntonces, me parece que, as\u00ed como se tienen que revisar requisitos constitucionales, requisitos \u00e9ticos, requisitos tambi\u00e9n de lo que es, digamos, los hechos o fama p\u00fablica en general de cualquier persona que un partido pol\u00edtico quiera postular, me parece que es bastante atinado que se revise si esta persona es violentadora o no\u201d, agreg\u00f3 la magistrada.<\/p>\n<p style=\"text-align: justify;\">La togada lament\u00f3 que s\u00f3lo ella haya votado en contra de esta propuesta y consider\u00f3 que el asunto le est\u00e1 sacando la vuelta a la violencia hacia la mujer.<\/p>\n<p style=\"text-align: justify;\">\u201cMe parece que no debemos evitar hablar de ello y, mucho menos tratar de sacarle la vuelta a algo que pueda ser, como lo es en este caso una revisi\u00f3n para valorar si las personas que van a competir tienen, o sea un punto de referir nada m\u00e1s, si tienen esta cualidad de no ser agresores de mujeres\u201d, indic\u00f3 M\u00f3nica Soto.<\/p>\n<p style=\"text-align: justify;\"><em>] S\u00edguenos en Facebook.com\/<a href=\"https:\/\/www.facebook.com\/acapulcopress\" target=\"_blank\" rel=\"noopener\">acapulcopress<\/a><\/em><br \/>\n<em>] S\u00edguenos en Facebook.com\/<a href=\"https:\/\/www.facebook.com\/angelblanco.press\" target=\"_blank\" rel=\"noopener\">angelblanco.press<\/a><\/em><\/p>\n","protected":false},"excerpt":{"rendered":"<p>CIUDAD DE M\u00c9XICO * Octubre 11, 2023. ) Apro Por mayor\u00eda de votos, la Sala Superior del Tribunal Electoral del Poder Judicial de la Federaci\u00f3n facilit\u00f3 que senadores y diputados puedan ser reelegidos, aunque est\u00e9n inscritos en el Registro Nacional de Personas Sancionadas en Materia de Violencia Pol\u00edtica contra las Mujeres en Raz\u00f3n de G\u00e9nero&#8230;.<\/p>\n","protected":false},"author":2,"featured_media":1257633,"comment_status":"closed","ping_status":"closed","sticky":false,"template":"","format":"standard","meta":{"footnotes":""},"categories":[1997],"tags":[11807,17389],"class_list":["post-1257632","post","type-post","status-publish","format-standard","has-post-thumbnail","hentry","category-noticias-destacadas","tag-ley-3-de-3-contra-la-violencia","tag-tribunal-electoral-del-poder-judicial"],"_links":{"self":[{"href":"https:\/\/www.acapulcopress.com\/index.php\/wp-json\/wp\/v2\/posts\/1257632","targetHints":{"allow":["GET"]}}],"collection":[{"href":"https:\/\/www.acapulcopress.com\/index.php\/wp-json\/wp\/v2\/posts"}],"about":[{"href":"https:\/\/www.acapulcopress.com\/index.php\/wp-json\/wp\/v2\/types\/post"}],"author":[{"embeddable":true,"href":"https:\/\/www.acapulcopress.com\/index.php\/wp-json\/wp\/v2\/users\/2"}],"replies":[{"embeddable":true,"href":"https:\/\/www.acapulcopress.com\/index.php\/wp-json\/wp\/v2\/comments?post=1257632"}],"version-history":[{"count":0,"href":"https:\/\/www.acapulcopress.com\/index.php\/wp-json\/wp\/v2\/posts\/1257632\/revisions"}],"wp:featuredmedia":[{"embeddable":true,"href":"https:\/\/www.acapulcopress.com\/index.php\/wp-json\/"}],"wp:attachment":[{"href":"https:\/\/www.acapulcopress.com\/index.php\/wp-json\/wp\/v2\/media?parent=1257632"}],"wp:term":[{"taxonomy":"category","embeddable":true,"href":"https:\/\/www.acapulcopress.com\/index.php\/wp-json\/wp\/v2\/categories?post=1257632"},{"taxonomy":"post_tag","embeddable":true,"href":"https:\/\/www.acapulcopress.com\/index.php\/wp-json\/wp\/v2\/tags?post=1257632"}],"curies":[{"name":"wp","href":"https:\/\/api.w.org\/{rel}","templated":true}]}}