{"id":1257635,"date":"2023-10-13T18:27:29","date_gmt":"2023-10-14T00:27:29","guid":{"rendered":"https:\/\/www.acapulcopress.com\/?p=1257635"},"modified":"2023-10-13T18:27:29","modified_gmt":"2023-10-14T00:27:29","slug":"perdimos-al-presidente","status":"publish","type":"post","link":"https:\/\/www.acapulcopress.com\/index.php\/2023\/10\/13\/perdimos-al-presidente\/","title":{"rendered":"Perdimos al Presidente"},"content":{"rendered":"<p style=\"text-align: justify;\">\u00bb<strong> RAYMUNDO<\/strong> |<strong> RIVA PALACIO<\/strong><br \/>\n<em>] Twitter ) @<a href=\"https:\/\/twitter.com\/rivapa\" target=\"_blank\" rel=\"noopener\">rivapa<\/a><\/em><\/p>\n<p style=\"text-align: justify;\">En defensa de s\u00ed mismo, el presidente <a href=\"https:\/\/www.facebook.com\/lopezobrador.org.mx\" target=\"_blank\" rel=\"noopener\">Andr\u00e9s Manuel L\u00f3pez Obrador<\/a> dispar\u00f3 ayer contra s\u00ed mismo. Ayer en la ma\u00f1anera, el \u00fanico espacio de gobierno verificable de su trabajo, siempre salpicado de folclor y amenazas, de ocurrencias e informaci\u00f3n, de propaganda y realidades alternas, realiz\u00f3 un control de da\u00f1os bizarro ante m\u00faltiples cr\u00edticas y observaciones que cuestionan su gesti\u00f3n pol\u00edtica. Uno fue por el reconocimiento que le hicieron en el Colegio Militar al ex secretario de la Defensa, el general Salvador Cienfuegos, y otro fue por la inminente liberaci\u00f3n de Mario Aburto, asesino confeso del ex candidato presidencial Luis Donaldo Colosio, defendido por abogados de la <em>cuatrot\u00e9<\/em>.<\/p>\n<p style=\"text-align: justify;\">El general Cienfuegos recibi\u00f3 un diploma de manos del Presidente y comandante en jefe de las Fuerzas Armadas, como ex director del Colegio Militar, que este mi\u00e9rcoles cumpli\u00f3 200 a\u00f1os de existencia. El evento protocolar desat\u00f3 numerosas cr\u00edticas, algunas muy severas que sintetiz\u00f3 el respetado Centro de Derechos Humanos Miguel Agust\u00edn Ju\u00e1rez, que lo responsabiliz\u00f3, como cabeza de la Defensa Nacional, de \u201catroces violaciones a los derechos humanos que contin\u00faan impunes\u201d, como en el Caso Ayotzinapa, y de \u201casuntos no resueltos en Estados Unidos\u201d.<\/p>\n<p style=\"text-align: justify;\">El Presidente, como suele hacerlo, divag\u00f3, se fue a la estrat\u00f3sfera y regres\u00f3.<\/p>\n<p style=\"text-align: justify;\">Enfoc\u00f3 su defensa en las acusaciones de la DEA en contra del general, a quien detuvieron en Los \u00c1ngeles en 2020 con pruebas inveros\u00edmiles, y retom\u00f3 su ret\u00f3rica de siempre, que las cr\u00edticas tienen como origen la manipulaci\u00f3n de los conservadores. Esto es irrelevante; siempre lo mismo, siempre hueco. Lo relevante fue cuando para atajar las imputaciones de que el Ej\u00e9rcito era responsable de la desaparici\u00f3n de los 43 normalistas de Ayotzinapa, el presidente atropell\u00f3, como tambi\u00e9n suele hacerlo, a la Comisi\u00f3n de la Verdad que \u00e9l cre\u00f3, y desminti\u00f3 su acusaci\u00f3n que el Ej\u00e9rcito obstru\u00eda y destru\u00eda documentos del per\u00edodo de la Guerra Sucia, y solt\u00f3 una frase inaudita:<\/p>\n<p style=\"text-align: justify;\">\u201cYo personalmente, en el caso de Ayotzinapa, como adem\u00e1s no tengo duda que hay injerencia de\u2026 grupos conservadores, yo personalmente estoy conduciendo ya la investigaci\u00f3n, yo la estoy dirigiendo y nos estamos reuniendo peri\u00f3dicamente todo el gabinete de seguridad para ir a fondo\u201d.<\/p>\n<p style=\"text-align: justify;\">En el bloque de \u201cgrupos conservadores\u201d, como lo ha dicho antes, incluye al ex fiscal para el Caso Ayotzinapa, Omar G\u00f3mez Trejo, a la Comisi\u00f3n Interamericana de Derechos Humanos, al Grupo Interdisciplinario de Expertos Independientes, a las organizaciones mexicanas defensoras de derechos humanos, los abogados de las v\u00edctimas, la prensa, la oposici\u00f3n y toda aquella persona o ente que haya dicho algo distinto a lo que piensa L\u00f3pez Obrador. La verborrea, en todo caso, es lo de menos. Lo de m\u00e1s es que inform\u00f3 en Palacio Nacional que estaba usurpando funciones.<\/p>\n<p style=\"text-align: justify;\">L\u00f3pez Obrador no puede conducir una investigaci\u00f3n, porque es una invasi\u00f3n de esferas y atribuciones. La responsabilidad de investigar le corresponde al Ministerio P\u00fablico, no al Presidente. El Ministerio P\u00fablico, en este caso federal, depende de la Fiscal\u00eda General de la Rep\u00fablica, que se ha cansado de repetir que es aut\u00f3noma. Al afirmar que \u00e9l dirige la investigaci\u00f3n de manera directa est\u00e1 violando la ley y pisoteando el estado de Derecho. Para efectos de argumentaci\u00f3n, si fuera exitoso en llegar a la verdad verdadera de la desaparici\u00f3n de los 43 normalistas de Ayotzinapa, sus conclusiones no podr\u00edan ser judicializadas porque carece de representatividad, y por tanto, ser\u00edan desechadas por un juez.<\/p>\n<p style=\"text-align: justify;\">Cuando queda tan clara la intromisi\u00f3n en asuntos que no le competen, como en tantos a lo largo de su sexenio, se puede entender que el colapso de los casos y los amparos en contra de sus pol\u00edticas, no tienen que ver con ese enfoque conspiracionista patol\u00f3gico que sostiene, sino con la incompetencia de su gesti\u00f3n. La declaraci\u00f3n sobre el Caso Ayotzinapa es la r\u00fabrica de su desaseo.<\/p>\n<p style=\"text-align: justify;\">Lo que dijo ayer forma parte de una serie de declaraciones extra\u00f1as que ha hecho en las \u00faltimas semanas, donde no parece entender los temas ni ver la dimensi\u00f3n de las galimat\u00edas pol\u00edticas y legales en las que incurre. Varias de ellas son contradictorias, que es lo que sucedi\u00f3 ayer sobre el Caso Colosio.<\/p>\n<p style=\"text-align: justify;\">Comenz\u00f3 aludiendo una columna en este espacio sobre lo que deber\u00eda ser la inminente liberaci\u00f3n de Mario Aburto -jur\u00eddicamente justificada, como se plante\u00f3 en un segundo texto aqu\u00ed-, donde se argument\u00f3 con informaci\u00f3n que ello formaba parte de una estrategia que eventualmente pudiera ser utilizado el asesino de Colosio para acusar al ex presidente Carlos Salinas de tortura y que fuera parte de su narrativa de campa\u00f1a el pr\u00f3ximo a\u00f1o. L\u00f3pez Obrador apoy\u00f3 su cr\u00edtica a quien esto escribe, diciendo que \u00e9l no era perverso, ni actuaba de esa manera.<\/p>\n<p style=\"text-align: justify;\">Pero momentos despu\u00e9s, dijo que cuando asesinaron a Colosio \u201cllegu\u00e9 a la conclusi\u00f3n de que fue un crimen de Estado, y en esos casos, si no hay voluntad, lleva mucho para esclarecerse\u201d. Un crimen de Estado es cuando lo cometen las autoridades de un Estado o por particulares que act\u00faan en complicidad con ellas, por lo que, agreg\u00f3, deber\u00edan de ampliarse las investigaciones porque \u201cese tipo de casos no prescriben\u201d. Vaya desorden en la cabeza del Presidente.<\/p>\n<p style=\"text-align: justify;\">Aburto recuperar\u00e1 su libertad porque fue juzgado indebidamente en un tribunal federal, pese a que Colosio no era funcionario en el momento del asesinato, que lo conden\u00f3 bajo el C\u00f3digo Penal Federal. Su defensa aleg\u00f3 que era un homicidio del fuero com\u00fan que debi\u00f3 juzgarse bajo el C\u00f3digo Penal de Baja California, cuya pena m\u00e1xima concluye el pr\u00f3ximo 24 de marzo. Ignorando lo que dice la ley, dijo que cuando se trata del asesinato de un candidato presidencial, no puede tratarse como un delito del fuero com\u00fan, dejando abierto el camino de la persecuci\u00f3n de Salinas.<\/p>\n<p style=\"text-align: justify;\">El sabor de boca que deja la ma\u00f1anera de ayer es que hemos perdido al Presidente, al ense\u00f1ar una br\u00fajula desorientada, asumiendo funciones y decisiones que no le competen, donde viola la ley pero, sobre todo, estableciendo una cadena de mando sobre ilegalidades que terminan en \u00e9l, lo que en un momento futuro, le podr\u00edan traer serios problemas de orden penal.<\/p>\n<p style=\"text-align: justify;\"><em>] S\u00edguenos en Facebook.com\/<a href=\"https:\/\/www.facebook.com\/acapulcopress\" target=\"_blank\" rel=\"noopener\">acapulcopress<\/a><\/em><br \/>\n<em>] S\u00edguenos en Facebook.com\/<a href=\"https:\/\/www.facebook.com\/angelblanco.press\" target=\"_blank\" rel=\"noopener\">angelblanco.press<\/a><\/em><br \/>\n<em>] S\u00edguenos en ) acapulcopress.com<\/em><\/p>\n","protected":false},"excerpt":{"rendered":"<p>\u00bb RAYMUNDO | RIVA PALACIO ] Twitter ) @rivapa En defensa de s\u00ed mismo, el presidente Andr\u00e9s Manuel L\u00f3pez Obrador dispar\u00f3 ayer contra s\u00ed mismo. Ayer en la ma\u00f1anera, el \u00fanico espacio de gobierno verificable de su trabajo, siempre salpicado de folclor y amenazas, de ocurrencias e informaci\u00f3n, de propaganda y realidades alternas, realiz\u00f3 un&#8230;<\/p>\n","protected":false},"author":2,"featured_media":1257636,"comment_status":"closed","ping_status":"closed","sticky":false,"template":"","format":"standard","meta":{"footnotes":""},"categories":[1972,2071,1991],"tags":[3896,5368,6160,7016,9449,13941,15323,15954],"class_list":["post-1257635","post","type-post","status-publish","format-standard","has-post-thumbnail","hentry","category-special","category-opinion-analisis-columnas","category-libertad-de-expresion","tag-andres-manuel-lopez-obrador","tag-caso-ayotzinapa","tag-comision-interamericana-de-derechos-humanos","tag-dea","tag-grupo-interdisciplinario-de-expertos-independientes","tag-omar-gomez-trejo","tag-raymundo-riva-palacio","tag-salvador-cienfuegos-zepeda"],"_links":{"self":[{"href":"https:\/\/www.acapulcopress.com\/index.php\/wp-json\/wp\/v2\/posts\/1257635","targetHints":{"allow":["GET"]}}],"collection":[{"href":"https:\/\/www.acapulcopress.com\/index.php\/wp-json\/wp\/v2\/posts"}],"about":[{"href":"https:\/\/www.acapulcopress.com\/index.php\/wp-json\/wp\/v2\/types\/post"}],"author":[{"embeddable":true,"href":"https:\/\/www.acapulcopress.com\/index.php\/wp-json\/wp\/v2\/users\/2"}],"replies":[{"embeddable":true,"href":"https:\/\/www.acapulcopress.com\/index.php\/wp-json\/wp\/v2\/comments?post=1257635"}],"version-history":[{"count":0,"href":"https:\/\/www.acapulcopress.com\/index.php\/wp-json\/wp\/v2\/posts\/1257635\/revisions"}],"wp:featuredmedia":[{"embeddable":true,"href":"https:\/\/www.acapulcopress.com\/index.php\/wp-json\/"}],"wp:attachment":[{"href":"https:\/\/www.acapulcopress.com\/index.php\/wp-json\/wp\/v2\/media?parent=1257635"}],"wp:term":[{"taxonomy":"category","embeddable":true,"href":"https:\/\/www.acapulcopress.com\/index.php\/wp-json\/wp\/v2\/categories?post=1257635"},{"taxonomy":"post_tag","embeddable":true,"href":"https:\/\/www.acapulcopress.com\/index.php\/wp-json\/wp\/v2\/tags?post=1257635"}],"curies":[{"name":"wp","href":"https:\/\/api.w.org\/{rel}","templated":true}]}}