{"id":1257646,"date":"2023-10-13T18:54:16","date_gmt":"2023-10-14T00:54:16","guid":{"rendered":"https:\/\/www.acapulcopress.com\/?p=1257646"},"modified":"2023-10-13T18:54:16","modified_gmt":"2023-10-14T00:54:16","slug":"gobierno-del-estado-continua-atendiendo-zonas-afectadas-por-tormenta-max","status":"publish","type":"post","link":"https:\/\/www.acapulcopress.com\/index.php\/2023\/10\/13\/gobierno-del-estado-continua-atendiendo-zonas-afectadas-por-tormenta-max\/","title":{"rendered":"Gobierno del Estado contin\u00faa atendiendo zonas afectadas por tormenta &#8216;Max&#8217;"},"content":{"rendered":"<p style=\"text-align: justify;\">CHILPANCINGO * Octubre 13, 2023.<br \/>\n<em>) Gobierno de Guerrero<\/em><br \/>\nDebido a las afectaciones que dej\u00f3 a su paso la tormenta tropical \u00abMax\u00bb por algunas <img loading=\"lazy\" decoding=\"async\" class=\"alignleft size-medium wp-image-1257656\" src=\"https:\/\/www.acapulcopress.com\/wp-content\/uploads\/2023\/10\/MAX-GRO10-375x281.jpg\" alt=\"\" width=\"375\" height=\"281\" \/>regiones del estado, el Gobierno de Guerrero que preside la gobernadora <a href=\"https:\/\/www.facebook.com\/EvelynSalgadoP\" target=\"_blank\" rel=\"noopener\">Evelyn Salgado Pineda<\/a>, a trav\u00e9s de la <em>Comisi\u00f3n de Infraestructura Carretera y Aeroportuaria del Estado de Gurrero (<a href=\"https:\/\/www.facebook.com\/opdcicaeg2127\" target=\"_blank\" rel=\"noopener\">CICAEG<\/a>),<\/em> contin\u00faa desplegando maquinaria en las zonas con mayor afectaci\u00f3n en auxilio de las localidades afectadas.<\/p>\n<p style=\"text-align: justify;\">Al paso de los d\u00edas se trabaja y da atenci\u00f3n a los diversos reportes que emite la poblaci\u00f3n, principalmente en las afectaciones carreteras que conectan a los poblados con sus cabeceras municipales.<\/p>\n<p style=\"text-align: justify;\">La dependencia inform\u00f3 que se dio atenci\u00f3n en la Ruta la Llave \u2013 R\u00edo Chiquito, perteneciente al municipio de Tecpan de Galeana, donde m\u00e1s de 600 habitantes se manten\u00edan incomunicados al tr\u00e1nsito vehicular, y donde se encuentra trabajando una <img loading=\"lazy\" decoding=\"async\" class=\"alignleft size-medium wp-image-1257655\" src=\"https:\/\/www.acapulcopress.com\/wp-content\/uploads\/2023\/10\/MAX-GRO9-375x281.jpg\" alt=\"\" width=\"375\" height=\"281\" \/>retroexcavadora y un cami\u00f3n de volteo de 7 m3, los trabajos se est\u00e1n realizando en una longitud de 12.5 KM.<\/p>\n<p style=\"text-align: justify;\">Haciendo menci\u00f3n a la poblaci\u00f3n de que se est\u00e1 atendiendo a todos los puntos afectados, d\u00e1ndole prioridad a las zonas con mayor problema de libre tr\u00e1nsito, lo anterior derivado del fen\u00f3meno meteorol\u00f3gico que se dej\u00f3 sentir mayormente en la Costa Grande.<\/p>\n<p style=\"text-align: justify;\">Por otro lado, tambi\u00e9n se est\u00e1 atendiendo de manera oportuna para comunicar a Tenexpa con Playa Michigan otro punto que se vio gravemente afectada causando un corte carretero entre estas dos localidades costeras.<\/p>\n<p style=\"text-align: justify;\">D\u00edas atr\u00e1s personal de este organismo recabo un reporte de la afectaci\u00f3n dando se dieron <img loading=\"lazy\" decoding=\"async\" class=\"alignleft size-medium wp-image-1257654\" src=\"https:\/\/www.acapulcopress.com\/wp-content\/uploads\/2023\/10\/MAX-GRO8-375x281.jpg\" alt=\"\" width=\"375\" height=\"281\" \/>recomendaciones a la poblaci\u00f3n para as\u00ed prevenir un incidente, acudieron tambi\u00e9n al lugar personal de Protecci\u00f3n Civil del Estado y autoridades municipales.<\/p>\n<p style=\"text-align: justify;\">Se est\u00e1 construyendo un paso alterno para reactivar la circulaci\u00f3n y la ayuda humanitaria sea trasladada de manera m\u00e1s r\u00e1pida; cabe destacar que para que los trabajos sean realizados con mayor agilidad se cuenta con una motoconformadora, 3 carros tipo volteo de 7 m3 y una retroexcavadora case, con la finalidad de que este tramo carretero de 5 km tenga acceso\u00a0provisional.<\/p>\n<p style=\"text-align: justify;\"><em>] S\u00edguenos en Facebook.com\/<a href=\"https:\/\/www.facebook.com\/acapulcopress\" target=\"_blank\" rel=\"noopener\">acapulcopress<\/a><\/em><br \/>\n<em>] S\u00edguenos en Facebook.com\/<a href=\"https:\/\/www.facebook.com\/angelblanco.press\" target=\"_blank\" rel=\"noopener\">angelblanco.press<\/a><\/em><\/p>\n","protected":false},"excerpt":{"rendered":"<p>CHILPANCINGO * Octubre 13, 2023. ) Gobierno de Guerrero Debido a las afectaciones que dej\u00f3 a su paso la tormenta tropical \u00abMax\u00bb por algunas regiones del estado, el Gobierno de Guerrero que preside la gobernadora Evelyn Salgado Pineda, a trav\u00e9s de la Comisi\u00f3n de Infraestructura Carretera y Aeroportuaria del Estado de Gurrero (CICAEG), contin\u00faa desplegando&#8230;<\/p>\n","protected":false},"author":2,"featured_media":1257648,"comment_status":"closed","ping_status":"closed","sticky":false,"template":"","format":"standard","meta":{"footnotes":""},"categories":[1972,1983,18561],"tags":[6105,9302,17305],"class_list":["post-1257646","post","type-post","status-publish","format-standard","has-post-thumbnail","hentry","category-special","category-guerrerogob","category-society-politics","tag-comision-de-infraestructura-carretera-y-aeroportuaria-del-estado-de-gurrero-cicaeg","tag-gobierno-de-guerrero","tag-tormenta-tropical-max"],"_links":{"self":[{"href":"https:\/\/www.acapulcopress.com\/index.php\/wp-json\/wp\/v2\/posts\/1257646","targetHints":{"allow":["GET"]}}],"collection":[{"href":"https:\/\/www.acapulcopress.com\/index.php\/wp-json\/wp\/v2\/posts"}],"about":[{"href":"https:\/\/www.acapulcopress.com\/index.php\/wp-json\/wp\/v2\/types\/post"}],"author":[{"embeddable":true,"href":"https:\/\/www.acapulcopress.com\/index.php\/wp-json\/wp\/v2\/users\/2"}],"replies":[{"embeddable":true,"href":"https:\/\/www.acapulcopress.com\/index.php\/wp-json\/wp\/v2\/comments?post=1257646"}],"version-history":[{"count":0,"href":"https:\/\/www.acapulcopress.com\/index.php\/wp-json\/wp\/v2\/posts\/1257646\/revisions"}],"wp:featuredmedia":[{"embeddable":true,"href":"https:\/\/www.acapulcopress.com\/index.php\/wp-json\/"}],"wp:attachment":[{"href":"https:\/\/www.acapulcopress.com\/index.php\/wp-json\/wp\/v2\/media?parent=1257646"}],"wp:term":[{"taxonomy":"category","embeddable":true,"href":"https:\/\/www.acapulcopress.com\/index.php\/wp-json\/wp\/v2\/categories?post=1257646"},{"taxonomy":"post_tag","embeddable":true,"href":"https:\/\/www.acapulcopress.com\/index.php\/wp-json\/wp\/v2\/tags?post=1257646"}],"curies":[{"name":"wp","href":"https:\/\/api.w.org\/{rel}","templated":true}]}}