{"id":1257660,"date":"2023-10-13T19:36:07","date_gmt":"2023-10-14T01:36:07","guid":{"rendered":"https:\/\/www.acapulcopress.com\/?p=1257660"},"modified":"2023-10-13T19:36:07","modified_gmt":"2023-10-14T01:36:07","slug":"vinculan-a-proceso-a-sosamontes-ex-colaborador-de-robles-por-la-estafa-maestra","status":"publish","type":"post","link":"https:\/\/www.acapulcopress.com\/index.php\/2023\/10\/13\/vinculan-a-proceso-a-sosamontes-ex-colaborador-de-robles-por-la-estafa-maestra\/","title":{"rendered":"Vinculan a proceso a Sosamontes, ex colaborador de Robles, por la &#8216;Estafa Maestra&#8217;"},"content":{"rendered":"<p style=\"text-align: justify;\">CIUDAD DE M\u00c9XICO * Octubre 13, 2023.<br \/>\n<em>) <a href=\"https:\/\/politica.expansion.mx\/mexico\/2023\/10\/13\/juez-vincula-a-proceso-a-ramon-sosamontes-por-caso-estafa-maestra\" target=\"_blank\" rel=\"noopener\">Expansi\u00f3n Pol\u00edtica<\/a><\/em><br \/>\nUn Juez de Control en la Ciudad de M\u00e9xico vincul\u00f3 a proceso a <a href=\"https:\/\/www.facebook.com\/rsosamontes\" target=\"_blank\" rel=\"noopener\"><span class=\"xv78j7m\" spellcheck=\"false\">Ramon Sosamontes<\/span><\/a>, por su probable responsabilidad en el delito de uso indebido de atribuciones y facultades, en el caso conocido como la \u201cEstafa Maestra\u201d.<\/p>\n<p style=\"text-align: justify;\">En 2014, el otrora jefe de oficina de Comunicaci\u00f3n Social de la entonces Secretar\u00eda de Desarrollo Social (Sedesol), hoy Secretar\u00eda de Bienestar, presuntamente contrat\u00f3 de manera indebida servicios con recursos p\u00fablicos con Radio y Televisi\u00f3n de Hidalgo.<\/p>\n<p style=\"text-align: justify;\">La Fiscal\u00eda General de la Rep\u00fablica (FGR) precis\u00f3 que dichos servicios no se realizaron, por lo que Ram\u00f3n Sosamontes ocasion\u00f3 con su actuar un detrimento a la Hacienda P\u00fablica Federal por un monto de m\u00e1s de 353 millones pesos.<\/p>\n<p style=\"text-align: justify;\">Aclar\u00f3 que con esta acci\u00f3n, se contravinieron todas las normas que la Ley obliga en el uso de recursos p\u00fablicos destinados a programas de comunicaci\u00f3n social, para desviarlos y disgregarlos con prop\u00f3sitos delictivos.<\/p>\n<p style=\"text-align: justify;\">\u201cLa Fiscal\u00eda General de la Rep\u00fablica (FGR) logr\u00f3 este d\u00eda que un Juez de Control en la Ciudad de M\u00e9xico, dictara auto de vinculaci\u00f3n a proceso en contra de Ram\u00f3n \u2018S\u2019, por su probable responsabilidad en el delito de uso indebido de atribuciones y facultades\u201d, inform\u00f3 la instituci\u00f3n de procuraci\u00f3n de justicia.<\/p>\n<p style=\"text-align: justify;\">El Juez de Control de la Ciudad de M\u00e9xico otorg\u00f3 tres meses para realizar la investigaci\u00f3n complementaria y e impuso a Sosamontes una medida cautelar consistente en prohibir que salga del pa\u00eds, por lo que seguir\u00e1 su proceso en libertad.<\/p>\n<p style=\"text-align: justify;\"><em>] S\u00edguenos en <a class=\"x1fey0fg xmper1u x1edh9d7\" href=\"Facebook.com\/acapulcopress\" target=\"_blank\" rel=\"noopener\">Facebook.com\/acapulcopress<\/a><\/em><br \/>\n<em>] S\u00edguenos en <a class=\"x1fey0fg xmper1u x1edh9d7\" href=\"http:\/\/Facebook.com\/angelblanco.press\" target=\"_blank\" rel=\"noopener\">Facebook.com\/angelblanco.press<\/a><\/em><\/p>\n","protected":false},"excerpt":{"rendered":"<p>CIUDAD DE M\u00c9XICO * Octubre 13, 2023. ) Expansi\u00f3n Pol\u00edtica Un Juez de Control en la Ciudad de M\u00e9xico vincul\u00f3 a proceso a Ramon Sosamontes, por su probable responsabilidad en el delito de uso indebido de atribuciones y facultades, en el caso conocido como la \u201cEstafa Maestra\u201d. En 2014, el otrora jefe de oficina de&#8230;<\/p>\n","protected":false},"author":2,"featured_media":1257661,"comment_status":"closed","ping_status":"closed","sticky":false,"template":"","format":"standard","meta":{"footnotes":""},"categories":[1969,1972,1989],"tags":[8159,15265,15825],"class_list":["post-1257660","post","type-post","status-publish","format-standard","has-post-thumbnail","hentry","category-trending","category-special","category-noticias-generales","tag-estafa-maestra","tag-ramon-sosamontes-herreramoro","tag-rosario-robles-berlanga"],"_links":{"self":[{"href":"https:\/\/www.acapulcopress.com\/index.php\/wp-json\/wp\/v2\/posts\/1257660","targetHints":{"allow":["GET"]}}],"collection":[{"href":"https:\/\/www.acapulcopress.com\/index.php\/wp-json\/wp\/v2\/posts"}],"about":[{"href":"https:\/\/www.acapulcopress.com\/index.php\/wp-json\/wp\/v2\/types\/post"}],"author":[{"embeddable":true,"href":"https:\/\/www.acapulcopress.com\/index.php\/wp-json\/wp\/v2\/users\/2"}],"replies":[{"embeddable":true,"href":"https:\/\/www.acapulcopress.com\/index.php\/wp-json\/wp\/v2\/comments?post=1257660"}],"version-history":[{"count":0,"href":"https:\/\/www.acapulcopress.com\/index.php\/wp-json\/wp\/v2\/posts\/1257660\/revisions"}],"wp:featuredmedia":[{"embeddable":true,"href":"https:\/\/www.acapulcopress.com\/index.php\/wp-json\/"}],"wp:attachment":[{"href":"https:\/\/www.acapulcopress.com\/index.php\/wp-json\/wp\/v2\/media?parent=1257660"}],"wp:term":[{"taxonomy":"category","embeddable":true,"href":"https:\/\/www.acapulcopress.com\/index.php\/wp-json\/wp\/v2\/categories?post=1257660"},{"taxonomy":"post_tag","embeddable":true,"href":"https:\/\/www.acapulcopress.com\/index.php\/wp-json\/wp\/v2\/tags?post=1257660"}],"curies":[{"name":"wp","href":"https:\/\/api.w.org\/{rel}","templated":true}]}}