{"id":1257695,"date":"2023-10-13T21:22:39","date_gmt":"2023-10-14T03:22:39","guid":{"rendered":"https:\/\/www.acapulcopress.com\/?p=1257695"},"modified":"2023-10-13T21:22:39","modified_gmt":"2023-10-14T03:22:39","slug":"gobernadora-entrego-en-acapulco-apoyos-del-programa-ver-bien-para-aprender-mejor","status":"publish","type":"post","link":"https:\/\/www.acapulcopress.com\/index.php\/2023\/10\/13\/gobernadora-entrego-en-acapulco-apoyos-del-programa-ver-bien-para-aprender-mejor\/","title":{"rendered":"Gobernadora entreg\u00f3 en Acapulco apoyos del programa \u00abVer bien para aprender mejor\u00bb"},"content":{"rendered":"<p style=\"text-align: justify;\">ACAPULCO * Octubre 13, 2023.<br \/>\n<em>) Gobierno de Guerrero<\/em><br \/>\nCon el objetivo de contribuir a promover un mejor nivel acad\u00e9mico y generar mejores <img loading=\"lazy\" decoding=\"async\" class=\"alignleft size-medium wp-image-1257690\" src=\"https:\/\/www.acapulcopress.com\/wp-content\/uploads\/2023\/10\/ver-bien-gro36-375x250.jpg\" alt=\"\" width=\"375\" height=\"250\" \/>oportunidades de desarrollo para las ni\u00f1as, ni\u00f1os y j\u00f3venes de nivel b\u00e1sico, la gobernadora <a href=\"https:\/\/www.facebook.com\/EvelynSalgadoP\" target=\"_blank\" rel=\"noopener\">Evelyn Salgado Pineda<\/a>, entreg\u00f3 3 mil 298 apoyos del programa Ver Bien para Aprender Mejor en la regi\u00f3n Acapulco, de los cuales mil 882 corresponden al nivel primaria y mil 416 de secundaria.<\/p>\n<p style=\"text-align: justify;\">De visita en la escuela primaria Ignacio Zaragoza -ubicada en la colonia La Zanja-, la mandataria estatal destac\u00f3 las bondades de este programa, que busca mejorar las condiciones de la poblaci\u00f3n estudiantil, mediante la entrega de anteojos. Al respecto, la gobernadora destac\u00f3 el trabajo coordinado que se realiza junto a la sociedad civil, en este caso mediante la fundaci\u00f3n Ver Bien para Aprender Mejor que otorga esta herramienta a las ni\u00f1as, ni\u00f1os y j\u00f3venes, lo que permite ampliar el n\u00famero de <img loading=\"lazy\" decoding=\"async\" class=\"alignleft size-medium wp-image-1257689\" src=\"https:\/\/www.acapulcopress.com\/wp-content\/uploads\/2023\/10\/ver-bien-gro35-375x250.jpg\" alt=\"\" width=\"375\" height=\"250\" \/>beneficiarios.<\/p>\n<p style=\"text-align: justify;\">Salgado Pineda explic\u00f3 que en comparaci\u00f3n al a\u00f1o pasado, en este 2023 se ha logrado un incremento del 23 por ciento en el padr\u00f3n de este programa, generando un impacto positivo en la vida de estos estudiantes. Dijo que se trata de un hecho hist\u00f3rico, dado el alcance que se ha logrado, y que tan s\u00f3lo en este a\u00f1o se traduce en 11 mil estudiantes, de 485 planteles beneficiados con este programa.<\/p>\n<p style=\"text-align: justify;\">Por ello convoc\u00f3 a todos a seguir en esta ruta conjunta para impulsar la gran revoluci\u00f3n educativa que requiere la entidad, y agreg\u00f3: \u00abPedirles que redoblemos esfuerzos para que no se quede atr\u00e1s ning\u00fan ni\u00f1o, ninguna ni\u00f1a; para que todas y todos los que lo necesiten, puedan tener sus lentes, que son tan importantes\u00bb.<\/p>\n<p style=\"text-align: justify;\"><img loading=\"lazy\" decoding=\"async\" class=\"alignleft size-medium wp-image-1257687\" src=\"https:\/\/www.acapulcopress.com\/wp-content\/uploads\/2023\/10\/ver-bien-gro3-375x188.jpg\" alt=\"\" width=\"375\" height=\"188\" \/>Salgado Pineda dijo que continuar\u00e1 apoyando a la educaci\u00f3n, a la ni\u00f1ez y a la juventud a trav\u00e9s de las distintas acciones, para impulsar el desarrollo integral de este sector.<\/p>\n<p style=\"text-align: justify;\">En su intervenci\u00f3n, el coordinador estatal del programa Ver Bien para Aprender Mejor, Jorge Alberto Acevedo Rumebe destac\u00f3 el compromiso de la gobernadora Evelyn Salgado Pineda para garantizar el acceso a lentes a todos los ni\u00f1os y ni\u00f1as guerrerenses que lo necesiten. \u00abCada uno de ellos merece tener las herramientas necesarias para tener \u00e9xito en su educaci\u00f3n y futuro\u00bb, indic\u00f3.<\/p>\n<p style=\"text-align: justify;\">A nombre de los estudiantes, el ni\u00f1o Rafael Mej\u00eda Galeana, agradeci\u00f3 a la gobernadora todo <img loading=\"lazy\" decoding=\"async\" class=\"alignleft size-medium wp-image-1257686\" src=\"https:\/\/www.acapulcopress.com\/wp-content\/uploads\/2023\/10\/ver-bien-gro2-375x250.jpg\" alt=\"\" width=\"375\" height=\"250\" \/>el trabajo que est\u00e1 llevando a cabo en beneficio de la educaci\u00f3n y la ni\u00f1ez guerrerense.<\/p>\n<p style=\"text-align: justify;\">Asistieron la presidenta del DIF Guerrero, Liz Adriana Salgado Pineda; el secretario de Educaci\u00f3n, Marcial Rodr\u00edguez Salda\u00f1a; el maestro Hugo Sinu\u00e9 Catal\u00e1n, as\u00ed como estudiantes de la primaria Ignacio Zaragoza y de la Secundaria Escuela T\u00e9cnica 79 Jos\u00e9 Vasconcelos. Tambi\u00e9n los diputados locales Yoloczin Dom\u00ednguez Serna, Joaqu\u00edn Badillo Escamilla, Leticia Castro Ortiz y Beatriz\u00a0Mojica\u00a0Morga.<\/p>\n<p style=\"text-align: justify;\"><em>] S\u00edguenos en Facebook.com\/<a href=\"https:\/\/www.facebook.com\/acapulcopress\" target=\"_blank\" rel=\"noopener\">acapulcopress<\/a><\/em><br \/>\n<em>] S\u00edguenos en Facebook.com\/<a href=\"https:\/\/www.facebook.com\/angelblanco.press\" target=\"_blank\" rel=\"noopener\">angelblanco.press<\/a><\/em><\/p>\n","protected":false},"excerpt":{"rendered":"<p>ACAPULCO * Octubre 13, 2023. ) Gobierno de Guerrero Con el objetivo de contribuir a promover un mejor nivel acad\u00e9mico y generar mejores oportunidades de desarrollo para las ni\u00f1as, ni\u00f1os y j\u00f3venes de nivel b\u00e1sico, la gobernadora Evelyn Salgado Pineda, entreg\u00f3 3 mil 298 apoyos del programa Ver Bien para Aprender Mejor en la regi\u00f3n&#8230;<\/p>\n","protected":false},"author":2,"featured_media":1257688,"comment_status":"closed","ping_status":"closed","sticky":false,"template":"","format":"standard","meta":{"footnotes":""},"categories":[1983,18561],"tags":[2319,8251,9302],"class_list":["post-1257695","post","type-post","status-publish","format-standard","has-post-thumbnail","hentry","category-guerrerogob","category-society-politics","tag-ver-bien-para-aprender-mejor","tag-evelyn-salgado-pineda","tag-gobierno-de-guerrero"],"_links":{"self":[{"href":"https:\/\/www.acapulcopress.com\/index.php\/wp-json\/wp\/v2\/posts\/1257695","targetHints":{"allow":["GET"]}}],"collection":[{"href":"https:\/\/www.acapulcopress.com\/index.php\/wp-json\/wp\/v2\/posts"}],"about":[{"href":"https:\/\/www.acapulcopress.com\/index.php\/wp-json\/wp\/v2\/types\/post"}],"author":[{"embeddable":true,"href":"https:\/\/www.acapulcopress.com\/index.php\/wp-json\/wp\/v2\/users\/2"}],"replies":[{"embeddable":true,"href":"https:\/\/www.acapulcopress.com\/index.php\/wp-json\/wp\/v2\/comments?post=1257695"}],"version-history":[{"count":0,"href":"https:\/\/www.acapulcopress.com\/index.php\/wp-json\/wp\/v2\/posts\/1257695\/revisions"}],"wp:featuredmedia":[{"embeddable":true,"href":"https:\/\/www.acapulcopress.com\/index.php\/wp-json\/"}],"wp:attachment":[{"href":"https:\/\/www.acapulcopress.com\/index.php\/wp-json\/wp\/v2\/media?parent=1257695"}],"wp:term":[{"taxonomy":"category","embeddable":true,"href":"https:\/\/www.acapulcopress.com\/index.php\/wp-json\/wp\/v2\/categories?post=1257695"},{"taxonomy":"post_tag","embeddable":true,"href":"https:\/\/www.acapulcopress.com\/index.php\/wp-json\/wp\/v2\/tags?post=1257695"}],"curies":[{"name":"wp","href":"https:\/\/api.w.org\/{rel}","templated":true}]}}