{"id":1257698,"date":"2023-10-13T22:12:24","date_gmt":"2023-10-14T04:12:24","guid":{"rendered":"https:\/\/www.acapulcopress.com\/?p=1257698"},"modified":"2023-10-13T22:12:24","modified_gmt":"2023-10-14T04:12:24","slug":"consideran-diputadas-urgente-reformar-ley-para-adecuarla-a-personas-con-discapacidad","status":"publish","type":"post","link":"https:\/\/www.acapulcopress.com\/index.php\/2023\/10\/13\/consideran-diputadas-urgente-reformar-ley-para-adecuarla-a-personas-con-discapacidad\/","title":{"rendered":"Consideran diputadas urgente reformar ley para adecuarla a personas con discapacidad"},"content":{"rendered":"<p style=\"text-align: justify;\">CHILPANCINGO * Octubre 13, 2023.<br \/>\n<em>) Congreso de Guerrero<\/em><br \/>\nLas diputadas Leticia Mosso Hern\u00e1ndez y Gloria Citlali Calixto Jim\u00e9nez, presidentas de la Mesa Directiva y de la Comisi\u00f3n de Atenci\u00f3n a las Personas con Discapacidad del Congreso <img loading=\"lazy\" decoding=\"async\" class=\"alignleft size-medium wp-image-1257702\" src=\"https:\/\/www.acapulcopress.com\/wp-content\/uploads\/2023\/10\/LETICIA-MOSSO-BOL-396-375x233.jpg\" alt=\"\" width=\"375\" height=\"233\" \/>del Estado, coincidieron en que el Parlamento de las Personas con Discapacidad del Estado de Guerrero 2023 se establece desde hoy como un ejercicio in\u00e9dito que permitir\u00e1 conocer de viva voz sus necesidades en materia de educaci\u00f3n inclusiva.<\/p>\n<p style=\"text-align: justify;\">Al dar la bienvenida a nombre de la LXIII Legislatura, la diputada Leticia Mosso enfatiz\u00f3 que lo que se busca es garantizar la participaci\u00f3n directa de las personas con alguna discapacidad, que de viva voz expongan sus inquietudes y demandas, como parte de un derecho consagrado en la Constituci\u00f3n y leyes en la materia.<\/p>\n<p style=\"text-align: justify;\">Destac\u00f3, asimismo, que este esfuerzo del Congreso busca visibilizar el trabajo y los aportes de un grupo de personas que en los \u00faltimos a\u00f1os ha sido objeto de diversas pol\u00edticas p\u00fablicas enfocadas a la asistencia social, como uno de sus derechos espec\u00edficos, pero que <img loading=\"lazy\" decoding=\"async\" class=\"alignleft size-medium wp-image-1257703\" src=\"https:\/\/www.acapulcopress.com\/wp-content\/uploads\/2023\/10\/PARLAMENTO-DISCAPACIDAD-3-375x250.jpeg\" alt=\"\" width=\"375\" height=\"250\" \/>a\u00fan son insuficientes para garantizar su derecho a la libre personalidad, a la autonom\u00eda y a una participaci\u00f3n efectiva en la toma de decisiones y la construcci\u00f3n de ciudadan\u00eda.<\/p>\n<p style=\"text-align: justify;\">Refiri\u00f3 que de acuerdo con informaci\u00f3n del INEGI, en Guerrero hay m\u00e1s de 213 mil personas con discapacidad, lo que representa el 18 por ciento de la poblaci\u00f3n, motivo por el cual se debe reflexionar si el marco jur\u00eddico normativo actual soporta la realidad de este sector que cada vez tiene mayores necesidades espec\u00edficas y urgentes de atender por parte de las y los legisladores. En su intervenci\u00f3n, la diputada Gloria Citlali Calixto manifest\u00f3 que este d\u00eda es hist\u00f3rico porque se alzan las voces de quienes por a\u00f1os han sido invisibilizados y sistem\u00e1ticamente silenciados.<\/p>\n<p style=\"text-align: justify;\">Destac\u00f3, adem\u00e1s, que este ejercicio es resultado de varios meses de esfuerzos, en los que el Congreso del Estado llev\u00f3 a cabo la primera Consulta Legislativa a Personas con Discapacidad en materia de Educaci\u00f3n Inclusiva, aplicada en todas las regiones de la entidad, y que culmina hoy con el Parlamento, colocando a Guerrero como pionero en esta figura, tanto en el pa\u00eds como en el continente.<\/p>\n<p style=\"text-align: justify;\">Refiri\u00f3 tambi\u00e9n que hasta hace poco las iniciativas se hac\u00edan en los escritorios de los servidores p\u00fablicos, \u201cse tomaban las decisiones sin considerar las m\u00faltiples realidades que coexisten, pero ya no; ahora no podemos tomar decisi\u00f3n alguna que les afecte sin antes consultarles, sin antes preguntarles si est\u00e1n de acuerdo. Hoy ustedes deciden por y para ustedes\u201d, apunt\u00f3.<\/p>\n<p style=\"text-align: justify;\">Para escuchar las voces de este parlamento asistieron tambi\u00e9n las diputadas Gabriela Bernal Res\u00e9ndiz, Patricia Doroteo Calder\u00f3n y los diputados Bernardo Ortega Jim\u00e9nez y Osbaldo R\u00edos Manrique, acompa\u00f1ados de la secretaria t\u00e9cnica de la Secretar\u00eda de Educaci\u00f3n Guerrero, Luisa Ayala Mondrag\u00f3n.<\/p>\n<p style=\"text-align: justify;\"><em>] S\u00edguenos en Facebook.com\/<a href=\"https:\/\/www.facebook.com\/acapulcopress\" target=\"_blank\" rel=\"noopener\">acapulcopress<\/a><\/em><br \/>\n<em>] S\u00edguenos en Facebook.com\/<a href=\"https:\/\/www.facebook.com\/angelblanco.press\" target=\"_blank\" rel=\"noopener\">angelblanco.press<\/a><\/em><\/p>\n","protected":false},"excerpt":{"rendered":"<p>CHILPANCINGO * Octubre 13, 2023. ) Congreso de Guerrero Las diputadas Leticia Mosso Hern\u00e1ndez y Gloria Citlali Calixto Jim\u00e9nez, presidentas de la Mesa Directiva y de la Comisi\u00f3n de Atenci\u00f3n a las Personas con Discapacidad del Congreso del Estado, coincidieron en que el Parlamento de las Personas con Discapacidad del Estado de Guerrero 2023 se&#8230;<\/p>\n","protected":false},"author":2,"featured_media":1257701,"comment_status":"closed","ping_status":"closed","sticky":false,"template":"","format":"standard","meta":{"footnotes":""},"categories":[61,18561],"tags":[9245,11793],"class_list":["post-1257698","post","type-post","status-publish","format-standard","has-post-thumbnail","hentry","category-legislacion","category-society-politics","tag-gloria-citlali-calixto-jimenez","tag-leticia-mosso-hernandez"],"_links":{"self":[{"href":"https:\/\/www.acapulcopress.com\/index.php\/wp-json\/wp\/v2\/posts\/1257698","targetHints":{"allow":["GET"]}}],"collection":[{"href":"https:\/\/www.acapulcopress.com\/index.php\/wp-json\/wp\/v2\/posts"}],"about":[{"href":"https:\/\/www.acapulcopress.com\/index.php\/wp-json\/wp\/v2\/types\/post"}],"author":[{"embeddable":true,"href":"https:\/\/www.acapulcopress.com\/index.php\/wp-json\/wp\/v2\/users\/2"}],"replies":[{"embeddable":true,"href":"https:\/\/www.acapulcopress.com\/index.php\/wp-json\/wp\/v2\/comments?post=1257698"}],"version-history":[{"count":0,"href":"https:\/\/www.acapulcopress.com\/index.php\/wp-json\/wp\/v2\/posts\/1257698\/revisions"}],"wp:featuredmedia":[{"embeddable":true,"href":"https:\/\/www.acapulcopress.com\/index.php\/wp-json\/"}],"wp:attachment":[{"href":"https:\/\/www.acapulcopress.com\/index.php\/wp-json\/wp\/v2\/media?parent=1257698"}],"wp:term":[{"taxonomy":"category","embeddable":true,"href":"https:\/\/www.acapulcopress.com\/index.php\/wp-json\/wp\/v2\/categories?post=1257698"},{"taxonomy":"post_tag","embeddable":true,"href":"https:\/\/www.acapulcopress.com\/index.php\/wp-json\/wp\/v2\/tags?post=1257698"}],"curies":[{"name":"wp","href":"https:\/\/api.w.org\/{rel}","templated":true}]}}