{"id":1257711,"date":"2023-10-16T17:53:15","date_gmt":"2023-10-16T23:53:15","guid":{"rendered":"https:\/\/www.acapulcopress.com\/?p=1257711"},"modified":"2023-10-16T17:53:15","modified_gmt":"2023-10-16T23:53:15","slug":"por-peligroso-piden-reubicar-el-penal-de-las-cruces","status":"publish","type":"post","link":"https:\/\/www.acapulcopress.com\/index.php\/2023\/10\/16\/por-peligroso-piden-reubicar-el-penal-de-las-cruces\/","title":{"rendered":"Por peligroso, piden reubicar el penal de Las Cruces"},"content":{"rendered":"<p style=\"text-align: justify;\"><em><strong>* Se halla en una zona urbana donde genera peligro y molestias a los vecinos, adem\u00e1s limita introducci\u00f3n de servicios a colonias cercanas, explica la diputada <span class=\"xv78j7m\" spellcheck=\"false\">Beatriz Mojica<\/span><\/strong><\/em><\/p>\n<p style=\"text-align: justify;\">CHILPANCINGO * Octubre 16, 2023.<br \/>\n<em>) <span class=\"xv78j7m\" spellcheck=\"false\">Congreso de Guerrero<\/span><\/em><br \/>\nLa Comisi\u00f3n de Seguridad P\u00fablica del <a href=\"https:\/\/www.facebook.com\/congresogro\" target=\"_blank\" rel=\"noopener\">Congreso del Estado<\/a> analiza un exhorto al titular de la Secretar\u00eda de Seguridad P\u00fablica para que valore y decida la reubicaci\u00f3n del Centro de Readaptaci\u00f3n Social de Las Cruces, en el municipio de Acapulco, por encontrarse en una zona urbana donde genera peligros y molestias a los vecinos, adem\u00e1s de que limita la introducci\u00f3n de servicios a las colonias cercanas.<\/p>\n<p style=\"text-align: justify;\">En su propuesta, la diputada<a href=\"https:\/\/www.facebook.com\/BeatrizMojicaM\" target=\"_blank\" rel=\"noopener\"> Beatriz Mojica Morga<\/a> menciona que la Constituci\u00f3n Pol\u00edtica de los Estados Unidos Mexicanos establece que las personas que cometen delitos deben ser readaptadas en centros especiales para su reinserci\u00f3n social, con base al estudio, trabajo, capacitaci\u00f3n y el respeto a los derechos humanos, por lo que la ubicaci\u00f3n inicial de estos centros, tanto a nivel federal como estatal, deber\u00e1 estar lejos de las zonas urbanas, por los peligros, inseguridad y conveniencia.<\/p>\n<p style=\"text-align: justify;\">En el caso del Cereso de Las Cruces, de Acapulco, este ha quedado dentro de una zona densamente poblada, con los peligros que esto implica.<\/p>\n<p style=\"text-align: justify;\">La legisladora detall\u00f3 que dicho penal, que entr\u00f3 en funcionamiento en 1981, tiene una poblaci\u00f3n actual de 1618 personas, quedando inmerso en la mancha urbana, y desde ah\u00ed se siguen cometiendo delitos.<\/p>\n<p style=\"text-align: justify;\">Uno de los da\u00f1os colaterales que ocasiona el penal de Acapulco es que \u00ablas colonias de los alrededores son un gran bols\u00f3n de pobreza urbana, por la falta de servicios de agua y drenaje, a pesar de estar a tan s\u00f3lo cinco cuadras de la entrada principal del puerto\u201d..<\/p>\n<p style=\"text-align: justify;\">En ese sentido, Mojica Morga consider\u00f3 imperante reubicar el Cereso, lo cual \u00abser\u00e1 de gran beneficio social para Acapulco, pues ayudar\u00eda a mejorar los servicios p\u00fablicos de al menos 15 colonias que hoy no pueden tener drenaje, ya que los tubos de conexi\u00f3n tendr\u00edan que cruzar por el penal, pero por seguridad no se autoriza\u00bb.<\/p>\n<p style=\"text-align: justify;\">\u00abLa reubicaci\u00f3n de este penal permitir\u00eda una reconversi\u00f3n de la zona suburbana, rescatando los terrenos donde hoy est\u00e1 asentado para generar un gran parque como pulm\u00f3n verde y para el esparcimiento de las familias, abriendo oportunidades para la prevenci\u00f3n y la seguridad\u00bb, enfatiz\u00f3 la legisladora morenista.<\/p>\n<p style=\"text-align: justify;\"><strong><em>] S\u00edguenos en nuestra p\u00e1gina de Facebook.com\/<a href=\"https:\/\/www.facebook.com\/acapulcopress\" target=\"_blank\" rel=\"noopener\">acapulcopress<\/a><\/em><\/strong><br \/>\n<strong><em>] S\u00edguenos en nuestro perfil de Facebook.com\/<a href=\"https:\/\/www.facebook.com\/angelblanco.press\" target=\"_blank\" rel=\"noopener\">angelblanco.press<\/a><\/em><\/strong><\/p>\n","protected":false},"excerpt":{"rendered":"<p>* Se halla en una zona urbana donde genera peligro y molestias a los vecinos, adem\u00e1s limita introducci\u00f3n de servicios a colonias cercanas, explica la diputada Beatriz Mojica CHILPANCINGO * Octubre 16, 2023. ) Congreso de Guerrero La Comisi\u00f3n de Seguridad P\u00fablica del Congreso del Estado analiza un exhorto al titular de la Secretar\u00eda de&#8230;<\/p>\n","protected":false},"author":2,"featured_media":1257714,"comment_status":"closed","ping_status":"closed","sticky":false,"template":"","format":"standard","meta":{"footnotes":""},"categories":[61,18561,1997],"tags":[4637,5521],"class_list":["post-1257711","post","type-post","status-publish","format-standard","has-post-thumbnail","hentry","category-legislacion","category-society-politics","category-noticias-destacadas","tag-beatriz-mojica-morga","tag-centro-de-readaptacion-social-de-las-cruces"],"_links":{"self":[{"href":"https:\/\/www.acapulcopress.com\/index.php\/wp-json\/wp\/v2\/posts\/1257711","targetHints":{"allow":["GET"]}}],"collection":[{"href":"https:\/\/www.acapulcopress.com\/index.php\/wp-json\/wp\/v2\/posts"}],"about":[{"href":"https:\/\/www.acapulcopress.com\/index.php\/wp-json\/wp\/v2\/types\/post"}],"author":[{"embeddable":true,"href":"https:\/\/www.acapulcopress.com\/index.php\/wp-json\/wp\/v2\/users\/2"}],"replies":[{"embeddable":true,"href":"https:\/\/www.acapulcopress.com\/index.php\/wp-json\/wp\/v2\/comments?post=1257711"}],"version-history":[{"count":0,"href":"https:\/\/www.acapulcopress.com\/index.php\/wp-json\/wp\/v2\/posts\/1257711\/revisions"}],"wp:featuredmedia":[{"embeddable":true,"href":"https:\/\/www.acapulcopress.com\/index.php\/wp-json\/"}],"wp:attachment":[{"href":"https:\/\/www.acapulcopress.com\/index.php\/wp-json\/wp\/v2\/media?parent=1257711"}],"wp:term":[{"taxonomy":"category","embeddable":true,"href":"https:\/\/www.acapulcopress.com\/index.php\/wp-json\/wp\/v2\/categories?post=1257711"},{"taxonomy":"post_tag","embeddable":true,"href":"https:\/\/www.acapulcopress.com\/index.php\/wp-json\/wp\/v2\/tags?post=1257711"}],"curies":[{"name":"wp","href":"https:\/\/api.w.org\/{rel}","templated":true}]}}