{"id":1257733,"date":"2023-10-16T21:48:48","date_gmt":"2023-10-17T03:48:48","guid":{"rendered":"https:\/\/www.acapulcopress.com\/?p=1257733"},"modified":"2023-10-16T21:48:48","modified_gmt":"2023-10-17T03:48:48","slug":"salud-estatal-y-gobierno-de-acapulco-firman-convenio-de-colaboracion-interinstitucional","status":"publish","type":"post","link":"https:\/\/www.acapulcopress.com\/index.php\/2023\/10\/16\/salud-estatal-y-gobierno-de-acapulco-firman-convenio-de-colaboracion-interinstitucional\/","title":{"rendered":"Salud estatal y Gobierno de Acapulco firman convenio de colaboraci\u00f3n interinstitucional"},"content":{"rendered":"<p style=\"text-align: justify;\"><strong><em>* Entreg\u00f3 titular de Salud ambulancia al Ayuntamiento de Acapulco gestionada por la gobernadora Evelyn Salgado ante el gobierno federal para beneficio de los guerrerenses<\/em><\/strong><\/p>\n<p style=\"text-align: justify;\">ACAPULCO * Octubre 16, 2023.<br \/>\n<em>) Aps<br \/>\n<\/em> La <a href=\"https:\/\/www.facebook.com\/SSaludGuerrero\" target=\"_blank\" rel=\"noopener\">Secretar\u00eda de Salud<\/a> Guerrero entreg\u00f3 al <a href=\"https:\/\/www.facebook.com\/AcapulcoGob\" target=\"_blank\" rel=\"noopener\">Gobierno de Acapulco<\/a> que preside<a href=\"https:\/\/www.facebook.com\/AbelinaLopezR\" target=\"_blank\" rel=\"noopener\"> Abelina <img loading=\"lazy\" decoding=\"async\" class=\"alignleft size-medium wp-image-1257734\" src=\"https:\/\/www.acapulcopress.com\/wp-content\/uploads\/2023\/10\/SALUD.ACA_-375x212.jpg\" alt=\"\" width=\"375\" height=\"212\" \/>L\u00f3pez Rodr\u00edguez<\/a> una ambulancia de la Beneficencia P\u00fablica Nacional para disminuir los tiempos de traslado en beneficio de la poblaci\u00f3n de El Huamuchito, ubicada en los Bienes Comunales de Cacahuatepec, a tres horas de distancia de la zona urbana del municipio.<\/p>\n<p style=\"text-align: justify;\">La titular de la dependencia estatal,<a href=\"https:\/\/www.facebook.com\/Dra.AideIbarezCastro\" target=\"_blank\" rel=\"noopener\"> Aid\u00e9 Ibarez Castro<\/a>, dijo que este tipo de acciones ha sido posible gracias a las gestiones de la Gobernadora <a href=\"https:\/\/www.facebook.com\/EvelynSalgadoP\" target=\"_blank\" rel=\"noopener\">Evelyn Salgado Pineda<\/a> ante el gobierno federal, que encabeza <a href=\"https:\/\/www.facebook.com\/lopezobrador.org.mx\" target=\"_blank\" rel=\"noopener\">Andr\u00e9s Manuel L\u00f3pez Obrador<\/a>,\u00a0a favor de comunidades de dif\u00edcil acceso en las regiones de la Sierra, la Monta\u00f1a y las dos costas, sin descuidar el Centro y la Zona Norte del estado, inclusive de Acapulco. el presidente de la Rep\u00fablica al <img loading=\"lazy\" decoding=\"async\" class=\"alignleft size-medium wp-image-1257736\" src=\"https:\/\/www.acapulcopress.com\/wp-content\/uploads\/2023\/10\/SALUD.ACA3_-375x212.jpg\" alt=\"\" width=\"375\" height=\"212\" \/>ver nuestra necesidad, en coordinaci\u00f3n con la Beneficencia P\u00fablica aport\u00f3 al estado de Guerrero, a trav\u00e9s de la Secretar\u00eda de Salud 26 ambulancias\u201d, apunt\u00f3.<\/p>\n<p style=\"text-align: justify;\">En respuesta, la alcaldesa Abelina L\u00f3pez\u00a0destac\u00f3 la importancia de contar con ambulancias que permitan agilizar los traslados m\u00e9dicos para garantizar atenci\u00f3n m\u00e9dica oportuna, y celebr\u00f3 la firma del convenio de colaboraci\u00f3n entre la Secretar\u00eda de Salud Guerrero y el Ayuntamiento de Acapulco en beneficio de los Bienes Comunales de Cacahuatepec, en particular para la localidad de Huamuchitos, que es una de las m\u00e1s retiradas, y cuyo traslado hacia la ciudad es de alrededor de tres horas.<\/p>\n<p style=\"text-align: justify;\"><img loading=\"lazy\" decoding=\"async\" class=\"alignnone wp-image-1257737 size-large\" src=\"https:\/\/www.acapulcopress.com\/wp-content\/uploads\/2023\/10\/SALUD.ACA4_-840x560.jpg\" alt=\"\" width=\"696\" height=\"464\" \/><\/p>\n<p style=\"text-align: justify;\"><strong><em>] S\u00edguenos en nuestra p\u00e1gina de Facebook.com\/<a href=\"https:\/\/www.facebook.com\/acapulcopress\" target=\"_blank\" rel=\"noopener\">acapulcopress<\/a><\/em><\/strong><br \/>\n<strong><em>] S\u00edguenos en nuestro perfil de Facebook.com\/<a href=\"https:\/\/www.facebook.com\/angelblanco.press\" target=\"_blank\" rel=\"noopener\">angelblanco.press<\/a><\/em><\/strong><\/p>\n","protected":false},"excerpt":{"rendered":"<p>* Entreg\u00f3 titular de Salud ambulancia al Ayuntamiento de Acapulco gestionada por la gobernadora Evelyn Salgado ante el gobierno federal para beneficio de los guerrerenses ACAPULCO * Octubre 16, 2023. ) Aps La Secretar\u00eda de Salud Guerrero entreg\u00f3 al Gobierno de Acapulco que preside Abelina L\u00f3pez Rodr\u00edguez una ambulancia de la Beneficencia P\u00fablica Nacional para&#8230;<\/p>\n","protected":false},"author":2,"featured_media":1257738,"comment_status":"closed","ping_status":"closed","sticky":false,"template":"","format":"standard","meta":{"footnotes":""},"categories":[1972,1981,1983,18561],"tags":[3077,3896,4485,8251,9279,11618],"class_list":["post-1257733","post","type-post","status-publish","format-standard","has-post-thumbnail","hentry","category-special","category-acapulco","category-guerrerogob","category-society-politics","tag-abelina-lopez-rodriguez","tag-andres-manuel-lopez-obrador","tag-ayuntamiento-de-acapulco","tag-evelyn-salgado-pineda","tag-gobierno-de-acapulco","tag-la-secretaria-de-salud-de-guerrero-ssggro"],"_links":{"self":[{"href":"https:\/\/www.acapulcopress.com\/index.php\/wp-json\/wp\/v2\/posts\/1257733","targetHints":{"allow":["GET"]}}],"collection":[{"href":"https:\/\/www.acapulcopress.com\/index.php\/wp-json\/wp\/v2\/posts"}],"about":[{"href":"https:\/\/www.acapulcopress.com\/index.php\/wp-json\/wp\/v2\/types\/post"}],"author":[{"embeddable":true,"href":"https:\/\/www.acapulcopress.com\/index.php\/wp-json\/wp\/v2\/users\/2"}],"replies":[{"embeddable":true,"href":"https:\/\/www.acapulcopress.com\/index.php\/wp-json\/wp\/v2\/comments?post=1257733"}],"version-history":[{"count":0,"href":"https:\/\/www.acapulcopress.com\/index.php\/wp-json\/wp\/v2\/posts\/1257733\/revisions"}],"wp:featuredmedia":[{"embeddable":true,"href":"https:\/\/www.acapulcopress.com\/index.php\/wp-json\/"}],"wp:attachment":[{"href":"https:\/\/www.acapulcopress.com\/index.php\/wp-json\/wp\/v2\/media?parent=1257733"}],"wp:term":[{"taxonomy":"category","embeddable":true,"href":"https:\/\/www.acapulcopress.com\/index.php\/wp-json\/wp\/v2\/categories?post=1257733"},{"taxonomy":"post_tag","embeddable":true,"href":"https:\/\/www.acapulcopress.com\/index.php\/wp-json\/wp\/v2\/tags?post=1257733"}],"curies":[{"name":"wp","href":"https:\/\/api.w.org\/{rel}","templated":true}]}}