{"id":1257741,"date":"2023-10-16T22:22:21","date_gmt":"2023-10-17T04:22:21","guid":{"rendered":"https:\/\/www.acapulcopress.com\/?p=1257741"},"modified":"2023-10-16T22:22:21","modified_gmt":"2023-10-17T04:22:21","slug":"invierte-estado-2-38-millones-en-rehabilitacion-de-linea-de-distribucion-de-agua-potable-en-la-escenica","status":"publish","type":"post","link":"https:\/\/www.acapulcopress.com\/index.php\/2023\/10\/16\/invierte-estado-2-38-millones-en-rehabilitacion-de-linea-de-distribucion-de-agua-potable-en-la-escenica\/","title":{"rendered":"Invierte Estado 2.38 millones en rehabilitaci\u00f3n de l\u00ednea de distribuci\u00f3n de agua potable en la Esc\u00e9nica"},"content":{"rendered":"<p style=\"text-align: justify;\">ACAPULCO * Octubre 16, 2023.<br \/>\n<em>) Gobierno Guerrero<\/em><br \/>\nPor instrucciones de la gobernadora <a href=\"https:\/\/www.facebook.com\/EvelynSalgadoP\" target=\"_blank\" rel=\"noopener\">Evelyn Salgado Pineda<\/a>, la Comisi\u00f3n de Agua Potable, <img loading=\"lazy\" decoding=\"async\" class=\"alignleft size-medium wp-image-1257749\" src=\"https:\/\/www.acapulcopress.com\/wp-content\/uploads\/2023\/10\/CAPASEG8-375x250.jpg\" alt=\"\" width=\"375\" height=\"250\" \/>Alcantarillado y Saneamiento del Estado de Guerrero (<a href=\"https:\/\/www.facebook.com\/profile.php?id=100069316415319\" target=\"_blank\" rel=\"noopener\">Capaseg<\/a>), inici\u00f3 los trabajos de rehabilitaci\u00f3n de la l\u00ednea de distribuci\u00f3n por gravedad de 20, 18 y 16 pulgadas de di\u00e1metro en la avenida Esc\u00e9nica Clemente Mej\u00eda \u00c1vila, lo que permitir\u00e1 mejorar considerablemente el suministro de agua, disminuir las fugas y evitar riesgos de alg\u00fan accidente automovil\u00edstico. Para ello se destinar\u00e1n recursos estatales por el orden de los 2.38 millones de pesos.<\/p>\n<p style=\"text-align: justify;\">\u201cLa gobernadora sabe de la importancia que tiene Acapulco para Guerrero y sobre todo, porque vienen d\u00edas muy buenos para todos, con una gran afluencia tur\u00edstica y lo que queremos es ofrecer a nuestros visitantes una mejor imagen s\u00ed, pero unas mejores condiciones de vialidad, donde no exista o reduzcamos al m\u00e1ximo el riesgo de un posible <img loading=\"lazy\" decoding=\"async\" class=\"alignleft size-medium wp-image-1257746\" src=\"https:\/\/www.acapulcopress.com\/wp-content\/uploads\/2023\/10\/CAPASEG5-375x250.jpg\" alt=\"\" width=\"375\" height=\"250\" \/>accidente\u201d, se\u00f1al\u00f3 el director de Capaseg, Facundo Gast\u00e9lum F\u00e9lix.<\/p>\n<p style=\"text-align: justify;\">Durante el arranque de los trabajos, Gast\u00e9lum F\u00e9lix explic\u00f3 que estas acciones se realizan en apoyo del municipio, en espec\u00edfico de la Comisi\u00f3n de Agua Potable del Municipio de Acapulco (Capama), en los que se realizar\u00e1 el cambio de 7 de v\u00e1lvulas de seccionamiento de 2, 3, 4 y 8 pulgadas, la instalaci\u00f3n de 4 v\u00e1lvulas de admisi\u00f3n y expulsi\u00f3n de aire, as\u00ed como la construcci\u00f3n adicional de 3 cajas para alojar esas v\u00e1lvulas.<\/p>\n<p style=\"text-align: justify;\">Las reparaciones se llevar\u00e1n a cabo desde el Tanque de la Bandera, en el punto conocido como La Cima, hasta la Base Naval. Se prev\u00e9 que concluyan a inicio del mes de diciembre, beneficiando a 141 mil 560 habitantes.<\/p>\n<p style=\"text-align: justify;\">\u201cHemos iniciado en apoyo al municipio, un programa con recursos que tiene el gobierno del <img loading=\"lazy\" decoding=\"async\" class=\"alignleft size-medium wp-image-1257749\" src=\"https:\/\/www.acapulcopress.com\/wp-content\/uploads\/2023\/10\/CAPASEG8-375x250.jpg\" alt=\"\" width=\"375\" height=\"250\" \/>estado, de iniciar a partir de hoy, de reparar a partir de hoy, un sinn\u00famero de fugas de agua potable que tiene esta importante l\u00ednea de distribuci\u00f3n\u201d, detall\u00f3.<\/p>\n<p style=\"text-align: justify;\">Explic\u00f3 que estas afectaciones se presentaron luego de un deterioro y falta de mantenimiento, por lo que se trabajar\u00e1 para resarcir el da\u00f1o que se presenta en la tuber\u00eda, evitando as\u00ed la generaci\u00f3n de fugas. Por ello dijo que es indispensable un monitoreo permanente para impedir que se siga presentando esta problem\u00e1tica.<\/p>\n<p style=\"text-align: justify;\">El funcionario estatal dijo que posteriormente, la Comisi\u00f3n de Infraestructura Carretera y Aeroportuario del Estado de Guerrero (Cicaeg), comenzar\u00e1 con el bacheo y reencarpetamiento de la Avenida\u00a0Esc\u00e9nica.<\/p>\n<p><img loading=\"lazy\" decoding=\"async\" class=\"alignnone wp-image-1257750 size-large\" src=\"https:\/\/www.acapulcopress.com\/wp-content\/uploads\/2023\/10\/CAPASEG9-840x560.jpg\" alt=\"\" width=\"696\" height=\"464\" \/><\/p>\n<p style=\"text-align: justify;\"><strong><em>] S\u00edguenos en nuestra p\u00e1gina de Facebook.com\/<a href=\"https:\/\/www.facebook.com\/acapulcopress\" target=\"_blank\" rel=\"noopener\">acapulcopress<\/a><\/em><\/strong><br \/>\n<strong><em>] S\u00edguenos en nuestro perfil de Facebook.com\/<a href=\"https:\/\/www.facebook.com\/angelblanco.press\" target=\"_blank\" rel=\"noopener\">angelblanco.press<\/a><\/em><\/strong><\/p>\n","protected":false},"excerpt":{"rendered":"<p>ACAPULCO * Octubre 16, 2023. ) Gobierno Guerrero Por instrucciones de la gobernadora Evelyn Salgado Pineda, la Comisi\u00f3n de Agua Potable, Alcantarillado y Saneamiento del Estado de Guerrero (Capaseg), inici\u00f3 los trabajos de rehabilitaci\u00f3n de la l\u00ednea de distribuci\u00f3n por gravedad de 20, 18 y 16 pulgadas de di\u00e1metro en la avenida Esc\u00e9nica Clemente Mej\u00eda&#8230;<\/p>\n","protected":false},"author":2,"featured_media":1257743,"comment_status":"closed","ping_status":"closed","sticky":false,"template":"","format":"standard","meta":{"footnotes":""},"categories":[1983,18561],"tags":[8251],"class_list":["post-1257741","post","type-post","status-publish","format-standard","has-post-thumbnail","hentry","category-guerrerogob","category-society-politics","tag-evelyn-salgado-pineda"],"_links":{"self":[{"href":"https:\/\/www.acapulcopress.com\/index.php\/wp-json\/wp\/v2\/posts\/1257741","targetHints":{"allow":["GET"]}}],"collection":[{"href":"https:\/\/www.acapulcopress.com\/index.php\/wp-json\/wp\/v2\/posts"}],"about":[{"href":"https:\/\/www.acapulcopress.com\/index.php\/wp-json\/wp\/v2\/types\/post"}],"author":[{"embeddable":true,"href":"https:\/\/www.acapulcopress.com\/index.php\/wp-json\/wp\/v2\/users\/2"}],"replies":[{"embeddable":true,"href":"https:\/\/www.acapulcopress.com\/index.php\/wp-json\/wp\/v2\/comments?post=1257741"}],"version-history":[{"count":0,"href":"https:\/\/www.acapulcopress.com\/index.php\/wp-json\/wp\/v2\/posts\/1257741\/revisions"}],"wp:featuredmedia":[{"embeddable":true,"href":"https:\/\/www.acapulcopress.com\/index.php\/wp-json\/"}],"wp:attachment":[{"href":"https:\/\/www.acapulcopress.com\/index.php\/wp-json\/wp\/v2\/media?parent=1257741"}],"wp:term":[{"taxonomy":"category","embeddable":true,"href":"https:\/\/www.acapulcopress.com\/index.php\/wp-json\/wp\/v2\/categories?post=1257741"},{"taxonomy":"post_tag","embeddable":true,"href":"https:\/\/www.acapulcopress.com\/index.php\/wp-json\/wp\/v2\/tags?post=1257741"}],"curies":[{"name":"wp","href":"https:\/\/api.w.org\/{rel}","templated":true}]}}