{"id":1257769,"date":"2023-10-17T18:48:58","date_gmt":"2023-10-18T00:48:58","guid":{"rendered":"https:\/\/www.acapulcopress.com\/?p=1257769"},"modified":"2023-10-17T18:48:58","modified_gmt":"2023-10-18T00:48:58","slug":"ejecutan-a-bruno-placido-fundador-de-la-upoeg","status":"publish","type":"post","link":"https:\/\/www.acapulcopress.com\/index.php\/2023\/10\/17\/ejecutan-a-bruno-placido-fundador-de-la-upoeg\/","title":{"rendered":"Ejecutan a Bruno Pl\u00e1cido, fundador de la UPOEG"},"content":{"rendered":"<p style=\"text-align: justify;\">\u00bb <strong>Miguel<\/strong> | <strong>Garc\u00eda Sol\u00eds<\/strong><br \/>\nCHILPANCINGO * Octubre 17, 2023.<br \/>\n) Aps<\/p>\n<p style=\"text-align: justify;\"><img loading=\"lazy\" decoding=\"async\" class=\"alignleft size-medium wp-image-1257773\" src=\"https:\/\/www.acapulcopress.com\/wp-content\/uploads\/2023\/10\/brunos-375x231.jpg\" alt=\"\" width=\"375\" height=\"231\" \/>Al salir de una gesti\u00f3n en la Secretar\u00eda de Salud Guerrero, al filo de las 16:40 horas, el fundador del grupo de autodefensa comunitaria denominado Uni\u00f3n de Pueblos y Organizaciones del Estado de Guerrero (UPOEG), Bruno Pl\u00e1cido Valerio, fue asesinado junto con otra persona que lo acompa\u00f1aba.<\/p>\n<p style=\"text-align: justify;\">El l\u00edder de la UPOEG hab\u00eda sido liberado del penal de Tlapa el 10 de agosto del a\u00f1o pasado, tras haber sido detenido en el z\u00f3calo de Chilpancingo un d\u00eda antes por imputaciones en 2016 de da\u00f1os y robo que finalmente la Fiscal\u00eda General del Estado (FGE) no pudo probar.<\/p>\n<p style=\"text-align: justify;\">Pl\u00e1cido Valerio hab\u00eda acusado de de hostigamiento a la FGE, quien sospechaba de nexos\u00a0 de la organizaci\u00f3n con grupos criminales, hechos que el dirigente\u00a0 de la UPOEG ni neg\u00f3 ni <img loading=\"lazy\" decoding=\"async\" class=\"alignleft size-medium wp-image-1257772\" src=\"https:\/\/www.acapulcopress.com\/wp-content\/uploads\/2023\/10\/BRUNO-PLACIDO5-375x211.jpg\" alt=\"\" width=\"375\" height=\"211\" \/>confirm\u00f3, no obstante reconocer que posiblemente hayan sufrido infiltraciones.<\/p>\n<p style=\"text-align: justify;\">a las 16:40 horas de este marte, cuando sal\u00eda de la Secretar\u00eda de Salud, Bruno Pl\u00e1cido fue abatido a balazos, quedando tendido sobre el pasillo que transitaba. Cabe destacar que el l\u00edder upoegista esta consciente que su vida corr\u00eda peligro, debido al acoso de que objeto de parte de la Fiscal\u00eda General del Estado, quien insistentemente lo vincul\u00f3 con grupos criminales en los bloqueos transportistas sucitados en Acapulco, Chilpancingo y Costa Chica.<\/p>\n<p style=\"text-align: justify;\"><img loading=\"lazy\" decoding=\"async\" class=\"alignnone wp-image-1257771 size-large\" src=\"https:\/\/www.acapulcopress.com\/wp-content\/uploads\/2023\/10\/BRUNO-PLACIDO3-840x494.jpg\" alt=\"\" width=\"696\" height=\"409\" \/><\/p>\n<p style=\"text-align: justify;\"><strong><em>] S\u00edguenos en nuestra p\u00e1gina de Facebook.com\/<a href=\"https:\/\/www.facebook.com\/acapulcopress\" target=\"_blank\" rel=\"noopener\">acapulcopress<\/a><\/em><\/strong><br \/>\n<strong><em>] S\u00edguenos en nuestro perfil de Facebook.com\/<a href=\"https:\/\/www.facebook.com\/angelblanco.press\" target=\"_blank\" rel=\"noopener\">angelblanco.press<\/a><\/em><\/strong><\/p>\n","protected":false},"excerpt":{"rendered":"<p>\u00bb Miguel | Garc\u00eda Sol\u00eds CHILPANCINGO * Octubre 17, 2023. ) Aps Al salir de una gesti\u00f3n en la Secretar\u00eda de Salud Guerrero, al filo de las 16:40 horas, el fundador del grupo de autodefensa comunitaria denominado Uni\u00f3n de Pueblos y Organizaciones del Estado de Guerrero (UPOEG), Bruno Pl\u00e1cido Valerio, fue asesinado junto con otra&#8230;<\/p>\n","protected":false},"author":2,"featured_media":1257770,"comment_status":"closed","ping_status":"closed","sticky":false,"template":"","format":"standard","meta":{"footnotes":""},"categories":[1997],"tags":[],"class_list":["post-1257769","post","type-post","status-publish","format-standard","has-post-thumbnail","hentry","category-noticias-destacadas"],"_links":{"self":[{"href":"https:\/\/www.acapulcopress.com\/index.php\/wp-json\/wp\/v2\/posts\/1257769","targetHints":{"allow":["GET"]}}],"collection":[{"href":"https:\/\/www.acapulcopress.com\/index.php\/wp-json\/wp\/v2\/posts"}],"about":[{"href":"https:\/\/www.acapulcopress.com\/index.php\/wp-json\/wp\/v2\/types\/post"}],"author":[{"embeddable":true,"href":"https:\/\/www.acapulcopress.com\/index.php\/wp-json\/wp\/v2\/users\/2"}],"replies":[{"embeddable":true,"href":"https:\/\/www.acapulcopress.com\/index.php\/wp-json\/wp\/v2\/comments?post=1257769"}],"version-history":[{"count":0,"href":"https:\/\/www.acapulcopress.com\/index.php\/wp-json\/wp\/v2\/posts\/1257769\/revisions"}],"wp:featuredmedia":[{"embeddable":true,"href":"https:\/\/www.acapulcopress.com\/index.php\/wp-json\/"}],"wp:attachment":[{"href":"https:\/\/www.acapulcopress.com\/index.php\/wp-json\/wp\/v2\/media?parent=1257769"}],"wp:term":[{"taxonomy":"category","embeddable":true,"href":"https:\/\/www.acapulcopress.com\/index.php\/wp-json\/wp\/v2\/categories?post=1257769"},{"taxonomy":"post_tag","embeddable":true,"href":"https:\/\/www.acapulcopress.com\/index.php\/wp-json\/wp\/v2\/tags?post=1257769"}],"curies":[{"name":"wp","href":"https:\/\/api.w.org\/{rel}","templated":true}]}}