{"id":1257788,"date":"2023-10-17T21:55:47","date_gmt":"2023-10-18T03:55:47","guid":{"rendered":"https:\/\/www.acapulcopress.com\/?p=1257788"},"modified":"2023-10-17T21:55:47","modified_gmt":"2023-10-18T03:55:47","slug":"evelyn-salgado-a-2-anos-de-distancia","status":"publish","type":"post","link":"https:\/\/www.acapulcopress.com\/index.php\/2023\/10\/17\/evelyn-salgado-a-2-anos-de-distancia\/","title":{"rendered":"Evelyn Salgado | A 2 a\u00f1os de distancia"},"content":{"rendered":"<p style=\"text-align: justify;\">Marem\u00e1gnum<br \/>\n\u00bb <strong>RICARDO<\/strong> | <strong>CASTILLO BARRIENTOS<\/strong><br \/>\n<em>] Facebook ) <a href=\"https:\/\/www.facebook.com\/ricardocastill01\" target=\"_blank\" rel=\"noopener\">Ricardo Castillo Barrientos<\/a><\/em><\/p>\n<p style=\"text-align: justify;\">Se cumplieron los 2 primeros a\u00f1os de gobierno de la mandataria estatal, <a href=\"https:\/\/www.facebook.com\/EvelynSalgadoP\" target=\"_blank\" rel=\"noopener\">Evelyn Cesia Salgado Pineda<\/a>, el domingo 15 del actual, cuando recibi\u00f3 la estafeta del gobernador H\u00e9ctor Astudillo Flores y con ello se cumple la tercera parte de ejercicio gubernamental, con definidos claroscuros que caracterizan a los periodos de gobierno.<\/p>\n<p style=\"text-align: justify;\">Hay sucesos y acciones favorables y desfavorables que afortunada o desafortunadamente acontecen en la din\u00e1mica gubernamental y social, no pueden soslayarse o minimizar por sus consecuencias e implicaciones.<\/p>\n<p style=\"text-align: justify;\">La inseguridad p\u00fablica y los frecuentes desplazamientos de habitantes de comunidades enteras, pese a los esfuerzos de los gobiernos estatal y federal, son las asignaturas pendientes a remontar en los a\u00f1os venideros, a efecto de avanzar en la gobernabilidad y armon\u00eda social.<\/p>\n<p style=\"text-align: justify;\">En la vertiente de Obra de Gobierno, la gobernadora Salgado Pineda tiene acciones significativas como la red de caminos artesanales, en localidades de mayor marginaci\u00f3n de La Monta\u00f1a, Costa Chica y La Sierra, gracias al apoyo que ha brindado el presidente L\u00f3pez Obrador.<\/p>\n<p style=\"text-align: justify;\">El incremento de inversiones federales en materias educativa y salud, han sido constantes y de beneficio al magisterio y sector salud, y el fortalecimiento de la infraestructura escolar y hospitalaria.<\/p>\n<p style=\"text-align: justify;\">Con las Unidades M\u00f3viles de Salud, los servicios m\u00e9dicos llegan a familias vulnerables que nunca hab\u00edan recibido en sus propias localidades. Destacan tambi\u00e9n las Unidades de Hemodi\u00e1lisis gratuitas, en Acapulco y pr\u00f3ximamente en Chilpancingo y Ometepec, as\u00ed como la construcci\u00f3n del Hospital de Especialidades del ISSSTE.<\/p>\n<p style=\"text-align: justify;\">Los programas sociales del gobierno federal se han incrementado notablemente con millonarias erogaciones y con aportaciones que corresponden proporcionalmente al gobierno estatal, en los programas a discapacitados y becas escolares.<\/p>\n<p style=\"text-align: justify;\">La denominaci\u00f3n de \u201cPueblos M\u00e1gicos\u201d a los municipios de Zihuatanejo e Ixcateopan, vienen aunarse a Taxco, logro significativo para la econom\u00eda local y regional. Durante a\u00f1os se hicieron gestiones ante la Secretar\u00eda de Turismo, af\u00edn se otorgara este importante distintivo tur\u00edstico que hasta este gobierno estatal fructificaron.<\/p>\n<p style=\"text-align: justify;\">Destaca sobremanera la disminuci\u00f3n de la pobreza en Guerrero, en un 6% de acuerdo a cifras del INEGI, con la aplicaci\u00f3n de estrategias tendientes a combatir la desigualdad.<\/p>\n<p style=\"text-align: justify;\">Ser\u00e1 el pr\u00f3ximo 26 del presente mes, cuando la gobernadora Salgado Pineda rinda su Segundo Informe de Gobierno, donde dar\u00e1 a conocer la situaci\u00f3n que guarda su administraci\u00f3n, en el Recinto Oficial del Poder Ejecutivo del Estado. Ser\u00e1 el pueblo quien haga su propia evaluaci\u00f3n de estos dos primeros a\u00f1os de gobierno.<\/p>\n<p style=\"text-align: justify;\"><strong>Marea Baja.-<\/strong> El s\u00e1bado 14 del actual, hubo un evento de suma trascendencia en el auditorio Octavio Paz del Senado de la Rep\u00fablica, promovido por valiosos j\u00f3venes profesionistas guerrerenses radicados en la Ciudad de M\u00e9xico, que constituyeron la Asociaci\u00f3n Civil \u201cGuerrero Joven.<\/p>\n<p style=\"text-align: justify;\">El nuevo colectivo est\u00e1 integrado por estudiantes y egresados de diversas instituciones de educaci\u00f3n superior y posgrado, originarios de diferentes regiones de la entidad.<\/p>\n<p style=\"text-align: justify;\">Brayan Vicario Figueroa, dirigente de la organizaci\u00f3n juvenil, expuso sobre el compromiso moral y profesional de contribuir con f\u00e9rrea voluntad y decisi\u00f3n al desarrollo econ\u00f3mico, social y pol\u00edtico, de los municipios de donde son oriundos.<\/p>\n<p style=\"text-align: justify;\">Se cont\u00f3 con la asistencia de personajes de Guerrero que han dejado huella por sus responsabilidades pol\u00edticas o acad\u00e9micas, como el ex gobernador \u00c1ngel Aguirre Rivero, el doctor en Derecho, Eduardo L\u00f3pez Betancourt y el pol\u00edtico y docente, Obdulio \u00c1vila Mayo.<\/p>\n<p style=\"text-align: justify;\">El ex mandatario estatal narr\u00f3 sobre su experiencia de vida en su etapa juvenil, desarrollo pol\u00edtico y en su etapa inicial al lado del ex gobernador Alejandro Cervantes Delgado y en sus dos periodos de gobernador del estado; hecho hist\u00f3rico en el pa\u00eds del presente y pasado siglo.<\/p>\n<p style=\"text-align: justify;\"><strong>Marea Alta.-<\/strong> La fiesta de cumplea\u00f1os de Mario Moreno Arcos, estuvo plet\u00f3rica de liderazgos opositores a los reg\u00edmenes estatal y nacional de Morena, sirvi\u00f3 de anticipo como muestra de musculo y unidad pol\u00edtica transitoria, con miras al proceso electoral en puerta, cuando habr\u00e1 de renovarse la estructura pol\u00edtica\/administrativa del Congreso del Estado y alcald\u00edas, a nivel local y la presidencia de la Rep\u00fablica y ambas Legislaturas federales.<\/p>\n<p style=\"text-align: justify;\">La algarab\u00eda del festejo estuvo presente de principio a fin, como la gran familia pol\u00edtica del PRI-PRD, reunidos en torno a uno de sus m\u00e1s \u00ednclitos personajes, en la figura de Mario Moreno: dos veces alcalde, diputado federal y local y candidato fallido al Gobierno del Estado.<\/p>\n<p style=\"text-align: justify;\">Asistieron 700 comensales, destacando los ex gobernadores \u00c1ngel Aguirre Rivero y H\u00e9ctor Astudillo Flores, el senador Manuel A\u00f1orve Ba\u00f1os, los presidente de los comit\u00e9s estatales del PRI y PRD, Alejandro Bravo Abarca y Alberto Catal\u00e1n Bastida, y una cauda de aspirantes a cargos de elecci\u00f3n popular, que se hicieron notar en la pasarela de felicitaciones a Moreno Arcos y el saludo obligado a los ex mandatarios estatales, con la esperanza de obtener pr\u00f3ximas candidaturas y verse favorecidos con el voto popular, en una contienda que se vislumbra muy intensa y crucial.<\/p>\n<p style=\"text-align: justify;\"><strong>Maremoto.-<\/strong> Est\u00e1 circulando profusamente en redes sociales una encuesta de aspirantes de Morena al Senado de la Rep\u00fablica, en la que figuran como compa\u00f1eros de f\u00f3rmula los siguientes aspirantes: A) Iv\u00e1n Hern\u00e1ndez y Abelina Rodr\u00edguez; B) F\u00e9lix Salgado y Adela Rom\u00e1n; C) Nestora Salgado y Antonio Helguera.<\/p>\n<p style=\"text-align: justify;\">De estas f\u00f3rmulas se perfila como favorita la de F\u00e9lix Salgado y Adela Rom\u00e1n, nada m\u00e1s faltar\u00eda la encuesta real que en breve realizar\u00e1 la Comisi\u00f3n de Encuestas del Comit\u00e9 Nacional de MORENA, que ser\u00e1 la buena y decisiva y que tendr\u00eda que integrarse con los dos aspirantes mejor posicionados (hombre y mujer), quienes ser\u00e1n los candidatos oficiales a participar en las elecciones federales del 2024.<\/p>\n<p style=\"text-align: justify;\"><em>] S\u00edguenos en nuestra p\u00e1gina de Facebook.com\/<a href=\"https:\/\/www.facebook.com\/acapulcopress\" target=\"_blank\" rel=\"noopener\">acapulcopress<\/a><\/em><br \/>\n<em>] S\u00edguenos en nuestro perfil de Facebook.com\/<a href=\"https:\/\/www.facebook.com\/angelblanco.press\" target=\"_blank\" rel=\"noopener\">angelblanco.press<\/a><\/em><\/p>\n","protected":false},"excerpt":{"rendered":"<p>Marem\u00e1gnum \u00bb RICARDO | CASTILLO BARRIENTOS ] Facebook ) Ricardo Castillo Barrientos Se cumplieron los 2 primeros a\u00f1os de gobierno de la mandataria estatal, Evelyn Cesia Salgado Pineda, el domingo 15 del actual, cuando recibi\u00f3 la estafeta del gobernador H\u00e9ctor Astudillo Flores y con ello se cumple la tercera parte de ejercicio gubernamental, con definidos&#8230;<\/p>\n","protected":false},"author":2,"featured_media":1257789,"comment_status":"closed","ping_status":"closed","sticky":false,"template":"","format":"standard","meta":{"footnotes":""},"categories":[2071,1991],"tags":[8251,12503,15575],"class_list":["post-1257788","post","type-post","status-publish","format-standard","has-post-thumbnail","hentry","category-opinion-analisis-columnas","category-libertad-de-expresion","tag-evelyn-salgado-pineda","tag-maremagnum","tag-ricardo-castillo-barrientos"],"_links":{"self":[{"href":"https:\/\/www.acapulcopress.com\/index.php\/wp-json\/wp\/v2\/posts\/1257788","targetHints":{"allow":["GET"]}}],"collection":[{"href":"https:\/\/www.acapulcopress.com\/index.php\/wp-json\/wp\/v2\/posts"}],"about":[{"href":"https:\/\/www.acapulcopress.com\/index.php\/wp-json\/wp\/v2\/types\/post"}],"author":[{"embeddable":true,"href":"https:\/\/www.acapulcopress.com\/index.php\/wp-json\/wp\/v2\/users\/2"}],"replies":[{"embeddable":true,"href":"https:\/\/www.acapulcopress.com\/index.php\/wp-json\/wp\/v2\/comments?post=1257788"}],"version-history":[{"count":0,"href":"https:\/\/www.acapulcopress.com\/index.php\/wp-json\/wp\/v2\/posts\/1257788\/revisions"}],"wp:featuredmedia":[{"embeddable":true,"href":"https:\/\/www.acapulcopress.com\/index.php\/wp-json\/"}],"wp:attachment":[{"href":"https:\/\/www.acapulcopress.com\/index.php\/wp-json\/wp\/v2\/media?parent=1257788"}],"wp:term":[{"taxonomy":"category","embeddable":true,"href":"https:\/\/www.acapulcopress.com\/index.php\/wp-json\/wp\/v2\/categories?post=1257788"},{"taxonomy":"post_tag","embeddable":true,"href":"https:\/\/www.acapulcopress.com\/index.php\/wp-json\/wp\/v2\/tags?post=1257788"}],"curies":[{"name":"wp","href":"https:\/\/api.w.org\/{rel}","templated":true}]}}