{"id":1257791,"date":"2023-10-17T22:32:13","date_gmt":"2023-10-18T04:32:13","guid":{"rendered":"https:\/\/www.acapulcopress.com\/?p=1257791"},"modified":"2023-10-17T22:32:13","modified_gmt":"2023-10-18T04:32:13","slug":"conmemoro-evelyn-salgado-el-70-aniversario-del-voto-de-las-mujeres-en-mexico","status":"publish","type":"post","link":"https:\/\/www.acapulcopress.com\/index.php\/2023\/10\/17\/conmemoro-evelyn-salgado-el-70-aniversario-del-voto-de-las-mujeres-en-mexico\/","title":{"rendered":"Conmemor\u00f3 Evelyn Salgado el 70 Aniversario del Voto de las Mujeres en M\u00e9xico"},"content":{"rendered":"<p style=\"text-align: justify;\">CIUDAD DE M\u00c9XICO * Octubre 17, 2023.<br \/>\n<em>) Gobierno de Guerrero<\/em><br \/>\n\u201cLa transformaci\u00f3n de M\u00e9xico va sin duda de la mano de las mujeres. Hay retos <img loading=\"lazy\" decoding=\"async\" class=\"alignleft size-medium wp-image-1257799\" src=\"https:\/\/www.acapulcopress.com\/wp-content\/uploads\/2023\/10\/VotoMujeresMexico7-375x250.jpg\" alt=\"\" width=\"375\" height=\"250\" \/>pendientes, hay complejidades que debemos atender, sin embargo, celebremos los avances que en unidad todas hemos logrado\u201d, afirm\u00f3 la gobernadora Evelyn Salgado Pineda al participar en el acto conmemorativo por el 70 Aniversario del Voto de las Mujeres en M\u00e9xico, \u201cDel Sufragio a la Paridad en Acci\u00f3n\u201d.<\/p>\n<p style=\"text-align: justify;\">Ante mujeres l\u00edderes de distintas instituciones y poderes en M\u00e9xico, la mandataria guerrerense destac\u00f3 los avances que se han obtenido a trav\u00e9s acciones implementadas en favor de las mujeres en Guerrero como el protocolo Violeta y la Alerta Violeta que al d\u00eda de hoy presenta una eficiencia del 93 por ciento en la localizaci\u00f3n de ni\u00f1as, adolescentes que se reportan como desaparecidas al 911, lo que ha ayudado a la disminuci\u00f3n del 70 por ciento en la incidencia delictiva de <img loading=\"lazy\" decoding=\"async\" class=\"alignleft size-medium wp-image-1257797\" src=\"https:\/\/www.acapulcopress.com\/wp-content\/uploads\/2023\/10\/VotoMujeresMexico4-375x250.jpg\" alt=\"\" width=\"375\" height=\"250\" \/>feminicidios.<\/p>\n<p style=\"text-align: justify;\">Tambi\u00e9n coment\u00f3 que es en las comunidades ind\u00edgenas y afro mexicanas donde se ha trabajado erradicando pr\u00e1cticas que lastimaban su dignidad como los llamados matrimonios forzados, por lo que subray\u00f3 que: \u00a1Nunca m\u00e1s un matrimonio forzado en nuestro estado ni en ning\u00fan estado del pa\u00eds! Y a\u00f1adi\u00f3 que esto se logra a trav\u00e9s de una campa\u00f1a permanente, culturalmente adecuada con impulso presupuestal e institucional y sobre todo en territorio, cambiando la perspectiva de esos hombres y tambi\u00e9n de las mujeres que normalizaban esas pr\u00e1cticas.<\/p>\n<p style=\"text-align: justify;\">En su mensaje la tambi\u00e9n la primera mujer gobernadora de Guerrero, se\u00f1al\u00f3 que hoy se rompen los paradigmas reconociendo que las mujeres pueden lograr el cambio unidad y <img loading=\"lazy\" decoding=\"async\" class=\"alignleft size-medium wp-image-1257796\" src=\"https:\/\/www.acapulcopress.com\/wp-content\/uploads\/2023\/10\/VotoMujeresMexico3-375x303.jpg\" alt=\"\" width=\"375\" height=\"303\" \/>aliadas. A su vez record\u00f3 y reconoci\u00f3 a todas las mujeres que participan activamente por la transformaci\u00f3n de M\u00e9xico, por el reconocimiento y por la consolidaci\u00f3n de los derechos, as\u00ed como las que luchan por el avance de la justicia para todas.<\/p>\n<p style=\"text-align: justify;\">\u201cDesde Guerrero asumimos esta responsabilidad con gusto y con la convicci\u00f3n de que nuestra llegada significa una mejora sustantiva en la vida de las y los guerrerenses, lo hicimos para transformar con justicia las condiciones de las mujeres ind\u00edgenas y afro mexicanas, y garantizar el desarrollo de las ni\u00f1as de nuestras comunidades, el sue\u00f1o de las j\u00f3venes estudiantes y apoyar a todas las mujeres sin condiciones, profundizar sus derechos se encuentren donde se encuentren\u201d, dijo Evelyn Salgado.<\/p>\n<p style=\"text-align: justify;\">Mencion\u00f3 que el voto de las mujeres va m\u00e1s all\u00e1 del ejercicio pol\u00edtico, pues es el <img loading=\"lazy\" decoding=\"async\" class=\"alignleft size-medium wp-image-1257795\" src=\"https:\/\/www.acapulcopress.com\/wp-content\/uploads\/2023\/10\/VotoMujeresMexico2-375x263.jpg\" alt=\"\" width=\"375\" height=\"263\" \/>reconocimiento del derecho a tener derechos y es el reconocimiento a la igualdad en un contexto en el que las mujeres no solamente participaban, sino que eran protagonistas de todas y cada una de las transformaciones del pa\u00eds y que fuera profundizado en los \u00faltimos cinco a\u00f1os en M\u00e9xico.<\/p>\n<p style=\"text-align: justify;\">Durante su discurso la gobernadora Evelyn Salgado puntualiz\u00f3 que es el trabajo que respalda a las mujeres j\u00f3venes que son el motor de todas las transformaciones en M\u00e9xico por lo que refrend\u00f3 su compromiso en seguir trabajando por el respeto irrestricto de los derechos de las mujeres y por su seguridad como lo ha venido haciendo en estos dos a\u00f1os de gobierno.<\/p>\n<p style=\"text-align: justify;\">En el este acto celebrado en la Ciudad de M\u00e9xico, asistieron la secretaria de Gobernaci\u00f3n, Luisa Mar\u00eda Alcalde Luj\u00e1n; la senadora Olga S\u00e1nchez Cordero; la titular de INMujeres, Nadine Gasman; la titular de la SEP, Leticia Ram\u00edrez Amaya; la gobernadora de Quintana Roo, Mara Lezama; la secretaria de Cultura, Alejandra Frausto, y Bel\u00e9n Sanz Luque, representante de ONU Mujeres.<\/p>\n<p style=\"text-align: justify;\"><em>] S\u00edguenos en nuestra p\u00e1gina de Facebook.com\/<a href=\"https:\/\/www.facebook.com\/acapulcopress\" target=\"_blank\" rel=\"noopener\">acapulcopress<\/a><\/em><br \/>\n<em>] S\u00edguenos en nuestro perfil de Facebook.com\/<a href=\"https:\/\/www.facebook.com\/angelblanco.press\" target=\"_blank\" rel=\"noopener\">angelblanco.press<\/a><\/em><\/p>\n","protected":false},"excerpt":{"rendered":"<p>CIUDAD DE M\u00c9XICO * Octubre 17, 2023. ) Gobierno de Guerrero \u201cLa transformaci\u00f3n de M\u00e9xico va sin duda de la mano de las mujeres. Hay retos pendientes, hay complejidades que debemos atender, sin embargo, celebremos los avances que en unidad todas hemos logrado\u201d, afirm\u00f3 la gobernadora Evelyn Salgado Pineda al participar en el acto conmemorativo&#8230;<\/p>\n","protected":false},"author":2,"featured_media":1257794,"comment_status":"closed","ping_status":"closed","sticky":false,"template":"","format":"standard","meta":{"footnotes":""},"categories":[1972,1983,18561],"tags":[3029,8251],"class_list":["post-1257791","post","type-post","status-publish","format-standard","has-post-thumbnail","hentry","category-special","category-guerrerogob","category-society-politics","tag-70-aniversario-del-voto-de-las-mujeres-en-mexico","tag-evelyn-salgado-pineda"],"_links":{"self":[{"href":"https:\/\/www.acapulcopress.com\/index.php\/wp-json\/wp\/v2\/posts\/1257791","targetHints":{"allow":["GET"]}}],"collection":[{"href":"https:\/\/www.acapulcopress.com\/index.php\/wp-json\/wp\/v2\/posts"}],"about":[{"href":"https:\/\/www.acapulcopress.com\/index.php\/wp-json\/wp\/v2\/types\/post"}],"author":[{"embeddable":true,"href":"https:\/\/www.acapulcopress.com\/index.php\/wp-json\/wp\/v2\/users\/2"}],"replies":[{"embeddable":true,"href":"https:\/\/www.acapulcopress.com\/index.php\/wp-json\/wp\/v2\/comments?post=1257791"}],"version-history":[{"count":0,"href":"https:\/\/www.acapulcopress.com\/index.php\/wp-json\/wp\/v2\/posts\/1257791\/revisions"}],"wp:featuredmedia":[{"embeddable":true,"href":"https:\/\/www.acapulcopress.com\/index.php\/wp-json\/"}],"wp:attachment":[{"href":"https:\/\/www.acapulcopress.com\/index.php\/wp-json\/wp\/v2\/media?parent=1257791"}],"wp:term":[{"taxonomy":"category","embeddable":true,"href":"https:\/\/www.acapulcopress.com\/index.php\/wp-json\/wp\/v2\/categories?post=1257791"},{"taxonomy":"post_tag","embeddable":true,"href":"https:\/\/www.acapulcopress.com\/index.php\/wp-json\/wp\/v2\/tags?post=1257791"}],"curies":[{"name":"wp","href":"https:\/\/api.w.org\/{rel}","templated":true}]}}