{"id":1257811,"date":"2023-10-18T20:08:08","date_gmt":"2023-10-19T02:08:08","guid":{"rendered":"https:\/\/www.acapulcopress.com\/?p=1257811"},"modified":"2023-10-18T20:08:08","modified_gmt":"2023-10-19T02:08:08","slug":"dip-sanchez-plantea-impulso-de-artesanias-en-ferias-consulados-y-embajadas","status":"publish","type":"post","link":"https:\/\/www.acapulcopress.com\/index.php\/2023\/10\/18\/dip-sanchez-plantea-impulso-de-artesanias-en-ferias-consulados-y-embajadas\/","title":{"rendered":"Dip. S\u00e1nchez plantea impulso de artesan\u00edas en ferias, consulados y embajadas"},"content":{"rendered":"<p style=\"text-align: justify;\">CHILPANCINGO * Octubre 17, 2023.<br \/>\n<em>) Congreso de Guerrero<br \/>\n<\/em>El diputado <a href=\"https:\/\/www.facebook.com\/DiputadoMarcoTulioSanchez\" target=\"_blank\" rel=\"noopener\">Marco Tulio S\u00e1nchez Alarc\u00f3n<\/a> present\u00f3 una iniciativa de reforma a la Ley de Protecci\u00f3n y Fomento a las Artesan\u00edas del Estado, con el prop\u00f3sito de impulsar la venta de productos artesanales, sin intermediarios, en los centros tur\u00edsticos m\u00e1s importantes del pa\u00eds, as\u00ed como en consulados y embajadas de M\u00e9xico en el extranjero.<\/p>\n<p style=\"text-align: justify;\">El legislador propone, adem\u00e1s, la creaci\u00f3n de dos actividades espec\u00edficas en favor de este sector; la Feria Artesanal de Acapulco y la Feria Artesanal de la Costa Grande con sede en Coyuca de Ben\u00edtez, como espacios adecuados en que artesanas y artesanos puedan vender sus productos de manera directa, incentivando la econom\u00eda regional y llevando bienestar social a las comunidades de Guerrero.<\/p>\n<p style=\"text-align: justify;\">En su exposici\u00f3n de motivos, el diputado refiere que Guerrero cuenta con una gran riqueza natural y diversas expresiones que caracterizan a cada una de las regiones, lo que coloca a la entidad entre los principales productores artesanales del pa\u00eds,<\/p>\n<p style=\"text-align: justify;\">Abund\u00f3 que de acuerdo con datos de la Encuesta Nacional de Ingreso en los Hogares del INEGI, hay 200 mil artesanas y artesanos en el estado, de los cuales el 94.7 por ciento trabaja en la informalidad y cuenta con un ingreso promedio de 4 mil 600 pesos mensuales, cifra incluso por debajo del salario m\u00ednimo mensual, provocando que las familias de artesanos vivan en condiciones de pobreza y, en muchas ocasiones, oblig\u00e1ndolos a abandonar la actividad.<\/p>\n<p style=\"text-align: justify;\">Ante esto, el legislador considera urgente que el Congreso local genere leyes que coadyuven a la promoci\u00f3n e impulso del sector artesanal, para que a trav\u00e9s de la venta de sus productos y mercanc\u00edas puedan tener mejores condiciones de vida.<\/p>\n<p style=\"text-align: justify;\">Esta iniciativa de reforma a la Ley de Protecci\u00f3n y Fomento a las Artesan\u00edas del Estado fue turnada a la Comisi\u00f3n de Artesan\u00edas para su correspondiente an\u00e1lisis y dictaminaci\u00f3n.<\/p>\n<p style=\"text-align: justify;\"><em>] S\u00edguenos en nuestra p\u00e1gina de Facebook.com\/<a href=\"https:\/\/www.facebook.com\/acapulcopress\" target=\"_blank\" rel=\"noopener\">acapulcopress<\/a><\/em><br \/>\n<em>] S\u00edguenos en nuestro perfil de Facebook.com\/<a href=\"https:\/\/www.facebook.com\/angelblanco.press\" target=\"_blank\" rel=\"noopener\">angelblanco.press<\/a><\/em><\/p>\n","protected":false},"excerpt":{"rendered":"<p>CHILPANCINGO * Octubre 17, 2023. ) Congreso de Guerrero El diputado Marco Tulio S\u00e1nchez Alarc\u00f3n present\u00f3 una iniciativa de reforma a la Ley de Protecci\u00f3n y Fomento a las Artesan\u00edas del Estado, con el prop\u00f3sito de impulsar la venta de productos artesanales, sin intermediarios, en los centros tur\u00edsticos m\u00e1s importantes del pa\u00eds, as\u00ed como en&#8230;<\/p>\n","protected":false},"author":2,"featured_media":1257816,"comment_status":"closed","ping_status":"closed","sticky":false,"template":"","format":"standard","meta":{"footnotes":""},"categories":[61,18561],"tags":[6370,12491],"class_list":["post-1257811","post","type-post","status-publish","format-standard","has-post-thumbnail","hentry","category-legislacion","category-society-politics","tag-congreso-de-guerrero","tag-marco-tulio-sanchez-alarcon"],"_links":{"self":[{"href":"https:\/\/www.acapulcopress.com\/index.php\/wp-json\/wp\/v2\/posts\/1257811","targetHints":{"allow":["GET"]}}],"collection":[{"href":"https:\/\/www.acapulcopress.com\/index.php\/wp-json\/wp\/v2\/posts"}],"about":[{"href":"https:\/\/www.acapulcopress.com\/index.php\/wp-json\/wp\/v2\/types\/post"}],"author":[{"embeddable":true,"href":"https:\/\/www.acapulcopress.com\/index.php\/wp-json\/wp\/v2\/users\/2"}],"replies":[{"embeddable":true,"href":"https:\/\/www.acapulcopress.com\/index.php\/wp-json\/wp\/v2\/comments?post=1257811"}],"version-history":[{"count":0,"href":"https:\/\/www.acapulcopress.com\/index.php\/wp-json\/wp\/v2\/posts\/1257811\/revisions"}],"wp:featuredmedia":[{"embeddable":true,"href":"https:\/\/www.acapulcopress.com\/index.php\/wp-json\/"}],"wp:attachment":[{"href":"https:\/\/www.acapulcopress.com\/index.php\/wp-json\/wp\/v2\/media?parent=1257811"}],"wp:term":[{"taxonomy":"category","embeddable":true,"href":"https:\/\/www.acapulcopress.com\/index.php\/wp-json\/wp\/v2\/categories?post=1257811"},{"taxonomy":"post_tag","embeddable":true,"href":"https:\/\/www.acapulcopress.com\/index.php\/wp-json\/wp\/v2\/tags?post=1257811"}],"curies":[{"name":"wp","href":"https:\/\/api.w.org\/{rel}","templated":true}]}}