{"id":1257858,"date":"2023-10-19T11:19:49","date_gmt":"2023-10-19T17:19:49","guid":{"rendered":"https:\/\/www.acapulcopress.com\/?p=1257858"},"modified":"2023-10-19T11:19:49","modified_gmt":"2023-10-19T17:19:49","slug":"yoloczin-rinde-ii-informe-y-se-perfila-para-acapulco","status":"publish","type":"post","link":"https:\/\/www.acapulcopress.com\/index.php\/2023\/10\/19\/yoloczin-rinde-ii-informe-y-se-perfila-para-acapulco\/","title":{"rendered":"Yoloczin, rinde II Informe y se perfila para Acapulco"},"content":{"rendered":"<p style=\"text-align: justify;\">Marem\u00e1gnum<br \/>\n\u00bb <strong>RICARDO<\/strong> | <strong>CASTILLO BARRIENTOS<\/strong><br \/>\n<em>] Facebook ) <a href=\"https:\/\/www.facebook.com\/ricardocastill01\" target=\"_blank\" rel=\"noopener\">Ricardo Castillo Barrientos<\/a><\/em><\/p>\n<p style=\"text-align: justify;\">La diputada Yoloczin Dom\u00ednguez Serna, result\u00f3 la revelaci\u00f3n pol\u00edtica de los representantes populares de Morena, al grado de ganarse la confianza y apoyo de sus pares en el Congreso del Estrado, con su designaci\u00f3n como Coordinadora de la Junta de Coordinaci\u00f3n Pol\u00edtica (Jucopo), cuya alta responsabilidad le permiti\u00f3 destrabar en los 2 primeros meses de su gesti\u00f3n legislativa, una agenda empantanada de iniciativas y nombramientos oficiales relevantes: La Auditor\u00eda Superior del Estado y los Titulares de los \u00d3rganos de Control Interno, de las entidades paraestatales, responsables de la fiscalizaci\u00f3n de los recursos p\u00fablicos ejercidos por los tres poderes de gobierno.<\/p>\n<p style=\"text-align: justify;\">Sorprendi\u00f3 a propios y extra\u00f1os la capacidad negociadora de la diputada acapulque\u00f1a con sus hom\u00f3logos del PRI, H\u00e9ctor Apreza Patr\u00f3n, Raymundo Garc\u00eda Guti\u00e9rrez del PRD, Hilda Ponce Mendoza del PVEM y Ana Lenis Res\u00e9ndiz Javier del PAN.<\/p>\n<p style=\"text-align: justify;\">Con estos antecedentes de acci\u00f3n legislativa, la Presidenta de la Jucopo, Yoloczin Dom\u00ednguez Serna, rindi\u00f3 el II Informe de Actividades, el reciente martes, en el teatro Nezahualc\u00f3yotl del Centro de Convenciones de Acapulco, arropada por la plana mayor de la dirigencia morenista, diputados locales de los diversos partidos, funcionarios estatales, federales, municipales y la familia Salgado Pineda, encabezada por do\u00f1a Chuy, Liz Adriana y Celeste y sus \u201ctoritos\u201d, as\u00ed como los aspirantes a la alcald\u00eda porte\u00f1a, su amigo Yoshio \u00c1vila e Ilich Lozano.<\/p>\n<p style=\"text-align: justify;\">As\u00ed dio cumplimiento a lo establecido en la Ley Org\u00e1nica del Poder Legislativo de presentar en tiempo y forma, el II Informe de rendici\u00f3n de cuentas del trabajo legislativo y territorial.<\/p>\n<p style=\"text-align: justify;\">La diputada Yoloczin refrend\u00f3 su convencimiento de los avances logrados en la ruta de la transformaci\u00f3n de Guerrero y Acapulco, con acciones legislativas y de gestor\u00eda social, que impactan directamente en el bienestar de las familias.<\/p>\n<p style=\"text-align: justify;\">Reconoci\u00f3 la consolidaci\u00f3n de un gran equipo que viene trabajando en estrecha coordinaci\u00f3n con los 3 niveles de gobierno y de la mano con dirigentes sociales y lideres naturales de comunidades, colonias y barrios, con sectores productivos y poblaci\u00f3n en general, Como representante popular ha impulsado sus demandas m\u00e1s sentidas en la m\u00e1xima tribuna de Guerrero y tocando puertas oficiales para atender sus necesidades, cumpliendo con la responsabilidad que los acapulque\u00f1os le confirieron.<\/p>\n<p style=\"text-align: justify;\">La legisladora porte\u00f1a reconoci\u00f3 a la gobernadora Evelyn Salgado Pineda, por el invaluable y generoso apoyo que ha recibido el \u00f3rgano legislativo, para el mejor funcionamiento de sus actividades.<\/p>\n<p style=\"text-align: justify;\">Result\u00f3 un escenario ideal como plataforma de despegue de la diputada Yoloczin, en pos de la Presidencia Municipal de Acapulco, quien se mantiene en la delantera. En breve habr\u00e1 de definirse la candidatura por Morena.<\/p>\n<p style=\"text-align: justify;\">Marea Baja.- Los funcionarios y t\u00e9cnicos de la Sedatu, siempre han actuado de manera irresponsable; tenemos como ejemplo la colonia Nuevo Mirador, ubicada al sur de la ciudad por la salida Acapulco de la Autopista del Sol, construida para los damnificados de los huracanes Ingrid y Manuel en el 2013 y que ahora fue demolida \u00edntegramente por fallas estructurales, que pusieron en riesgo la vida de las familias que habitaban en esa unidad habitacional.<\/p>\n<p style=\"text-align: justify;\">Nuevamente se est\u00e1 edificando y ya presenta deficiencias t\u00e9cnicas por la mala calidad de la obra y los materiales de construcci\u00f3n, sin quien nadie los meta en cintura y los sancione de acuerdo a la normatividad vigente y se aplique todo el rigor de la Ley.<\/p>\n<p style=\"text-align: justify;\">Algo similar sucede con las obras de rehabilitaci\u00f3n de las instalaciones de la \u201cFeria de Navidad y A\u00f1o Nuevo\u201d, que debi\u00f3 estar concluida desde la edici\u00f3n pasada y hasta estas fechas llevan un retraso considerable para la conclusi\u00f3n.<\/p>\n<p style=\"text-align: justify;\">La alcaldesa Norma Otilia Hern\u00e1ndez Mart\u00ednez, solicitar\u00e1 a la gobernadora Evelyn Salgado Pineda su intervenci\u00f3n ante el secretario de la Sedatu, Rom\u00e1n Meyer, para que a la brevedad posible concluyan esta importante obra, antes del 15 de diciembre. Por esas fechas dar\u00e1 inicio el tradicional \u201cPaseo del Pend\u00f3n\u201d, que marca el arranque de los festejos para el disfrute del pueblo chilpancingue\u00f1o y de visitantes.<\/p>\n<p style=\"text-align: justify;\">Marea Alta.- La anarqu\u00eda que prevalece en el sector educativo, se hace evidente, siendo responsabilidad del secretario Marcial Rodr\u00edguez Salda\u00f1a, subsecretarios y directores generales de la SEG, que no dan pie con bola y dejan que los problemas escolares les estallen d\u00eda a d\u00eda, con consecuencias que afectan a la poblaci\u00f3n, debido los interminables bloqueo de calles, avenidas, carreteras, toma de edificios, marchas y protestas, con exagerada frecuencia.<\/p>\n<p style=\"text-align: justify;\">Marcial Rodr\u00edguez ni suda ni se acongoja, generando con su visible apat\u00eda e ineficiencia, que el grave problema educativo crezca como bola de nieve y los aplasten y ponga en entredicho la pol\u00edtica educativa de la gobernadora Evelyn Salgado Pineda, quien seguramente informar\u00e1 al respecto en su II Informe de Gobierno, el pr\u00f3ximo 26 del actual.<\/p>\n<p style=\"text-align: justify;\">Maremoto.- El caso del l\u00edder de la Uni\u00f3n de Pueblos y Organizaciones del Estado de Guerrero (UPOEG), Bruno Pl\u00e1cido Valerio, pr\u00e1cticamente era una muerte anunciada, por las innumerables diferencias que sostuvo con otros dirigentes de organizaciones sociales o criminales, en disputa de territorios estrat\u00e9gicos con el Valle del Ocotito, Tierra Colorada, Tecoanapa, Marquelia y otros pueblos de la Costa Chica y La Monta\u00f1a, regi\u00f3n donde inici\u00f3 sus actividades con la fundaci\u00f3n de la Coordinadora Regional de Autoridades Comunitarias (CRAC), en 1995, teniendo que separarse por diferencias en la organizaci\u00f3n para fundar el 24 de enero de 2011, la UPOEG.<\/p>\n<p style=\"text-align: justify;\">La Fiscal\u00eda General del Estado (FGE), como procede en estos casos, abri\u00f3 la respectiva carpeta de investigaci\u00f3n para dar seguimiento al crimen de Bruno Pl\u00e1cido, que seguramente quedar\u00e1 en la impunidad como tantos otros asesinatos y con mayor raz\u00f3n cuando los posibles autores podr\u00edan pertenecer a m\u00e1s de 5 organizaciones criminales.<\/p>\n<p style=\"text-align: justify;\"><em>] S\u00edguenos en nuestra p\u00e1gina de Facebook.com\/<a href=\"https:\/\/www.facebook.com\/acapulcopress\" target=\"_blank\" rel=\"noopener\">acapulcopress<\/a><\/em><br \/>\n<em>] S\u00edguenos en nuestro perfil de Facebook.com\/<a href=\"https:\/\/www.facebook.com\/angelblanco.press\" target=\"_blank\" rel=\"noopener\">angelblanco.press<\/a><\/em><\/p>\n","protected":false},"excerpt":{"rendered":"<p>Marem\u00e1gnum \u00bb RICARDO | CASTILLO BARRIENTOS ] Facebook ) Ricardo Castillo Barrientos La diputada Yoloczin Dom\u00ednguez Serna, result\u00f3 la revelaci\u00f3n pol\u00edtica de los representantes populares de Morena, al grado de ganarse la confianza y apoyo de sus pares en el Congreso del Estrado, con su designaci\u00f3n como Coordinadora de la Junta de Coordinaci\u00f3n Pol\u00edtica (Jucopo),&#8230;<\/p>\n","protected":false},"author":2,"featured_media":1257859,"comment_status":"closed","ping_status":"closed","sticky":false,"template":"","format":"standard","meta":{"footnotes":""},"categories":[2071,1991],"tags":[12503,15575,18260],"class_list":["post-1257858","post","type-post","status-publish","format-standard","has-post-thumbnail","hentry","category-opinion-analisis-columnas","category-libertad-de-expresion","tag-maremagnum","tag-ricardo-castillo-barrientos","tag-yoloczin-dominguez-serna"],"_links":{"self":[{"href":"https:\/\/www.acapulcopress.com\/index.php\/wp-json\/wp\/v2\/posts\/1257858","targetHints":{"allow":["GET"]}}],"collection":[{"href":"https:\/\/www.acapulcopress.com\/index.php\/wp-json\/wp\/v2\/posts"}],"about":[{"href":"https:\/\/www.acapulcopress.com\/index.php\/wp-json\/wp\/v2\/types\/post"}],"author":[{"embeddable":true,"href":"https:\/\/www.acapulcopress.com\/index.php\/wp-json\/wp\/v2\/users\/2"}],"replies":[{"embeddable":true,"href":"https:\/\/www.acapulcopress.com\/index.php\/wp-json\/wp\/v2\/comments?post=1257858"}],"version-history":[{"count":0,"href":"https:\/\/www.acapulcopress.com\/index.php\/wp-json\/wp\/v2\/posts\/1257858\/revisions"}],"wp:featuredmedia":[{"embeddable":true,"href":"https:\/\/www.acapulcopress.com\/index.php\/wp-json\/"}],"wp:attachment":[{"href":"https:\/\/www.acapulcopress.com\/index.php\/wp-json\/wp\/v2\/media?parent=1257858"}],"wp:term":[{"taxonomy":"category","embeddable":true,"href":"https:\/\/www.acapulcopress.com\/index.php\/wp-json\/wp\/v2\/categories?post=1257858"},{"taxonomy":"post_tag","embeddable":true,"href":"https:\/\/www.acapulcopress.com\/index.php\/wp-json\/wp\/v2\/tags?post=1257858"}],"curies":[{"name":"wp","href":"https:\/\/api.w.org\/{rel}","templated":true}]}}