{"id":1257864,"date":"2023-10-20T11:46:43","date_gmt":"2023-10-20T17:46:43","guid":{"rendered":"https:\/\/www.acapulcopress.com\/?p=1257864"},"modified":"2023-10-20T11:46:43","modified_gmt":"2023-10-20T17:46:43","slug":"ine-decidido-a-contener-campanas-de-claudia-y-xochitl","status":"publish","type":"post","link":"https:\/\/www.acapulcopress.com\/index.php\/2023\/10\/20\/ine-decidido-a-contener-campanas-de-claudia-y-xochitl\/","title":{"rendered":"INE, decidido a contener campa\u00f1as de Claudia y X\u00f3chitl"},"content":{"rendered":"<p style=\"text-align: justify;\">Carabina 24-30 | La Sucesi\u00f3n del Poder<br \/>\n\u00bb <strong>RICARDO<\/strong> | <strong>CASTILLO BARRIENTOS<\/strong><br \/>\n<em>] Facebook ) <a href=\"https:\/\/www.facebook.com\/ricardocastill01\" target=\"_blank\" rel=\"noopener\">Ricardo Castillo Barrientos <\/a><\/em><\/p>\n<p style=\"text-align: justify;\">El Instituto Nacional Electoral (INE) est\u00e1 decidido a contener las campa\u00f1as pol\u00edticas de las presidenciables X\u00f3chitl G\u00e1lvez Ru\u00edz y Claudia Sheinbaum Pardo, qui\u00e9n no tiene un momento de reposo y anda recorriendo el pa\u00eds, en su calidad de Coordinadora de los Comit\u00e9s de Defensa de la IV Transformaci\u00f3n.<\/p>\n<p style=\"text-align: justify;\">X\u00f3chitl G\u00e1lvez tambi\u00e9n tiene lo suyo con sendas reuniones proselitistas en la CDMX y en algunas entidades y no cesan sus funciones como senadora de la Rep\u00fablica, aprovechando toda oportunidad desde la alta tribuna parlamentaria, para atraer los reflectores y manifestarse con energ\u00eda contra las pol\u00edticas p\u00fablicas del Presidente Andr\u00e9s Manuel L\u00f3pez Obrador.<\/p>\n<p style=\"text-align: justify;\">La Comisi\u00f3n de Quejas del INE ha ordenado a Sheinbaum suspenda los actos masivos al aire libre, como el realizado en Chilpancingo y en otras ciudades del pa\u00eds; en lo sucesivo los eventos se realizar\u00e1n en lugares cerrados.<\/p>\n<p style=\"text-align: justify;\">Esta decisi\u00f3n caus\u00f3 malestar a Sheinbaum y Mario Delgado, quienes van a impugnar la resoluci\u00f3n y adecuar la estrategia de conformaci\u00f3n y fortalecimiento de los Comit\u00e9s de Base de MORENA, sin realizar eventos p\u00fablicos abiertos como ven\u00eda sucediendo.<\/p>\n<p style=\"text-align: justify;\">M\u00e1s adelante confirmaremos si Claudia y X\u00f3chitl se habr\u00eda sujetado a los ordenamientos del INE y evite sanciones que en caso extremo, no se permitir\u00e1 el registro de candidaturas, por violaciones a los acuerdos de la Comisi\u00f3n de Quejas y a la Ley Electoral.<\/p>\n<p style=\"text-align: justify;\">Con la novedad que Alejandro Encinas, subsecretario de Derechos Humanos de la Segob, tir\u00f3 el arpa del Caso Ayotzinapa, en el punto m\u00e1s \u00e1lgido de las investigaciones, sin que se conozca el destino de los 43 j\u00f3venes desaparecidos.<\/p>\n<p style=\"text-align: justify;\">El ex alto funcionario federal, ol\u00edmpicamente se ech\u00f3 un brinco para caer en los brazos de Claudia y continuar con su incesante carrera pol\u00edtica como reconocido militante de la izquierda nacional.<\/p>\n<p style=\"text-align: justify;\">Claudia Sheinbaum viene incorporando \u201ccartuchos quemados\u201d de todos los colores y partidos, aun con el fuerte reclamo, de los m\u00e1s fieles morenistas, que no se resignan a ser desplazados por aventureros y oportunistas como Ricardo Taja o Cesar Armenta, a toda costa empe\u00f1ados en arrebatarles las candidaturas a pioneros o fundadores de MORENA, con el riesgo que podr\u00edan quedarse como el chinito: \u201cnom\u00e1s milando\u201d.<\/p>\n<p style=\"text-align: justify;\"><strong>ENCUESTITIS.-<\/strong> La empresa mercadol\u00f3gica \u201cFactoM\u00e9trica\u201d dio a conocer la \u201cEncuesta de Preferencia y Opini\u00f3n de Partidos y Candidatos Presidenciales2024\u201d, correspondiente al mes de octubre de 2023, con los resultados siguientes: Claudia Sheinbaum, (Morena-PT-PVEM) 58.8%; X\u00f3chitl G\u00e1lvez, (PAN-PRI-PRD) 24.4%.<\/p>\n<p style=\"text-align: justify;\">La empresa demosc\u00f3pica \u201cPolls.mx\u201d, ofrece los siguientes resultados: \u201cPor Partido\u201d.- MORENA, 54%; PAN, 22%; PRI, 10%; MC, 4%; PT, 3%; PRD, 2%; PVEM, 2%.<br \/>\n\u201cPor Alianza\u201d.- Morena-PT-PVEM, 62%; PAN-PRI-PRD, 30%; MC, 6% .<\/p>\n<p style=\"text-align: justify;\">Conforme a la Encuesta de Encuestas Presidencial, la alianza Morena-PT-PVEM avanz\u00f3 3 puntos porcentuales respecto a la semana anterior en la intenci\u00f3n de voto (de 59% a 62%), misma cifra que descendi\u00f3 el Frente Amplio por M\u00e9xico (de 33% a 30%), con lo cual la diferencia entre ambos bloques pas\u00f3 de 26 puntos a 32.<\/p>\n<p style=\"text-align: justify;\"><em>] S\u00edguenos en nuestra p\u00e1gina de Facebook.com\/<a href=\"https:\/\/www.facebook.com\/acapulcopress\" target=\"_blank\" rel=\"noopener\">acapulcopress<\/a><\/em><br \/>\n<em>] S\u00edguenos en nuestro perfil de Facebook.com\/<a href=\"https:\/\/www.facebook.com\/angelblanco.press\" target=\"_blank\" rel=\"noopener\">angelblanco.press<\/a><\/em><\/p>\n","protected":false},"excerpt":{"rendered":"<p>Carabina 24-30 | La Sucesi\u00f3n del Poder \u00bb RICARDO | CASTILLO BARRIENTOS ] Facebook ) Ricardo Castillo Barrientos El Instituto Nacional Electoral (INE) est\u00e1 decidido a contener las campa\u00f1as pol\u00edticas de las presidenciables X\u00f3chitl G\u00e1lvez Ru\u00edz y Claudia Sheinbaum Pardo, qui\u00e9n no tiene un momento de reposo y anda recorriendo el pa\u00eds, en su calidad&#8230;<\/p>\n","protected":false},"author":2,"featured_media":1257865,"comment_status":"closed","ping_status":"closed","sticky":false,"template":"","format":"standard","meta":{"footnotes":""},"categories":[2071,1991],"tags":[5129,5853,10337,12503,15575,18162],"class_list":["post-1257864","post","type-post","status-publish","format-standard","has-post-thumbnail","hentry","category-opinion-analisis-columnas","category-libertad-de-expresion","tag-carabina-24-30","tag-claudia-sheinbaum-pardo","tag-instituto-nacional-electoral-ine","tag-maremagnum","tag-ricardo-castillo-barrientos","tag-xochitl-galvez-ruiz"],"_links":{"self":[{"href":"https:\/\/www.acapulcopress.com\/index.php\/wp-json\/wp\/v2\/posts\/1257864","targetHints":{"allow":["GET"]}}],"collection":[{"href":"https:\/\/www.acapulcopress.com\/index.php\/wp-json\/wp\/v2\/posts"}],"about":[{"href":"https:\/\/www.acapulcopress.com\/index.php\/wp-json\/wp\/v2\/types\/post"}],"author":[{"embeddable":true,"href":"https:\/\/www.acapulcopress.com\/index.php\/wp-json\/wp\/v2\/users\/2"}],"replies":[{"embeddable":true,"href":"https:\/\/www.acapulcopress.com\/index.php\/wp-json\/wp\/v2\/comments?post=1257864"}],"version-history":[{"count":0,"href":"https:\/\/www.acapulcopress.com\/index.php\/wp-json\/wp\/v2\/posts\/1257864\/revisions"}],"wp:featuredmedia":[{"embeddable":true,"href":"https:\/\/www.acapulcopress.com\/index.php\/wp-json\/"}],"wp:attachment":[{"href":"https:\/\/www.acapulcopress.com\/index.php\/wp-json\/wp\/v2\/media?parent=1257864"}],"wp:term":[{"taxonomy":"category","embeddable":true,"href":"https:\/\/www.acapulcopress.com\/index.php\/wp-json\/wp\/v2\/categories?post=1257864"},{"taxonomy":"post_tag","embeddable":true,"href":"https:\/\/www.acapulcopress.com\/index.php\/wp-json\/wp\/v2\/tags?post=1257864"}],"curies":[{"name":"wp","href":"https:\/\/api.w.org\/{rel}","templated":true}]}}