{"id":1257871,"date":"2023-10-19T15:25:04","date_gmt":"2023-10-19T21:25:04","guid":{"rendered":"https:\/\/www.acapulcopress.com\/?p=1257871"},"modified":"2023-10-19T15:25:04","modified_gmt":"2023-10-19T21:25:04","slug":"a-nombre-de-morena-recibio-jacko-badillo-reconocimiento-del-itaigro","status":"publish","type":"post","link":"https:\/\/www.acapulcopress.com\/index.php\/2023\/10\/19\/a-nombre-de-morena-recibio-jacko-badillo-reconocimiento-del-itaigro\/","title":{"rendered":"A nombre de Morena recibi\u00f3 Jacko Badillo reconocimiento del ITAIGro"},"content":{"rendered":"<p style=\"text-align: justify;\">ACAPULO * Octubre 19, 2023.<br \/>\n<em>) Especial<\/em><br \/>\nEl diputado local <a href=\"https:\/\/www.facebook.com\/SoyJackoBadillo\" target=\"_blank\" rel=\"noopener\">Joaqu\u00edn Badillo Escamilla<\/a> recibi\u00f3 este jueves un reconocimiento por parte del Instituto de Transparencia, Acceso a la Informaci\u00f3n y Protecci\u00f3n de Datos Personales <img loading=\"lazy\" decoding=\"async\" class=\"alignleft size-medium wp-image-1257873\" src=\"https:\/\/www.acapulcopress.com\/wp-content\/uploads\/2023\/10\/jackos-375x250.jpg\" alt=\"\" width=\"375\" height=\"250\" \/>del Estado de Guerrero, a nombre del partido Morena.<\/p>\n<p style=\"text-align: justify;\">En el evento denominado \u201cComisionado en tu Plaza\u201d, que se realiz\u00f3 en el z\u00f3calo del puerto, el ITAIGro concedi\u00f3 esa distinci\u00f3n al Movimiento de Regeneraci\u00f3n Nacional \u201cpor haber obtenido una de las calificaciones m\u00e1s sobresalientes en la verificaci\u00f3n vinculatoria efectuada en el a\u00f1o 2023, correspondiente al periodo enero-diciembre del ejercicio 2022, con un resultado del 93.4 dentro de este \u00f3rgano garante\u201d.<\/p>\n<p style=\"text-align: justify;\">Jacko Badillo, quien acudi\u00f3 en su calidad de representante del Poder Legislativo de Guerrero, tras recibir el reconocimiento a nombre de su partido Morena, por parte del comisionado presidente del ITAIGro, Roberto Nava Castro, destac\u00f3 el trabajo que viene desarrollando en Guerrero el presidente del comit\u00e9 estatal, Jacinto Gonz\u00e1lez Varona, la militancia y colaboradores que lo hacen posible.<\/p>\n<p style=\"text-align: justify;\">\u201cHa cumplido con toda la transparencia y rendici\u00f3n de cuentas que a un instituto pol\u00edtico se le puede exigir; esto nos invita a la militancia y a todos los que creemos en Morena, en la Cuarta Transformaci\u00f3n y que respaldamos a nuestra coordinadora nacional Claudia Sheinbaum, quien encabeza hoy nuestro movimiento. Me siento muy halagado por el alto honor de haber recibido este reconocimiento p\u00fablico para mi partido Morena\u201d, expres\u00f3 el legislador cien por ciento\u00a0acapulque\u00f1o.<\/p>\n<p style=\"text-align: justify;\"><em>] S\u00edguenos en nuestra p\u00e1gina de Facebook.com\/<a href=\"https:\/\/www.facebook.com\/acapulcopress\" target=\"_blank\" rel=\"noopener\">acapulcopress<\/a><\/em><br \/>\n<em>] S\u00edguenos en nuestro perfil de Facebook.com\/<a href=\"https:\/\/www.facebook.com\/angelblanco.press\" target=\"_blank\" rel=\"noopener\">angelblanco.press<\/a><\/em><\/p>\n","protected":false},"excerpt":{"rendered":"<p>ACAPULO * Octubre 19, 2023. ) Especial El diputado local Joaqu\u00edn Badillo Escamilla recibi\u00f3 este jueves un reconocimiento por parte del Instituto de Transparencia, Acceso a la Informaci\u00f3n y Protecci\u00f3n de Datos Personales del Estado de Guerrero, a nombre del partido Morena. En el evento denominado \u201cComisionado en tu Plaza\u201d, que se realiz\u00f3 en el&#8230;<\/p>\n","protected":false},"author":2,"featured_media":1257872,"comment_status":"closed","ping_status":"closed","sticky":false,"template":"","format":"standard","meta":{"footnotes":""},"categories":[1969,1989],"tags":[10479,10804,13297],"class_list":["post-1257871","post","type-post","status-publish","format-standard","has-post-thumbnail","hentry","category-trending","category-noticias-generales","tag-itaigro","tag-joaquin-badillo-escamilla","tag-morena"],"_links":{"self":[{"href":"https:\/\/www.acapulcopress.com\/index.php\/wp-json\/wp\/v2\/posts\/1257871","targetHints":{"allow":["GET"]}}],"collection":[{"href":"https:\/\/www.acapulcopress.com\/index.php\/wp-json\/wp\/v2\/posts"}],"about":[{"href":"https:\/\/www.acapulcopress.com\/index.php\/wp-json\/wp\/v2\/types\/post"}],"author":[{"embeddable":true,"href":"https:\/\/www.acapulcopress.com\/index.php\/wp-json\/wp\/v2\/users\/2"}],"replies":[{"embeddable":true,"href":"https:\/\/www.acapulcopress.com\/index.php\/wp-json\/wp\/v2\/comments?post=1257871"}],"version-history":[{"count":0,"href":"https:\/\/www.acapulcopress.com\/index.php\/wp-json\/wp\/v2\/posts\/1257871\/revisions"}],"wp:featuredmedia":[{"embeddable":true,"href":"https:\/\/www.acapulcopress.com\/index.php\/wp-json\/"}],"wp:attachment":[{"href":"https:\/\/www.acapulcopress.com\/index.php\/wp-json\/wp\/v2\/media?parent=1257871"}],"wp:term":[{"taxonomy":"category","embeddable":true,"href":"https:\/\/www.acapulcopress.com\/index.php\/wp-json\/wp\/v2\/categories?post=1257871"},{"taxonomy":"post_tag","embeddable":true,"href":"https:\/\/www.acapulcopress.com\/index.php\/wp-json\/wp\/v2\/tags?post=1257871"}],"curies":[{"name":"wp","href":"https:\/\/api.w.org\/{rel}","templated":true}]}}