{"id":1257882,"date":"2023-10-20T16:44:36","date_gmt":"2023-10-20T22:44:36","guid":{"rendered":"https:\/\/www.acapulcopress.com\/?p=1257882"},"modified":"2023-10-20T16:44:36","modified_gmt":"2023-10-20T22:44:36","slug":"gobernadora-entrego-premios-al-merito-juvenil-2023-a-jovenes-ejemplo-de-desarrollo-humano","status":"publish","type":"post","link":"https:\/\/www.acapulcopress.com\/index.php\/2023\/10\/20\/gobernadora-entrego-premios-al-merito-juvenil-2023-a-jovenes-ejemplo-de-desarrollo-humano\/","title":{"rendered":"Gobernadora entreg\u00f3 premios al M\u00e9rito Juvenil 2023 a j\u00f3venes ejemplo de desarrollo humano"},"content":{"rendered":"<p style=\"text-align: justify;\">CHILPANCINGO * Octubre 20, 2023.<br \/>\n<em>) Gobierno de Guerrero<\/em><\/p>\n<p style=\"text-align: justify;\"><img loading=\"lazy\" decoding=\"async\" class=\"alignleft size-medium wp-image-1257883\" src=\"https:\/\/www.acapulcopress.com\/wp-content\/uploads\/2023\/10\/ESP.-GALARDONES-375x250.jpg\" alt=\"\" width=\"375\" height=\"250\" \/>\u201cEn la Cuarta Transformaci\u00f3n los j\u00f3venes juegan un papel fundamental, son quienes llevan la antorcha del cambio, la llama de la innovaci\u00f3n y la energ\u00eda para construir un M\u00e9xico y un Guerrero pr\u00f3spero\u201d, afirm\u00f3 la gobernadora <a href=\"https:\/\/www.facebook.com\/EvelynSalgadoP\" target=\"_blank\" rel=\"noopener\">Evelyn Salgado Pineda<\/a> al reconocer a las y los ganadores del Premio Estatal al M\u00e9rito Juvenil 2023, cuya conducta, labor y trayectoria, son ejemplo de desarrollo humano, crecimiento profesional y buenas pr\u00e1cticas.<\/p>\n<p style=\"text-align: justify;\">En esta emotiva ceremonia desarrollada en el Auditorio \u201cJos\u00e9 Joaqu\u00edn de Herrera\u201d, la mandataria estatal reiter\u00f3 el compromiso de su gobierno con la juventud del estado, de trabajar incansablemente, apoyarles en cada paso de lo que hagan, para brindarles mayores oportunidades y abrir caminos hacia un futuro promisorio.<\/p>\n<p style=\"text-align: justify;\"><img loading=\"lazy\" decoding=\"async\" class=\"alignleft size-medium wp-image-1257885\" src=\"https:\/\/www.acapulcopress.com\/wp-content\/uploads\/2023\/10\/ESP.-GALARDONES3-375x250.jpg\" alt=\"\" width=\"375\" height=\"250\" \/>La gobernadora Evelyn Salgado, destac\u00f3 el talento y capacidad de las y los 10 j\u00f3venes galardonados a quienes se refiri\u00f3 como los verdaderos &#8216;influencers&#8217; que las ni\u00f1as, ni\u00f1os y los adolescentes deben de seguir. \u201cSigan siendo inspiraci\u00f3n para las futuras generaciones, contin\u00faen trabajando para transformar cada rinc\u00f3n y comunidad de Guerrero, sus esfuerzos son fundamentales para construir un estado m\u00e1s pr\u00f3spero y m\u00e1s equitativo\u201d, expres\u00f3.<\/p>\n<p style=\"text-align: justify;\">Evelyn Salgado entreg\u00f3 los galardones en la categor\u00eda de Discapacidad e Integraci\u00f3n a Marco Antonio Cortez Molina de la Regi\u00f3n Centro; En Ciencia y Tecnolog\u00eda, Axel Espinobarros Peralta de la Regi\u00f3n Monta\u00f1a; Derechos Humanos, Jairo Samuel Brito Vega de la Regi\u00f3n Norte; Logro Acad\u00e9mico, Catherine Gonz\u00e1lez D\u00edaz de la Regi\u00f3n Norte; <img loading=\"lazy\" decoding=\"async\" class=\"alignleft size-medium wp-image-1257886\" src=\"https:\/\/www.acapulcopress.com\/wp-content\/uploads\/2023\/10\/ESP.-GALARDONES4-375x247.jpg\" alt=\"\" width=\"375\" height=\"247\" \/>Compromiso Social, Dante Morales Roque de la Regi\u00f3n Costa Chica.<\/p>\n<p style=\"text-align: justify;\">As\u00ed como en la categor\u00eda de Protecci\u00f3n al Ambiente y Desarrollo Sostenible, Saulen Justino Jacinto Rom\u00e1n de la Regi\u00f3n Acapulco; M\u00e9rito Deportivo, Jade Moctezuma V\u00e1zquez de la Regi\u00f3n Norte; Expresiones Art\u00edsticas y Artes Populares, Alondra Cecilia Gonz\u00e1lez de la Regi\u00f3n Monta\u00f1a; Fortalecimiento a la Cultura Ind\u00edgena y Afrodescendiente, Rodolfo Basurto Mendoza de la Regi\u00f3n Monta\u00f1a y por su Aportaci\u00f3n a la Cultura Pol\u00edtica y a la Democracia, Johana Natalie Corona Vega de la Regi\u00f3n Centro.<\/p>\n<p><img loading=\"lazy\" decoding=\"async\" class=\"alignnone wp-image-1257888 size-large\" src=\"https:\/\/www.acapulcopress.com\/wp-content\/uploads\/2023\/10\/ESP.-GALARDONES6-840x560.jpg\" alt=\"\" width=\"696\" height=\"464\" \/><\/p>\n<p><em>] S\u00edguenos en nuestra p\u00e1gina de Facebook.com\/<a href=\"https:\/\/www.facebook.com\/acapulcopress\" target=\"_blank\" rel=\"noopener\">acapulcopress<\/a><\/em><br \/>\n<em>] S\u00edguenos en nuestro perfil de Facebook.com\/<a href=\"https:\/\/www.facebook.com\/angelblanco.press\" target=\"_blank\" rel=\"noopener\">angelblanco.press<\/a><\/em><\/p>\n","protected":false},"excerpt":{"rendered":"<p>CHILPANCINGO * Octubre 20, 2023. ) Gobierno de Guerrero \u201cEn la Cuarta Transformaci\u00f3n los j\u00f3venes juegan un papel fundamental, son quienes llevan la antorcha del cambio, la llama de la innovaci\u00f3n y la energ\u00eda para construir un M\u00e9xico y un Guerrero pr\u00f3spero\u201d, afirm\u00f3 la gobernadora Evelyn Salgado Pineda al reconocer a las y los ganadores&#8230;<\/p>\n","protected":false},"author":2,"featured_media":1257887,"comment_status":"closed","ping_status":"closed","sticky":false,"template":"","format":"standard","meta":{"footnotes":""},"categories":[1983,18561],"tags":[8251,14826],"class_list":["post-1257882","post","type-post","status-publish","format-standard","has-post-thumbnail","hentry","category-guerrerogob","category-society-politics","tag-evelyn-salgado-pineda","tag-premio-estatal-al-merito-juvenil-2023"],"_links":{"self":[{"href":"https:\/\/www.acapulcopress.com\/index.php\/wp-json\/wp\/v2\/posts\/1257882","targetHints":{"allow":["GET"]}}],"collection":[{"href":"https:\/\/www.acapulcopress.com\/index.php\/wp-json\/wp\/v2\/posts"}],"about":[{"href":"https:\/\/www.acapulcopress.com\/index.php\/wp-json\/wp\/v2\/types\/post"}],"author":[{"embeddable":true,"href":"https:\/\/www.acapulcopress.com\/index.php\/wp-json\/wp\/v2\/users\/2"}],"replies":[{"embeddable":true,"href":"https:\/\/www.acapulcopress.com\/index.php\/wp-json\/wp\/v2\/comments?post=1257882"}],"version-history":[{"count":0,"href":"https:\/\/www.acapulcopress.com\/index.php\/wp-json\/wp\/v2\/posts\/1257882\/revisions"}],"wp:featuredmedia":[{"embeddable":true,"href":"https:\/\/www.acapulcopress.com\/index.php\/wp-json\/"}],"wp:attachment":[{"href":"https:\/\/www.acapulcopress.com\/index.php\/wp-json\/wp\/v2\/media?parent=1257882"}],"wp:term":[{"taxonomy":"category","embeddable":true,"href":"https:\/\/www.acapulcopress.com\/index.php\/wp-json\/wp\/v2\/categories?post=1257882"},{"taxonomy":"post_tag","embeddable":true,"href":"https:\/\/www.acapulcopress.com\/index.php\/wp-json\/wp\/v2\/tags?post=1257882"}],"curies":[{"name":"wp","href":"https:\/\/api.w.org\/{rel}","templated":true}]}}