{"id":1257898,"date":"2023-10-20T17:42:08","date_gmt":"2023-10-20T23:42:08","guid":{"rendered":"https:\/\/www.acapulcopress.com\/?p=1257898"},"modified":"2023-10-20T17:42:08","modified_gmt":"2023-10-20T23:42:08","slug":"vamos-juntos-y-con-todo-con-xochitl-pri","status":"publish","type":"post","link":"https:\/\/www.acapulcopress.com\/index.php\/2023\/10\/20\/vamos-juntos-y-con-todo-con-xochitl-pri\/","title":{"rendered":"\u00ab\u00a1Vamos juntos y con todo con X\u00f3chitl!\u00bb | PRI"},"content":{"rendered":"<p style=\"text-align: justify;\">CIUDAD DE M\u00c9XICO * Octubre 20, 2023.<br \/>\n<em>) Especial<\/em><\/p>\n<p style=\"text-align: justify;\">Los priistas apoyamos el Presupuesto para Todos, una alternativa presentada por la Senadora <a href=\"https:\/\/www.facebook.com\/Xochitl.Galvez.R\" target=\"_blank\" rel=\"noopener\">X\u00f3chitl G\u00e1lvez<\/a>, quien es la Responsable de la Construcci\u00f3n del Frente Amplio por M\u00e9xico, a quien todos los partidos integrantes de este proyecto le damos nuestro apoyo y nuestro respaldo, afirm\u00f3 <a href=\"https:\/\/www.facebook.com\/AlejandroMC\" target=\"_blank\" rel=\"noopener\">Alejandro Moreno<\/a>, Presidente del Comit\u00e9 Ejecutivo Nacional (CEN) del Partido Revolucionario Institucional (PRI).<\/p>\n<p style=\"text-align: justify;\">\u201cLos integrantes del Frente Amplio por M\u00e9xico seguiremos insistiendo cuantas veces sea necesario y daremos la batalla por un Presupuesto justo, un Presupuesto para todos, un Presupuesto incluyente, congruente con la realidad de las y los mexicanos\u201d, asegur\u00f3.<\/p>\n<p style=\"text-align: justify;\">En un video difundido a trav\u00e9s de sus redes sociales, el Presidente Alejandro Moreno subray\u00f3 que en el Presupuesto para Todos \u201cqueremos ampliar los programas sociales, estamos a favor de ellos, pero tambi\u00e9n garantizar la pensi\u00f3n para los adultos mayores desde los 60 a\u00f1os. Esa es una propuesta de fondo, seria, importante, para fortalecer a ese gran sector del pueblo de M\u00e9xico\u201d.<\/p>\n<p style=\"text-align: justify;\">Agreg\u00f3 que \u201cvamos y queremos regresar el Seguro Popular y devolver la atenci\u00f3n m\u00e9dica a m\u00e1s de 50 millones de mexicanas y mexicanos que hoy no la tienen, y que Morena se las quit\u00f3. Polic\u00edas estatales y municipales que regresen la paz a las calles, rescatar al campo y reavivar los sectores productivos, para que tengan todos nuevas oportunidades\u201d.<\/p>\n<p style=\"text-align: justify;\">El l\u00edder nacional del PRI destac\u00f3 que el Presupuesto \u201ces la herramienta m\u00e1s poderosa que tiene un gobierno para resolver los problemas de una naci\u00f3n\u201d, pero recalc\u00f3 que \u201cMorena ha desperdiciado cada oportunidad de presentar un Presupuesto que atienda los temas que m\u00e1s lastiman a la sociedad, como la inseguridad, la educaci\u00f3n y la atenci\u00f3n m\u00e9dica\u201d.<\/p>\n<p style=\"text-align: justify;\">El tambi\u00e9n diputado federal sostuvo que la propuesta de Morena \u201cabandona a todas las familias del campo, descuida las ya de por s\u00ed deterioradas carreteras, sacrifica la inversi\u00f3n y reduce todos los recursos a estados y municipios\u201d. No hay un solo peso, remarc\u00f3, destinado a emprender, a innovar, a fomentar el empleo, a apoyar a los j\u00f3venes, a las mujeres.<\/p>\n<p style=\"text-align: justify;\">\u201cHoy proponen endeudar al pa\u00eds como nunca antes, para poder terminar con esas obras fara\u00f3nicas que de nada sirven a nuestro pa\u00eds y que en esta administraci\u00f3n lo \u00fanico que est\u00e1n dejando es m\u00e1s corrupci\u00f3n y poder tener un cochinito para hacer trampa en las pr\u00f3ximas elecciones\u201d, puntualiz\u00f3.<\/p>\n<p style=\"text-align: justify;\">El Presidente Alejandro Moreno argument\u00f3 que \u201cel gobierno de Morena est\u00e1 saqueando el pa\u00eds, son unos c\u00ednicos y corruptos que est\u00e1n llevando a M\u00e9xico al desfiladero\u201d.<\/p>\n<p style=\"text-align: justify;\">\u201cSe acabaron los ahorros y de manera sistem\u00e1tica han desaparecido todos los programas, fondos, fideicomisos, que le serv\u00edan a nuestro pa\u00eds para enfrentar momentos de crisis, como el Fonden o el que daban a seguridad para que la clase trabajadora tuviera apoyos, tuviera respaldo, como lo acaban de hacer hoy, eliminando fideicomisos, recursos, al Poder Judicial de la Federaci\u00f3n\u201d, expres\u00f3.<\/p>\n<p style=\"text-align: justify;\">Finalmente, el l\u00edder nacional del PRI invit\u00f3 a los ciudadanos a conocer la propuesta que han presentado los priistas y dijo que \u201caqu\u00ed vamos juntos, aqu\u00ed vamos con todo. La esperanza cambi\u00f3 de manos, la certeza y la certidumbre la representa hoy X\u00f3chitl G\u00e1lvez. Vamos con todo\u201d.<\/p>\n<p><em>] S\u00edguenos en nuestra p\u00e1gina de Facebook.com\/<a href=\"https:\/\/www.facebook.com\/acapulcopress\" target=\"_blank\" rel=\"noopener\">acapulcopress<\/a><\/em><br \/>\n<em>] S\u00edguenos en nuestro perfil de Facebook.com\/<a href=\"https:\/\/www.facebook.com\/angelblanco.press\" target=\"_blank\" rel=\"noopener\">angelblanco.press<\/a><\/em><\/p>\n","protected":false},"excerpt":{"rendered":"<p>CIUDAD DE M\u00c9XICO * Octubre 20, 2023. ) Especial Los priistas apoyamos el Presupuesto para Todos, una alternativa presentada por la Senadora X\u00f3chitl G\u00e1lvez, quien es la Responsable de la Construcci\u00f3n del Frente Amplio por M\u00e9xico, a quien todos los partidos integrantes de este proyecto le damos nuestro apoyo y nuestro respaldo, afirm\u00f3 Alejandro Moreno,&#8230;<\/p>\n","protected":false},"author":2,"featured_media":1257899,"comment_status":"closed","ping_status":"closed","sticky":false,"template":"","format":"standard","meta":{"footnotes":""},"categories":[1997],"tags":[4718,14304,15207],"class_list":["post-1257898","post","type-post","status-publish","format-standard","has-post-thumbnail","hentry","category-noticias-destacadas","tag-bertha-xochitl-galvez-ruiz","tag-partido-revolucionario-institucional-pri","tag-rafael-alejandro-moreno-cardenas"],"_links":{"self":[{"href":"https:\/\/www.acapulcopress.com\/index.php\/wp-json\/wp\/v2\/posts\/1257898","targetHints":{"allow":["GET"]}}],"collection":[{"href":"https:\/\/www.acapulcopress.com\/index.php\/wp-json\/wp\/v2\/posts"}],"about":[{"href":"https:\/\/www.acapulcopress.com\/index.php\/wp-json\/wp\/v2\/types\/post"}],"author":[{"embeddable":true,"href":"https:\/\/www.acapulcopress.com\/index.php\/wp-json\/wp\/v2\/users\/2"}],"replies":[{"embeddable":true,"href":"https:\/\/www.acapulcopress.com\/index.php\/wp-json\/wp\/v2\/comments?post=1257898"}],"version-history":[{"count":0,"href":"https:\/\/www.acapulcopress.com\/index.php\/wp-json\/wp\/v2\/posts\/1257898\/revisions"}],"wp:featuredmedia":[{"embeddable":true,"href":"https:\/\/www.acapulcopress.com\/index.php\/wp-json\/"}],"wp:attachment":[{"href":"https:\/\/www.acapulcopress.com\/index.php\/wp-json\/wp\/v2\/media?parent=1257898"}],"wp:term":[{"taxonomy":"category","embeddable":true,"href":"https:\/\/www.acapulcopress.com\/index.php\/wp-json\/wp\/v2\/categories?post=1257898"},{"taxonomy":"post_tag","embeddable":true,"href":"https:\/\/www.acapulcopress.com\/index.php\/wp-json\/wp\/v2\/tags?post=1257898"}],"curies":[{"name":"wp","href":"https:\/\/api.w.org\/{rel}","templated":true}]}}