{"id":1257902,"date":"2023-10-23T19:17:39","date_gmt":"2023-10-24T01:17:39","guid":{"rendered":"https:\/\/www.acapulcopress.com\/?p=1257902"},"modified":"2023-10-23T19:17:39","modified_gmt":"2023-10-24T01:17:39","slug":"tormenta-otis-podria-impactar-guerrero-el-miercoles","status":"publish","type":"post","link":"https:\/\/www.acapulcopress.com\/index.php\/2023\/10\/23\/tormenta-otis-podria-impactar-guerrero-el-miercoles\/","title":{"rendered":"&#8216;Otis&#8217; podr\u00eda impactar Guerrero el mi\u00e9rcoles"},"content":{"rendered":"<p style=\"text-align: justify;\">CHILPANCINGO * Octubre 23, 2023.<br \/>\n<em>) Congreso de Guerrero<\/em><\/p>\n<p style=\"text-align: justify;\">La Secretar\u00eda de Gesti\u00f3n Integral de Riesgos y Protecci\u00f3n Civil mantiene en vigilancia la evoluci\u00f3n y trayectoria de la Tormenta Tropical \u201cOtis\u201d, la cual podr\u00eda tocar tierra el pr\u00f3ximo d\u00eda mi\u00e9rcoles en las costas de Guerrero, generando lluvias de variada intensidad, fuertes vientos y alto oleaje.<\/p>\n<p style=\"text-align: justify;\">La ma\u00f1ana de este lunes, dicho sistema meteorol\u00f3gico se localizaba a 600 Kil\u00f3metros al sureste de Acapulco, Guerrero, presentando vientos sostenidos de 75 Kil\u00f3metros por hora, con trayectoria hacia el norte a raz\u00f3n de 7 Kil\u00f3metros por hora.<\/p>\n<p style=\"text-align: justify;\">De acuerdo con el pron\u00f3stico del Servicio Meteorol\u00f3gico Nacional, la actual trayectoria de \u201cOtis\u201d representa un riesgo para Guerrero, ya que se prev\u00e9 pueda impactar entre los municipios de Acapulco y Coyuca de Ben\u00edtez en el transcurso del d\u00eda mi\u00e9rcoles, generando lluvias intensas, fuertes vientos y oleaje de dos a cuatro metros de altura.<\/p>\n<p style=\"text-align: justify;\">Se espera que sus bandas nubosas comiencen afectar la regi\u00f3n costa Chica y Acapulco de manera gradual a partir de ma\u00f1ana martes, ocasionando precipitaciones de moderadas a fuertes durante el d\u00eda, e intensific\u00e1ndose durante la noche y madrugada del mi\u00e9rcoles.<\/p>\n<p style=\"text-align: justify;\">Protecci\u00f3n Civil de Guerrero mantiene activos los protocolos de vigilancia e informaci\u00f3n, a fin de emitir los avisos y alertamientos de manera oportuna para las autoridades y poblaci\u00f3n en general, con el prop\u00f3sito de que se puedan extremar las medidas de precauci\u00f3n necesarias.<\/p>\n<p style=\"text-align: justify;\">Se recomienda mantenerse informado sobre la evoluci\u00f3n y trayectoria de este sistema a trav\u00e9s de fuentes oficiales, no propagar rumores, ubicar el refugio temporal m\u00e1s cercano y atender las indicaciones de las autoridades de seguridad y protecci\u00f3n civil.<\/p>\n<p style=\"text-align: justify;\">De igual modo, se pide extremar medidas de cuidado, ya que las lluvias pronosticadas pueden generar el incremento de r\u00edos, arroyos y lagunas, as\u00ed como incrementar el riesgo de derrumbes, deslaves e inundaciones\u00a0en\u00a0zonas\u00a0bajas.<\/p>\n<p style=\"text-align: justify;\"><em>] S\u00edguenos en nuestra p\u00e1gina de Facebook.com\/<a href=\"https:\/\/www.facebook.com\/acapulcopress\" target=\"_blank\" rel=\"noopener\">acapulcopress<\/a><\/em><br \/>\n<em>] S\u00edguenos en nuestro perfil de Facebook.com\/<a href=\"https:\/\/www.facebook.com\/angelblanco.press\" target=\"_blank\" rel=\"noopener\">angelblanco.press<\/a><\/em><\/p>\n","protected":false},"excerpt":{"rendered":"<p>CHILPANCINGO * Octubre 23, 2023. ) Congreso de Guerrero La Secretar\u00eda de Gesti\u00f3n Integral de Riesgos y Protecci\u00f3n Civil mantiene en vigilancia la evoluci\u00f3n y trayectoria de la Tormenta Tropical \u201cOtis\u201d, la cual podr\u00eda tocar tierra el pr\u00f3ximo d\u00eda mi\u00e9rcoles en las costas de Guerrero, generando lluvias de variada intensidad, fuertes vientos y alto oleaje&#8230;.<\/p>\n","protected":false},"author":2,"featured_media":1257903,"comment_status":"closed","ping_status":"closed","sticky":false,"template":"","format":"standard","meta":{"footnotes":""},"categories":[2036,1969,1972,1997],"tags":[17301],"class_list":["post-1257902","post","type-post","status-publish","format-standard","has-post-thumbnail","hentry","category-el-clima","category-trending","category-special","category-noticias-destacadas","tag-tormenta-tropical-otis"],"_links":{"self":[{"href":"https:\/\/www.acapulcopress.com\/index.php\/wp-json\/wp\/v2\/posts\/1257902","targetHints":{"allow":["GET"]}}],"collection":[{"href":"https:\/\/www.acapulcopress.com\/index.php\/wp-json\/wp\/v2\/posts"}],"about":[{"href":"https:\/\/www.acapulcopress.com\/index.php\/wp-json\/wp\/v2\/types\/post"}],"author":[{"embeddable":true,"href":"https:\/\/www.acapulcopress.com\/index.php\/wp-json\/wp\/v2\/users\/2"}],"replies":[{"embeddable":true,"href":"https:\/\/www.acapulcopress.com\/index.php\/wp-json\/wp\/v2\/comments?post=1257902"}],"version-history":[{"count":0,"href":"https:\/\/www.acapulcopress.com\/index.php\/wp-json\/wp\/v2\/posts\/1257902\/revisions"}],"wp:featuredmedia":[{"embeddable":true,"href":"https:\/\/www.acapulcopress.com\/index.php\/wp-json\/"}],"wp:attachment":[{"href":"https:\/\/www.acapulcopress.com\/index.php\/wp-json\/wp\/v2\/media?parent=1257902"}],"wp:term":[{"taxonomy":"category","embeddable":true,"href":"https:\/\/www.acapulcopress.com\/index.php\/wp-json\/wp\/v2\/categories?post=1257902"},{"taxonomy":"post_tag","embeddable":true,"href":"https:\/\/www.acapulcopress.com\/index.php\/wp-json\/wp\/v2\/tags?post=1257902"}],"curies":[{"name":"wp","href":"https:\/\/api.w.org\/{rel}","templated":true}]}}