{"id":1257910,"date":"2023-10-23T22:26:15","date_gmt":"2023-10-24T04:26:15","guid":{"rendered":"https:\/\/www.acapulcopress.com\/?p=1257910"},"modified":"2023-10-23T22:26:15","modified_gmt":"2023-10-24T04:26:15","slug":"estiman-en-mas-de-500-millones-de-pesos-derrama-economica-del-airshow-2023","status":"publish","type":"post","link":"https:\/\/www.acapulcopress.com\/index.php\/2023\/10\/23\/estiman-en-mas-de-500-millones-de-pesos-derrama-economica-del-airshow-2023\/","title":{"rendered":"Estiman en m\u00e1s de 500 millones de pesos derrama econ\u00f3mica del AirShow 2023"},"content":{"rendered":"<p style=\"text-align: justify;\">ACAPULCO * Octubre 23, 2023.<br \/>\n<em>)\u00a0 Gobierno de Guerrero<\/em><br \/>\nM\u00e1s de 500 millones de pesos se estima que ser\u00e1 la derrama econ\u00f3mica que dejar\u00e1 la emoci\u00f3n y la adrenalina del <em>Air Show 2023<\/em> en su regreso al Puerto del Acapulco, lo que ha generado una gran expectativa para el turismo nacional y extranjero en el \u00abHogar del Sol\u00bb.<\/p>\n<p style=\"text-align: justify;\">El cielo de la Bah\u00eda de Acapulco ser\u00e1 el escenario perfecto del esperado Air Show 2023 durante los d\u00edas 10, 11 y 12 de noviembre, un evento de renombre internacional que promete cautivar a locales y visitantes por igual.<\/p>\n<p style=\"text-align: justify;\">La gobernadora <a href=\"https:\/\/www.facebook.com\/EvelynSalgadoP\" target=\"_blank\" rel=\"noopener\">Evelyn Salgado Pineda<\/a>, acompa\u00f1ada de Jes\u00fas N\u00fa\u00f1ez Gonz\u00e1lez del comit\u00e9 <img loading=\"lazy\" decoding=\"async\" class=\"alignleft size-medium wp-image-1257912\" src=\"https:\/\/www.acapulcopress.com\/wp-content\/uploads\/2023\/10\/air-show-2023-375x250.jpg\" alt=\"\" width=\"375\" height=\"250\" \/>organizador anunciaron con entusiasmo el regreso de uno de los espect\u00e1culos m\u00e1s esperados, tras cinco a\u00f1os de ausencia.<\/p>\n<p style=\"text-align: justify;\">Este logro, expres\u00f3 N\u00fa\u00f1ez Gonz\u00e1lez, fue posible gracias al incansable trabajo y apoyo de la gobernadora, reconocimiento que se extendi\u00f3 a instituciones clave como la Secretar\u00eda de la Marina, la Secretar\u00eda de la Defensa, la Fuerza A\u00e9rea Mexicana, la Guardia Nacional, Aeropuerto Internacional de Acapulco, SENEAM-SCT, entre otras.<\/p>\n<p style=\"text-align: justify;\">Destacados pilotos internacionales, como Scott Farnsworth y Melissa Burns, aseguran un espect\u00e1culo de clase mundial. Adem\u00e1s, la Teniente de la Fuerza A\u00e9rea Mexicana, Alondra Mora Vargas, aportar\u00e1 diversidad y excelencia al pilotar un avi\u00f3n T-6.<\/p>\n<p style=\"text-align: justify;\">Enfatizando el papel protagonista de las mujeres en este evento, Salgado Pineda resalt\u00f3 que las pilotas Mora Vargas y Burns \u201cSon dos grandes ejemplos de que las mujeres tambi\u00e9n pueden conquistar los cielos\u201d.<\/p>\n<p style=\"text-align: justify;\">Este evento no solo atrae la atenci\u00f3n por sus exhibiciones a\u00e9reas de primer nivel, sino que tambi\u00e9n proyecta un impacto econ\u00f3mico significativo en la regi\u00f3n con una derrama estimada de 500 millones de pesos y una previsi\u00f3n de ocupaci\u00f3n hotelera del 70\u202f%, posicionando la marca Acapulco como destino tur\u00edstico de primer nivel.<\/p>\n<p style=\"text-align: justify;\">Con m\u00e1s de 18 aeronaves provenientes de todo el mundo, este evento ser\u00e1 una experiencia \u00fanica que cautivar\u00e1 a los asistentes. Adem\u00e1s de las exhibiciones en el cielo, las aeronaves estar\u00e1n en presentaci\u00f3n est\u00e1tica en el Hangar del Aeropuerto Internacional Acapulco, del 10 al 12\u00a0de\u00a0noviembre.<\/p>\n<div style=\"width: 848px;\" class=\"wp-video\"><video class=\"wp-video-shortcode\" id=\"video-1257910-1\" width=\"848\" height=\"480\" preload=\"metadata\" controls=\"controls\"><source type=\"video\/mp4\" src=\"https:\/\/www.acapulcopress.com\/wp-content\/uploads\/2023\/10\/air-show-2023-acapulco.mp4?_=1\" \/><a href=\"https:\/\/www.acapulcopress.com\/wp-content\/uploads\/2023\/10\/air-show-2023-acapulco.mp4\">https:\/\/www.acapulcopress.com\/wp-content\/uploads\/2023\/10\/air-show-2023-acapulco.mp4<\/a><\/video><\/div>\n<p style=\"text-align: justify;\"><em>] S\u00edguenos en nuestra p\u00e1gina de Facebook.com\/<a href=\"https:\/\/www.facebook.com\/acapulcopress\" target=\"_blank\" rel=\"noopener\">acapulcopress<\/a><\/em><br \/>\n<em>] S\u00edguenos en nuestro perfil de Facebook.com\/<a href=\"https:\/\/www.facebook.com\/angelblanco.press\" target=\"_blank\" rel=\"noopener\">angelblanco.press<\/a><\/em><br \/>\n<em>] Vista nuestro sitio web de acapulcopress.com<\/em><\/p>\n","protected":false},"excerpt":{"rendered":"<p>ACAPULCO * Octubre 23, 2023. )\u00a0 Gobierno de Guerrero M\u00e1s de 500 millones de pesos se estima que ser\u00e1 la derrama econ\u00f3mica que dejar\u00e1 la emoci\u00f3n y la adrenalina del Air Show 2023 en su regreso al Puerto del Acapulco, lo que ha generado una gran expectativa para el turismo nacional y extranjero en el&#8230;<\/p>\n","protected":false},"author":2,"featured_media":1257913,"comment_status":"closed","ping_status":"closed","sticky":false,"template":"","format":"standard","meta":{"footnotes":""},"categories":[1972,1988,18562],"tags":[3428,8251],"class_list":["post-1257910","post","type-post","status-publish","format-standard","has-post-thumbnail","hentry","category-special","category-lifestyles","category-turism","tag-air-show-2023","tag-evelyn-salgado-pineda"],"_links":{"self":[{"href":"https:\/\/www.acapulcopress.com\/index.php\/wp-json\/wp\/v2\/posts\/1257910","targetHints":{"allow":["GET"]}}],"collection":[{"href":"https:\/\/www.acapulcopress.com\/index.php\/wp-json\/wp\/v2\/posts"}],"about":[{"href":"https:\/\/www.acapulcopress.com\/index.php\/wp-json\/wp\/v2\/types\/post"}],"author":[{"embeddable":true,"href":"https:\/\/www.acapulcopress.com\/index.php\/wp-json\/wp\/v2\/users\/2"}],"replies":[{"embeddable":true,"href":"https:\/\/www.acapulcopress.com\/index.php\/wp-json\/wp\/v2\/comments?post=1257910"}],"version-history":[{"count":0,"href":"https:\/\/www.acapulcopress.com\/index.php\/wp-json\/wp\/v2\/posts\/1257910\/revisions"}],"wp:featuredmedia":[{"embeddable":true,"href":"https:\/\/www.acapulcopress.com\/index.php\/wp-json\/"}],"wp:attachment":[{"href":"https:\/\/www.acapulcopress.com\/index.php\/wp-json\/wp\/v2\/media?parent=1257910"}],"wp:term":[{"taxonomy":"category","embeddable":true,"href":"https:\/\/www.acapulcopress.com\/index.php\/wp-json\/wp\/v2\/categories?post=1257910"},{"taxonomy":"post_tag","embeddable":true,"href":"https:\/\/www.acapulcopress.com\/index.php\/wp-json\/wp\/v2\/tags?post=1257910"}],"curies":[{"name":"wp","href":"https:\/\/api.w.org\/{rel}","templated":true}]}}