{"id":1257916,"date":"2023-11-10T12:20:12","date_gmt":"2023-11-10T18:20:12","guid":{"rendered":"https:\/\/www.acapulcopress.com\/?p=1257916"},"modified":"2023-11-10T12:20:12","modified_gmt":"2023-11-10T18:20:12","slug":"ayuda-y-reconstruccion-continuan-cnpc","status":"publish","type":"post","link":"https:\/\/www.acapulcopress.com\/index.php\/2023\/11\/10\/ayuda-y-reconstruccion-continuan-cnpc\/","title":{"rendered":"Otis | Ayuda y reconstrucci\u00f3n contin\u00faan | CNPC"},"content":{"rendered":"<p style=\"text-align: justify;\"><em>* Lo que concluy\u00f3 es la etapa de \u00absituaci\u00f3n de emergencia\u00bb, pero de acuerdo con la instrucci\u00f3n del Presidente AMLO \u00abno existe l\u00edmite de recursos para continuar con el abastecimiento de comida, agua potable, enseres y apoyos econ\u00f3micos en cada una de las viviendas de la poblaci\u00f3n de Acapulco y Coyuca de Ben\u00edtez\u00bb, precisa CNPC <\/em><br \/>\n<strong><em>* A pesar de las voces que quieren confundir a la poblaci\u00f3n y diseminar informaci\u00f3n falsa, el Gobierno de M\u00e9xico el Gobierno del Estado de Guerrero y el Gobierno de Acapulco contin\u00faan con la atenci\u00f3n de la recuperaci\u00f3n del municipio con un equipo superior a 30 mil servidores p\u00fablicos que trabajan d\u00eda y noche en Acapulco y Coyuca de Ben\u00edtez en las fases de recuperaci\u00f3n y reconstrucci\u00f3n\u00bb, suscribe la Coordinaci\u00f3n Nacional de Protecci\u00f3n Civil.<\/em><\/strong><\/p>\n<p>\u00bb <a href=\"https:\/\/www.facebook.com\/acapulcopress.news\" target=\"_blank\" rel=\"noopener\"><strong>\u00c1ngel | Blanco<\/strong><\/a><strong><br \/>\n<\/strong>ACAPULCO * Noviembre 10, 2023.<br \/>\n<em>) <a href=\"https:\/\/www.facebook.com\/acapulcopress.news\" target=\"_blank\" rel=\"noopener\">Acapulco Press<\/a><\/em><\/p>\n<p style=\"text-align: justify;\">\u00abEn Acapulco no se mantiene una situaci\u00f3n que pudiera causar da\u00f1o a la poblaci\u00f3n o a sus bienes\u00bb, es decir, \u00abun riesgo excesivo para la seguridad e integridad de la poblaci\u00f3n\u00bb, sostiene la <a href=\"https:\/\/www.facebook.com\/CNPCmx\" target=\"_blank\" rel=\"noopener\">Coordinaci\u00f3n Nacional de Protecci\u00f3n Civil<\/a> (CNPC). Por tal motivo, hace la aclaraci\u00f3n que, aunque se dio por finalizada la etapa de &#8216;situaci\u00f3n de emergencia&#8217;, \u00abno existe l\u00edmite de recursos para continuar con el abastecimiento de comida, agua potable, enseres y apoyos econ\u00f3micos en cada una de las viviendas de la poblaci\u00f3n (afectada) en Acapulco y Coyuca de Ben\u00edtez\u00bb.<\/p>\n<p style=\"text-align: justify;\">Bajo el amparo del Art\u00edculo 2, fracci\u00f3n XVIII, de la Ley General de Protecci\u00f3n Civil, la cual define como \u00abemergencia\u00bb a la \u00absituaci\u00f3n anormal que puede causar un da\u00f1os a la sociedad y propiciar un riesgo excesivo para la seguridad e integridad de la poblaci\u00f3n, en general, generada o asociada con la inminencia, alta probabilidad o presencia de una gente perturbador\u00bb, la CNPC aclara que en Acapulco \u00abno existe riesgo a la poblaci\u00f3n por los efectos de viento o lluvia severa que pudiera causar inundaciones\u00bb y tampoco \u00abno se registran \u00e1reas inundadas o susceptibles a sufrir da\u00f1os, dese el pasado 24 de octubre.<\/p>\n<p style=\"text-align: justify;\">Todo lo anterior surge a raz\u00f3n de la \u00abfalsa premisa de asociar una situaci\u00f3n de emergencia a los procesos de recuperaci\u00f3n y reconstrucci\u00f3n\u00bb.<\/p>\n<p style=\"text-align: justify;\">La Coordinadora Nacional de Protecci\u00f3n Civil precisa que, con base a este contexto, \u00abla situaci\u00f3n de emergencia ya ha concluido\u00bb, pero se ha dado paso a la \u00abetapa de recuperaci\u00f3n mediante la puesta en marcha del Plan Genera de Reconstrucci\u00f3n y Apoyo a la Poblaci\u00f3n Afectada en Acapulco y Coyuca de Ben\u00edtez, con la participaci\u00f3n de directa del Gobierno de M\u00e9xico, a trav\u00e9s de sus instituciones federales como <em><a href=\"https:\/\/www.facebook.com\/SEDATU.Mexico\" target=\"_blank\" rel=\"noopener\">Sedatu<\/a>, <a href=\"https:\/\/www.facebook.com\/SEDENAmxOficial\" target=\"_blank\" rel=\"noopener\">Sedena<\/a>, <a href=\"https:\/\/www.facebook.com\/SEMARMX\/\" target=\"_blank\" rel=\"noopener\">Semar<\/a>, <a href=\"https:\/\/www.facebook.com\/GUARDIA.NACIONAL.MX\" target=\"_blank\" rel=\"noopener\">Guardia Nacional<\/a>, <a href=\"https:\/\/www.facebook.com\/pages\/Secretaria-Del-Bienestar\/\" target=\"_blank\" rel=\"noopener\">Secretar\u00eda del Bienestar<\/a>, <a href=\"https:\/\/www.facebook.com\/SICTmx\" target=\"_blank\" rel=\"noopener\">Comunicaciones<\/a>, <a href=\"https:\/\/www.facebook.com\/SEPmx\" target=\"_blank\" rel=\"noopener\">Educaci\u00f3n<\/a>, <a href=\"https:\/\/www.facebook.com\/SecretariadeSaludMX\" target=\"_blank\" rel=\"noopener\">Salud<\/a>, <a href=\"https:\/\/www.facebook.com\/Semarnatmx\" target=\"_blank\" rel=\"noopener\">Semarnat<\/a>, <a href=\"https:\/\/www.facebook.com\/CFENacional\" target=\"_blank\" rel=\"noopener\">Comisi\u00f3n Federal de Electricidad<\/a> (CFE), <a href=\"https:\/\/www.facebook.com\/Pemex\" target=\"_blank\" rel=\"noopener\">Pemex<\/a>, <a href=\"https:\/\/www.facebook.com\/conaguamx\" target=\"_blank\" rel=\"noopener\">Conaugua<\/a>, <a href=\"https:\/\/www.facebook.com\/COFEPRIS\" target=\"_blank\" rel=\"noopener\">Cofepris<\/a><\/em> y la misma CNPC.<\/p>\n<p style=\"text-align: justify;\">CNPC concluye en su comunicado que, seg\u00fan la instrucci\u00f3n el Presidente Andr\u00e9s Manuel L\u00f3pez Obrador, \u00abno existe l\u00edmite de recursos para continuar con el abastecimiento de comida, agua potable, enseres y apoyos econ\u00f3micos en cada una de las viviendas de la poblaci\u00f3n de Acapulco y Coyuca de Ben\u00edtez\u00bb, de cuyas acciones se est\u00e1 haciendo cargo la Secretar\u00eda del Bienestar mediante los censos realizados a trav\u00e9s del Programa para el Bienestar de las Personas en Emergencia Social o Natural.<\/p>\n<p style=\"text-align: justify;\">La Coordinadora Nacional de Protecci\u00f3n Civil suscribe que \u00aba pesar de las voces que quieren confundir a la poblaci\u00f3n y diseminar informaci\u00f3n falsa, el <a href=\"https:\/\/www.facebook.com\/gobmexico\" target=\"_blank\" rel=\"noopener\">Gobierno de M\u00e9xico<\/a> el <a href=\"https:\/\/www.facebook.com\/GobiernoGuerrero\" target=\"_blank\" rel=\"noopener\">Gobierno del Estado de Guerrero<\/a> y el <a href=\"https:\/\/www.facebook.com\/AcapulcoGob\" target=\"_blank\" rel=\"noopener\">Gobierno de Acapulco<\/a> contin\u00faan con la atenci\u00f3n de la recuperaci\u00f3n del municipio con un equipo superior a 30 mil servidores p\u00fablicos que trabajan d\u00eda y noche en Acapulco y Coyuca de Ben\u00edtez en las fases de recuperaci\u00f3n y reconstrucci\u00f3n\u00bb.<\/p>\n<p style=\"text-align: justify;\">Por tal motivo se confirma que la la situaci\u00f3n de emergencia ha quedado superada y ha entrado en vigor la etapa de recuperaci\u00f3n, brindando \u00abtodo nuestro compromiso en el Estado de Guerrero para su reconstrucci\u00f3n\u00bb.<\/p>\n<p><img loading=\"lazy\" decoding=\"async\" class=\"alignnone wp-image-1257920 size-full\" src=\"https:\/\/www.acapulcopress.com\/wp-content\/uploads\/2023\/11\/cnpc-otis.jpeg\" alt=\"\" width=\"815\" height=\"516\" \/><\/p>\n<p style=\"text-align: justify;\"><em>] Facebook.com\/<a href=\"https:\/\/www.facebook.com\/acapulcopress\" target=\"_blank\" rel=\"noopener\">acapulcopress<\/a><\/em><br \/>\n<em>] Facebook.com\/<a href=\"https:\/\/www.facebook.com\/angelblanco.press\" target=\"_blank\" rel=\"noopener\">angelblanco.press<\/a><\/em><br \/>\n<em>) acapulcopress.com<\/em><\/p>\n","protected":false},"excerpt":{"rendered":"<p>* Lo que concluy\u00f3 es la etapa de \u00absituaci\u00f3n de emergencia\u00bb, pero de acuerdo con la instrucci\u00f3n del Presidente AMLO \u00abno existe l\u00edmite de recursos para continuar con el abastecimiento de comida, agua potable, enseres y apoyos econ\u00f3micos en cada una de las viviendas de la poblaci\u00f3n de Acapulco y Coyuca de Ben\u00edtez\u00bb, precisa CNPC&#8230;<\/p>\n","protected":false},"author":2,"featured_media":1257920,"comment_status":"closed","ping_status":"closed","sticky":false,"template":"","format":"standard","meta":{"footnotes":""},"categories":[1997],"tags":[3077,3896,5982,6151,6268,6301,6571,7604,8251,9279,9310,9326,9532,9987,14451,15940,16302,16350,16351,16460,16462],"class_list":["post-1257916","post","type-post","status-publish","format-standard","has-post-thumbnail","hentry","category-noticias-destacadas","tag-abelina-lopez-rodriguez","tag-andres-manuel-lopez-obrador","tag-cofepris","tag-comision-federal-de-electricidad-cfe","tag-comunicaciones","tag-conaugua","tag-coordinacion-nacional-de-proteccion-civil-cnpc","tag-educacion","tag-evelyn-salgado-pineda","tag-gobierno-de-acapulco","tag-gobierno-de-mexico","tag-gobierno-del-estado-de-guerrero","tag-guardia-nacional","tag-huracan-otis","tag-pemex","tag-salud","tag-secretaria-del-bienestar","tag-sedatu","tag-sedena","tag-semar","tag-semarnat"],"_links":{"self":[{"href":"https:\/\/www.acapulcopress.com\/index.php\/wp-json\/wp\/v2\/posts\/1257916","targetHints":{"allow":["GET"]}}],"collection":[{"href":"https:\/\/www.acapulcopress.com\/index.php\/wp-json\/wp\/v2\/posts"}],"about":[{"href":"https:\/\/www.acapulcopress.com\/index.php\/wp-json\/wp\/v2\/types\/post"}],"author":[{"embeddable":true,"href":"https:\/\/www.acapulcopress.com\/index.php\/wp-json\/wp\/v2\/users\/2"}],"replies":[{"embeddable":true,"href":"https:\/\/www.acapulcopress.com\/index.php\/wp-json\/wp\/v2\/comments?post=1257916"}],"version-history":[{"count":0,"href":"https:\/\/www.acapulcopress.com\/index.php\/wp-json\/wp\/v2\/posts\/1257916\/revisions"}],"wp:featuredmedia":[{"embeddable":true,"href":"https:\/\/www.acapulcopress.com\/index.php\/wp-json\/"}],"wp:attachment":[{"href":"https:\/\/www.acapulcopress.com\/index.php\/wp-json\/wp\/v2\/media?parent=1257916"}],"wp:term":[{"taxonomy":"category","embeddable":true,"href":"https:\/\/www.acapulcopress.com\/index.php\/wp-json\/wp\/v2\/categories?post=1257916"},{"taxonomy":"post_tag","embeddable":true,"href":"https:\/\/www.acapulcopress.com\/index.php\/wp-json\/wp\/v2\/tags?post=1257916"}],"curies":[{"name":"wp","href":"https:\/\/api.w.org\/{rel}","templated":true}]}}