{"id":1258003,"date":"2023-10-29T11:05:28","date_gmt":"2023-10-29T17:05:28","guid":{"rendered":"https:\/\/www.acapulcopress.com\/?p=1258003"},"modified":"2023-10-29T11:05:28","modified_gmt":"2023-10-29T17:05:28","slug":"proponen-reformar-ley-de-salud-en-pro-de-la-salud-mental","status":"publish","type":"post","link":"https:\/\/www.acapulcopress.com\/index.php\/2023\/10\/29\/proponen-reformar-ley-de-salud-en-pro-de-la-salud-mental\/","title":{"rendered":"Proponen reformar ley de salud en pro de la salud mental"},"content":{"rendered":"<p style=\"text-align: justify;\"><em>CHILPANCINGO * Octubre 29, 2023.<br \/>\n) Congreso de Guerrero<br \/>\n<\/em><\/p>\n<p style=\"text-align: justify;\">Para garantizar y promover la salud mental y el bienestar de las ni\u00f1as y ni\u00f1os, el diputado Carlos Cruz L\u00f3pez propuso adicionar la Ley de Educaci\u00f3n para que una de las atribuciones de la autoridad educativa estatal sea el emitir opiniones a la Federaci\u00f3n sobre el contenido de los planes y programas de estudio respecto a la educaci\u00f3n sobre Salud Mental Infantil.<\/p>\n<p style=\"text-align: justify;\">Cruz L\u00f3pez dijo que la iniciativa va en el sentido de atender este tema desde la infancia, y que como parte de las acciones en materia legislativa se propone transformar el sistema educativo de la entidad para brindar un apoyo m\u00e1s efectivo a los ni\u00f1os y ni\u00f1as que enfrentan desaf\u00edos mentales, debido a que, seg\u00fan el informe \u00abCrecer Saludable(mente): La salud mental y el suicidio en la infancia y la adolescencia\u00bb, ha tenido m\u00e1s incidencia en la infancia y adolescencia y se ha triplicado despu\u00e9s de la pandemia.<\/p>\n<p style=\"text-align: justify;\">Ante esta situaci\u00f3n, inform\u00f3 que en la recuperaci\u00f3n de servicios de 2022, el IMSS incorpor\u00f3 salud mental, otorgando 818,121 consultas de primera vez respecto a la salud mental; sin embargo, estas consultas resultan insuficientes, ya que, seg\u00fan datos estad\u00edsticos, en nuestro pa\u00eds 3 de cada 10 personas padece alg\u00fan trastorno mental a lo largo de su vida y m\u00e1s del 60 por ciento de la poblaci\u00f3n que sufre alguno de ellos no recibe tratamiento alguno.<\/p>\n<p style=\"text-align: justify;\">Es por ello que el diputado Carlos Cruz consider\u00f3 urgente trabajar y legislar enfocados en la educaci\u00f3n de los ni\u00f1os y ni\u00f1as mediante la presentaci\u00f3n de textos y reflexiones como parte de su educaci\u00f3n en las aulas, que puedan traer beneficios a su entorno y al bienestar interno del alumno.<\/p>\n<p style=\"text-align: justify;\">La iniciativa fue turnada a la Comisi\u00f3n de Educaci\u00f3n, Ciencia y Tecnolog\u00eda para su respectivo an\u00e1lisis y dictaminaci\u00f3n.<\/p>\n<p style=\"text-align: justify;\"><em>] S\u00edguenos en Facebook.com\/<a href=\"https:\/\/www.facebook.com\/acapulcopress.news\" target=\"_blank\" rel=\"noopener\">acapulcopress.news<\/a><br \/>\n] S\u00edguenos en Facebook.com\/<a href=\"https:\/\/www.facebook.com\/angelblanco.press\" target=\"_blank\" rel=\"noopener\">angelblanco.press<\/a><br \/>\n] Visita nuestro sitio web acapulcopress.com\u00a0\u00a0<\/em><\/p>\n","protected":false},"excerpt":{"rendered":"<p>CHILPANCINGO * Octubre 29, 2023. ) Congreso de Guerrero Para garantizar y promover la salud mental y el bienestar de las ni\u00f1as y ni\u00f1os, el diputado Carlos Cruz L\u00f3pez propuso adicionar la Ley de Educaci\u00f3n para que una de las atribuciones de la autoridad educativa estatal sea el emitir opiniones a la Federaci\u00f3n sobre el&#8230;<\/p>\n","protected":false},"author":2,"featured_media":1257999,"comment_status":"closed","ping_status":"closed","sticky":false,"template":"","format":"standard","meta":{"footnotes":""},"categories":[61,18561],"tags":[5182,6370],"class_list":["post-1258003","post","type-post","status-publish","format-standard","has-post-thumbnail","hentry","category-legislacion","category-society-politics","tag-carlos-cruz-lopez","tag-congreso-de-guerrero"],"_links":{"self":[{"href":"https:\/\/www.acapulcopress.com\/index.php\/wp-json\/wp\/v2\/posts\/1258003","targetHints":{"allow":["GET"]}}],"collection":[{"href":"https:\/\/www.acapulcopress.com\/index.php\/wp-json\/wp\/v2\/posts"}],"about":[{"href":"https:\/\/www.acapulcopress.com\/index.php\/wp-json\/wp\/v2\/types\/post"}],"author":[{"embeddable":true,"href":"https:\/\/www.acapulcopress.com\/index.php\/wp-json\/wp\/v2\/users\/2"}],"replies":[{"embeddable":true,"href":"https:\/\/www.acapulcopress.com\/index.php\/wp-json\/wp\/v2\/comments?post=1258003"}],"version-history":[{"count":0,"href":"https:\/\/www.acapulcopress.com\/index.php\/wp-json\/wp\/v2\/posts\/1258003\/revisions"}],"wp:featuredmedia":[{"embeddable":true,"href":"https:\/\/www.acapulcopress.com\/index.php\/wp-json\/"}],"wp:attachment":[{"href":"https:\/\/www.acapulcopress.com\/index.php\/wp-json\/wp\/v2\/media?parent=1258003"}],"wp:term":[{"taxonomy":"category","embeddable":true,"href":"https:\/\/www.acapulcopress.com\/index.php\/wp-json\/wp\/v2\/categories?post=1258003"},{"taxonomy":"post_tag","embeddable":true,"href":"https:\/\/www.acapulcopress.com\/index.php\/wp-json\/wp\/v2\/tags?post=1258003"}],"curies":[{"name":"wp","href":"https:\/\/api.w.org\/{rel}","templated":true}]}}