{"id":1258012,"date":"2023-10-26T11:24:50","date_gmt":"2023-10-26T17:24:50","guid":{"rendered":"https:\/\/www.acapulcopress.com\/?p=1258012"},"modified":"2023-10-26T11:24:50","modified_gmt":"2023-10-26T17:24:50","slug":"presentan-iniciativa-para-garantizar-plenos-derechos-e-igualdad-a-la-juventud","status":"publish","type":"post","link":"https:\/\/www.acapulcopress.com\/index.php\/2023\/10\/26\/presentan-iniciativa-para-garantizar-plenos-derechos-e-igualdad-a-la-juventud\/","title":{"rendered":"Presentan iniciativa para garantizar plenos derechos e igualdad a la juventud"},"content":{"rendered":"<p style=\"text-align: justify;\"><em>CHILPANCINGO * Octubre 26, 2023.<br \/>\n) Congreso de Guerrero<\/em><\/p>\n<p style=\"text-align: justify;\">La diputada Gabriela Bernal Res\u00e9ndiz present\u00f3 una iniciativa de reforma a la Constituci\u00f3n Pol\u00edtica del Estado para incorporar la perspectiva de \u201cjuventud en condiciones de igualdad y no discriminaci\u00f3n\u201d, para garantizar el goce pleno de sus derechos, propiciando su transversalizaci\u00f3n en los instrumentos de planeaci\u00f3n de la pol\u00edtica p\u00fablica y presupuestal, en la legislaci\u00f3n local.<\/p>\n<p style=\"text-align: justify;\">Bernal Res\u00e9ndiz manifest\u00f3 que es urgente y prioritario adecuar los marcos normativos, para hacer realidad sus derechos y brindarles aut\u00e9nticas oportunidades de desarrollo, a partir de propiciar la perspectiva de juventud en la Constituci\u00f3n Pol\u00edtica del Estado.<\/p>\n<p style=\"text-align: justify;\">La legisladora expuso que en M\u00e9xico la poblaci\u00f3n joven se conforma por 37.5 millones de personas seg\u00fan datos del Instituto Nacional de Estad\u00edstica y Geograf\u00eda (INEGI) que representan el 31.4% de la poblaci\u00f3n nacional, asimismo, de acuerdo con el M\u00f3dulo de Condiciones Socioecon\u00f3micas de la Encuesta Nacional de Ingresos y Gastos de los Hogares 2014 se estima que existen 28.2 millones de j\u00f3venes con alg\u00fan tipo de carencia social.<\/p>\n<p style=\"text-align: justify;\">Dijo, que, en el caso de Guerrero, los j\u00f3venes representan el 32.2 por ciento del total de la poblaci\u00f3n de la entidad y el 2.8 por ciento del total del pa\u00eds, por lo que deben de ser atendidos con pol\u00edticas p\u00fablicas y programas creados por las diferentes entidades p\u00fablicas.<\/p>\n<p style=\"text-align: justify;\">Asimismo, lograr la plena inclusi\u00f3n en un pa\u00eds tan diverso como lo es M\u00e9xico y en un estado como Guerrero con profundas desigualdades sociales, tanto en aspectos culturales, socioecon\u00f3micas y regionales, como de diversidad de g\u00e9nero, accesibilidad y capacidades diferentes, lo que supone un reto, no obstante, dijo, que se trata de un reto que como legislatura hist\u00f3rica de la paridad, deben afrontar y continuar en la ruta que conlleve a alcanzar el reconocimiento, inclusi\u00f3n, bienestar, as\u00ed como dotar de mejores oportunidades a las juventudes guerrerenses en toda su diversidad.<\/p>\n<p style=\"text-align: justify;\">La propuesta de reforma r el art\u00edculo 6 de la Constituci\u00f3n Pol\u00edtica del Estado, fue turnada a la Comisi\u00f3n de Estudios Constitucionales y Jur\u00eddicos para su an\u00e1lisis y dictaminaci\u00f3n.<\/p>\n<p><em>] S\u00edguenos en Facebook.com\/<a href=\"https:\/\/www.facebook.com\/acapulcopress.news\" target=\"_blank\" rel=\"noopener\">acapulcopress.news<\/a><br \/>\n] S\u00edguenos en Facebook.com\/<a href=\"https:\/\/www.facebook.com\/angelblanco.press\" target=\"_blank\" rel=\"noopener\">angelblanco.press<\/a><br \/>\n] Visita nuestro sitio web acapulcopress.com\u00a0<\/em><\/p>\n","protected":false},"excerpt":{"rendered":"<p>CHILPANCINGO * Octubre 26, 2023. ) Congreso de Guerrero La diputada Gabriela Bernal Res\u00e9ndiz present\u00f3 una iniciativa de reforma a la Constituci\u00f3n Pol\u00edtica del Estado para incorporar la perspectiva de \u201cjuventud en condiciones de igualdad y no discriminaci\u00f3n\u201d, para garantizar el goce pleno de sus derechos, propiciando su transversalizaci\u00f3n en los instrumentos de planeaci\u00f3n de&#8230;<\/p>\n","protected":false},"author":2,"featured_media":1258014,"comment_status":"closed","ping_status":"closed","sticky":false,"template":"","format":"standard","meta":{"footnotes":""},"categories":[61,18561],"tags":[],"class_list":["post-1258012","post","type-post","status-publish","format-standard","has-post-thumbnail","hentry","category-legislacion","category-society-politics"],"_links":{"self":[{"href":"https:\/\/www.acapulcopress.com\/index.php\/wp-json\/wp\/v2\/posts\/1258012","targetHints":{"allow":["GET"]}}],"collection":[{"href":"https:\/\/www.acapulcopress.com\/index.php\/wp-json\/wp\/v2\/posts"}],"about":[{"href":"https:\/\/www.acapulcopress.com\/index.php\/wp-json\/wp\/v2\/types\/post"}],"author":[{"embeddable":true,"href":"https:\/\/www.acapulcopress.com\/index.php\/wp-json\/wp\/v2\/users\/2"}],"replies":[{"embeddable":true,"href":"https:\/\/www.acapulcopress.com\/index.php\/wp-json\/wp\/v2\/comments?post=1258012"}],"version-history":[{"count":0,"href":"https:\/\/www.acapulcopress.com\/index.php\/wp-json\/wp\/v2\/posts\/1258012\/revisions"}],"wp:featuredmedia":[{"embeddable":true,"href":"https:\/\/www.acapulcopress.com\/index.php\/wp-json\/"}],"wp:attachment":[{"href":"https:\/\/www.acapulcopress.com\/index.php\/wp-json\/wp\/v2\/media?parent=1258012"}],"wp:term":[{"taxonomy":"category","embeddable":true,"href":"https:\/\/www.acapulcopress.com\/index.php\/wp-json\/wp\/v2\/categories?post=1258012"},{"taxonomy":"post_tag","embeddable":true,"href":"https:\/\/www.acapulcopress.com\/index.php\/wp-json\/wp\/v2\/tags?post=1258012"}],"curies":[{"name":"wp","href":"https:\/\/api.w.org\/{rel}","templated":true}]}}