{"id":1258029,"date":"2023-10-23T12:59:46","date_gmt":"2023-10-23T18:59:46","guid":{"rendered":"https:\/\/www.acapulcopress.com\/?p=1258029"},"modified":"2023-10-23T12:59:46","modified_gmt":"2023-10-23T18:59:46","slug":"congresogro-primero-en-el-pais-con-consultorio-de-apoyo-emocional-y-psicologico","status":"publish","type":"post","link":"https:\/\/www.acapulcopress.com\/index.php\/2023\/10\/23\/congresogro-primero-en-el-pais-con-consultorio-de-apoyo-emocional-y-psicologico\/","title":{"rendered":"#CongresoGro, primero en el pa\u00eds con consultorio de apoyo emocional y psicol\u00f3gico"},"content":{"rendered":"<p style=\"text-align: justify;\"><em>CHILPANCINGO * Octubre 23, 2023.<br \/>\n) Congreso de Guerrero<\/em><\/p>\n<p style=\"text-align: justify;\">El Congreso del Estado de Guerrero es el primero en el pa\u00eds en contar con un consultorio de <img loading=\"lazy\" decoding=\"async\" class=\"alignleft size-medium wp-image-1258030\" src=\"https:\/\/www.acapulcopress.com\/wp-content\/uploads\/2023\/11\/CONSULTORIO-375x225.jpg\" alt=\"\" width=\"375\" height=\"225\" \/>apoyo emocional y psicol\u00f3gico, que atender\u00e1 la salud mental de las y los trabajadores de la instituci\u00f3n, coadyuvando a que tengan un mejor desempe\u00f1o.<\/p>\n<p style=\"text-align: justify;\">As\u00ed lo recalc\u00f3 el secretario de Servicios Administrativos y Financieros, Andr\u00e9s Rosendo Orozco Pintos, quien acudi\u00f3 a la inauguraci\u00f3n del consultorio en representaci\u00f3n de la diputada Yoloczin Dom\u00ednguez Serna, presidenta de la Junta de Coordinaci\u00f3n Pol\u00edtica (Jucopo).<\/p>\n<p style=\"text-align: justify;\">El funcionario remarc\u00f3 la importancia de abrir un espacio de ayuda psicol\u00f3gica para trabajadoras, trabajadores y sus familiares, y esto es gracias a la disposici\u00f3n de las diputadas y diputados integrantes de la LXIII Legislatura, quienes refrendan su <img loading=\"lazy\" decoding=\"async\" class=\"alignleft size-medium wp-image-1258031\" src=\"https:\/\/www.acapulcopress.com\/wp-content\/uploads\/2023\/11\/CONSULTORIO2-375x227.jpg\" alt=\"\" width=\"375\" height=\"227\" \/>compromiso con la base laboral.<\/p>\n<p style=\"text-align: justify;\">El consultorio de apoyo emocional y psicol\u00f3gico estar\u00e1 atendido por especialistas en la materia, y tiene como objetivo brindar asesor\u00eda psicol\u00f3gica a las y los servidores p\u00fablicos que laboran en el Poder Legislativo, as\u00ed como promover su bienestar emocional, personal y social, de manera gratuita.<\/p>\n<p style=\"text-align: justify;\">Antes se desarroll\u00f3 la conferencia \u201cSalud Emocional\u201d, impartida por el tanat\u00f3logo-terapeuta Enrique Pastor L\u00f3pez y el director de\u00a0la Diversidad del Ayuntamiento de Chilpancingo, Hiram Ba\u00f1os Molina.<\/p>\n<p style=\"text-align: justify;\">Asistieron tambi\u00e9n el secretario de Servicios Parlamentarios, Jos\u00e9 Luis Enrique Sol\u00eds R\u00edos; los directores de Comunicaci\u00f3n y del Instituto de Estudios Parlamentarios Eduardo Neri, Roberto Juvencio Ram\u00edrez Bravo y Eusebio P\u00e9rez Almontes; la titular de la Unidad para la Igualdad de G\u00e9nero, Mayra Morales Tacuba; el titular del \u00d3rgano Interno de Control, Ernesto D\u00edaz M\u00e1rquez; las subdirectoras de Recursos Humanos y de Recursos Materiales, Juanita Avil\u00e9s Rodr\u00edguez y Siu Arlene Sarabia; las secretarias sindicales Mar\u00eda Antonio Avigay Acevedo S\u00e1nchez y Jazm\u00edn Piza Rodr\u00edguez, entre otros.<\/p>\n<p style=\"text-align: justify;\"><em>] S\u00edguenos en Facebook.com\/<a href=\"https:\/\/www.facebook.com\/acapulcopress.news\" target=\"_blank\" rel=\"noopener\">acapulcopress.news<\/a><br \/>\n] S\u00edguenos en Facebook.com\/<a href=\"https:\/\/www.facebook.com\/angelblanco.press\" target=\"_blank\" rel=\"noopener\">angelblanco.press<\/a><br \/>\n] Visita nuestro sitio web acapulcopress.com\u00a0<\/em><\/p>\n","protected":false},"excerpt":{"rendered":"<p>CHILPANCINGO * Octubre 23, 2023. ) Congreso de Guerrero El Congreso del Estado de Guerrero es el primero en el pa\u00eds en contar con un consultorio de apoyo emocional y psicol\u00f3gico, que atender\u00e1 la salud mental de las y los trabajadores de la instituci\u00f3n, coadyuvando a que tengan un mejor desempe\u00f1o. As\u00ed lo recalc\u00f3 el&#8230;<\/p>\n","protected":false},"author":2,"featured_media":1258032,"comment_status":"closed","ping_status":"closed","sticky":false,"template":"","format":"standard","meta":{"footnotes":""},"categories":[61,18561],"tags":[6370],"class_list":["post-1258029","post","type-post","status-publish","format-standard","has-post-thumbnail","hentry","category-legislacion","category-society-politics","tag-congreso-de-guerrero"],"_links":{"self":[{"href":"https:\/\/www.acapulcopress.com\/index.php\/wp-json\/wp\/v2\/posts\/1258029","targetHints":{"allow":["GET"]}}],"collection":[{"href":"https:\/\/www.acapulcopress.com\/index.php\/wp-json\/wp\/v2\/posts"}],"about":[{"href":"https:\/\/www.acapulcopress.com\/index.php\/wp-json\/wp\/v2\/types\/post"}],"author":[{"embeddable":true,"href":"https:\/\/www.acapulcopress.com\/index.php\/wp-json\/wp\/v2\/users\/2"}],"replies":[{"embeddable":true,"href":"https:\/\/www.acapulcopress.com\/index.php\/wp-json\/wp\/v2\/comments?post=1258029"}],"version-history":[{"count":0,"href":"https:\/\/www.acapulcopress.com\/index.php\/wp-json\/wp\/v2\/posts\/1258029\/revisions"}],"wp:featuredmedia":[{"embeddable":true,"href":"https:\/\/www.acapulcopress.com\/index.php\/wp-json\/"}],"wp:attachment":[{"href":"https:\/\/www.acapulcopress.com\/index.php\/wp-json\/wp\/v2\/media?parent=1258029"}],"wp:term":[{"taxonomy":"category","embeddable":true,"href":"https:\/\/www.acapulcopress.com\/index.php\/wp-json\/wp\/v2\/categories?post=1258029"},{"taxonomy":"post_tag","embeddable":true,"href":"https:\/\/www.acapulcopress.com\/index.php\/wp-json\/wp\/v2\/tags?post=1258029"}],"curies":[{"name":"wp","href":"https:\/\/api.w.org\/{rel}","templated":true}]}}