{"id":1258041,"date":"2023-11-13T13:53:38","date_gmt":"2023-11-13T19:53:38","guid":{"rendered":"https:\/\/www.acapulcopress.com\/?p=1258041"},"modified":"2023-11-13T13:53:38","modified_gmt":"2023-11-13T19:53:38","slug":"pese-a-irregularidades-en-proceso-interno-marcelo-se-queda-en-morena","status":"publish","type":"post","link":"https:\/\/www.acapulcopress.com\/index.php\/2023\/11\/13\/pese-a-irregularidades-en-proceso-interno-marcelo-se-queda-en-morena\/","title":{"rendered":"Pese a irregularidades en proceso interno, Marcelo se queda en Morena"},"content":{"rendered":"<p style=\"text-align: justify;\">CIUDAD DE M\u00c9XICO * Noviembre 13, 2023.<br \/>\n<em>) <a href=\"https:\/\/www.infobae.com\/mexico\/2023\/11\/13\/marcelo-ebrard-se-queda-en-morena-busca-entablar-entendimiento-con-sheinbaum\/\" target=\"_blank\" rel=\"noopener\">Infobae<\/a><\/em><\/p>\n<p style=\"text-align: justify;\">El exaspirante a la presidencia, Marcelo Ebrard, dijo que no cambiar\u00eda de partido pol\u00edtico y que seguir\u00e1 trabajando por la transformaci\u00f3n, esto por la determinaci\u00f3n de la Comisi\u00f3n Nacional de Honestidad y Justicia del partido que confirm\u00f3 que militantes cometieron irregularidades durante el proceso de selecci\u00f3n del candidato a la presidencia.<\/p>\n<p style=\"text-align: justify;\">El excanciller ley\u00f3 la determinaci\u00f3n de la Comisi\u00f3n de Honestidad que rechaza que se vuelva a realizar la encuesta de selecci\u00f3n de la candidata de Morena, y en donde menciona que s\u00ed hubo militantes quienes cometieron irregularidades, los cuales aseguran que ser\u00e1n sancionados, pero esto permite un entendimiento.<\/p>\n<p style=\"text-align: justify;\">Celebr\u00f3 la determinaci\u00f3n contra las personas que cometieron alguna irregularidad ser\u00e1 sancionada, pues esto da pie a que pueda haber un acercamiento y entendimiento pol\u00edtico con Claudia Sheinbaum, quien result\u00f3 ganadora.<\/p>\n<p style=\"text-align: justify;\">Asimismo, coment\u00f3 que la queja interpuesta ante la comisi\u00f3n permiti\u00f3 que Morena detectara los fallos y que sean corregidos. Adem\u00e1s, se\u00f1al\u00f3 que la organizaci\u00f3n civil que cre\u00f3 durante su distanciamiento con el partido se mantendr\u00e1.<\/p>\n<p style=\"text-align: justify;\"><strong>\u00bfPor que Marcelo Ebrard se hab\u00eda alejado de Morena?<\/strong><\/p>\n<p>Derivado al resultado desfavorable del proceso interno de Morena para seleccionar al candidato presidencial, que coloc\u00f3 como abanderada a Claudia Sheinbaum, el excanciller decidi\u00f3 imponer una inconformidad ante la Comisi\u00f3n Nacional de Honestidad y Justicia del partido.<\/p>\n<p style=\"text-align: justify;\">El excanciller solicit\u00f3 a las autoridades que se anulara y se repusiera el proceso de selecci\u00f3n, tras se\u00f1alar irregularidades en el proceso, incluso durante el proceso de conteo, ya que cuando su representante, Mal\u00fa Micher, estaba fuera del lugar en donde realizaban el conteo reiniciaron las actividades, seg\u00fan denunciaron. Adem\u00e1s que el equipo de la contendiente Claudia Sheinbaum conoc\u00eda en donde se realizar\u00edan las encuestas lo que permit\u00eda difundir su imagen en esto puntos.<\/p>\n<p style=\"text-align: justify;\">Marcelo Ebrard no se separ\u00f3 de Morena, sin embargo, cre\u00f3 su propia organizaci\u00f3n civil, llamada El Camino de M\u00e9xico, desde donde sigui\u00f3 promoviendo su imagen aunque con una menor difusi\u00f3n, esto mientras esperaba la determinaci\u00f3n de la Comisi\u00f3n Nacional de Honestidad y Justicia del partido para tomar una decisi\u00f3n sobre su futuro, ya que su aspiraci\u00f3n sigue siendo ser el candidato presidencial de alg\u00fan partido.<\/p>\n<p style=\"text-align: justify;\">Asimismo, Dante Delgado, dirigente nacional de Movimiento Ciudadano, hizo una invitaci\u00f3n para que Marcelo Ebrard se sumara al partido y buscar\u00e1 ser el candidato del movimiento naranja, sin embargo, esta propuesta no ha sido respuesta por el excanciller.<\/p>\n<p><em>] S\u00edguenos en Facebook.com\/<a href=\"https:\/\/www.facebook.com\/acapulcopress.news\" target=\"_blank\" rel=\"noopener\">acapulcopress.news<\/a><\/em><br \/>\n<em>] S\u00edguenos en Facebook.com\/<a href=\"https:\/\/www.facebook.com\/angelblanco.press\" target=\"_blank\" rel=\"noopener\">angelblanco.press<\/a><\/em><br \/>\n<em>] Visita nuestro sitio web acapulcopress.com<\/em><\/p>\n","protected":false},"excerpt":{"rendered":"<p>CIUDAD DE M\u00c9XICO * Noviembre 13, 2023. ) Infobae El exaspirante a la presidencia, Marcelo Ebrard, dijo que no cambiar\u00eda de partido pol\u00edtico y que seguir\u00e1 trabajando por la transformaci\u00f3n, esto por la determinaci\u00f3n de la Comisi\u00f3n Nacional de Honestidad y Justicia del partido que confirm\u00f3 que militantes cometieron irregularidades durante el proceso de selecci\u00f3n&#8230;<\/p>\n","protected":false},"author":2,"featured_media":1258038,"comment_status":"closed","ping_status":"closed","sticky":false,"template":"","format":"standard","meta":{"footnotes":""},"categories":[1969,1972,18565],"tags":[],"class_list":["post-1258041","post","type-post","status-publish","format-standard","has-post-thumbnail","hentry","category-trending","category-special","category-politicos"],"_links":{"self":[{"href":"https:\/\/www.acapulcopress.com\/index.php\/wp-json\/wp\/v2\/posts\/1258041","targetHints":{"allow":["GET"]}}],"collection":[{"href":"https:\/\/www.acapulcopress.com\/index.php\/wp-json\/wp\/v2\/posts"}],"about":[{"href":"https:\/\/www.acapulcopress.com\/index.php\/wp-json\/wp\/v2\/types\/post"}],"author":[{"embeddable":true,"href":"https:\/\/www.acapulcopress.com\/index.php\/wp-json\/wp\/v2\/users\/2"}],"replies":[{"embeddable":true,"href":"https:\/\/www.acapulcopress.com\/index.php\/wp-json\/wp\/v2\/comments?post=1258041"}],"version-history":[{"count":0,"href":"https:\/\/www.acapulcopress.com\/index.php\/wp-json\/wp\/v2\/posts\/1258041\/revisions"}],"wp:featuredmedia":[{"embeddable":true,"href":"https:\/\/www.acapulcopress.com\/index.php\/wp-json\/"}],"wp:attachment":[{"href":"https:\/\/www.acapulcopress.com\/index.php\/wp-json\/wp\/v2\/media?parent=1258041"}],"wp:term":[{"taxonomy":"category","embeddable":true,"href":"https:\/\/www.acapulcopress.com\/index.php\/wp-json\/wp\/v2\/categories?post=1258041"},{"taxonomy":"post_tag","embeddable":true,"href":"https:\/\/www.acapulcopress.com\/index.php\/wp-json\/wp\/v2\/tags?post=1258041"}],"curies":[{"name":"wp","href":"https:\/\/api.w.org\/{rel}","templated":true}]}}