{"id":1258045,"date":"2023-11-14T18:05:08","date_gmt":"2023-11-15T00:05:08","guid":{"rendered":"https:\/\/www.acapulcopress.com\/?p=1258045"},"modified":"2023-11-14T18:05:08","modified_gmt":"2023-11-15T00:05:08","slug":"levantamiento-de-la-emergencia-no-termina-con-la-contingencia","status":"publish","type":"post","link":"https:\/\/www.acapulcopress.com\/index.php\/2023\/11\/14\/levantamiento-de-la-emergencia-no-termina-con-la-contingencia\/","title":{"rendered":"Levantamiento de la emergencia, no termina con la contingencia"},"content":{"rendered":"<p style=\"text-align: justify;\">Marem\u00e1gnum<br \/>\n\u00bb RICARDO | CASTILLO BARRIENTOS<br \/>\n<em>] Facebook ) <a href=\"https:\/\/www.facebook.com\/ricardocastill01\" target=\"_blank\" rel=\"noopener\">Ricardo Castillo Barrientos<\/a><\/em><\/p>\n<p style=\"text-align: justify;\">La Declaratoria de la conclusi\u00f3n de emergencia en Acapulco y Coyuca, emitida por la Coordinaci\u00f3n Nacional de Protecci\u00f3n Civil, provoc\u00f3 reacciones adversas que rayan en pol\u00e9micas bizantinas, alejadas del contenido sustancial del documento de origen.<\/p>\n<p style=\"text-align: justify;\">No podr\u00eda esperarse otra cosa de los malquerientes del presidente AMLO y la gobernadora Evelyn Salgado, al no reconocerles la ayuda y esfuerzos realizados por m\u00e1s de 30 mil servidores p\u00fablicos insitu.<\/p>\n<p style=\"text-align: justify;\">Se incurri\u00f3 en errores vitales a consecuencia de la descoordinaci\u00f3n interinstitucional, por la inadecuada aplicaci\u00f3n de protocolos en casos de desastres. La improvisaci\u00f3n y la desinformaci\u00f3n se hicieron presente durante los primeros d\u00edas, como sucede en las cat\u00e1strofes.<\/p>\n<p style=\"text-align: justify;\">La alianza opositora no desaprovech\u00f3 la ocasi\u00f3n para entrometerse en la tragedia a fin de denostar a AMLO, a Evelyn y Abelina. En el fondo podr\u00edan tener raz\u00f3n, sino tuviera cariz pol\u00edtico y clientelar, ante la cercan\u00eda del proceso electoral de 2024. Ah\u00ed est\u00e1n Evodio y Solorio.<\/p>\n<p style=\"text-align: justify;\">El documento de la Declaratoria establece con claridad meridiana: \u201cAcapulco no se mantiene una situaci\u00f3n que pudiera causar da\u00f1o a la poblaci\u00f3n o a sus bienes\u201d, refiri\u00e9ndose a la inexistencia de riesgos por vientos, lluvia o inundaciones. Posibilidad poco probable que suceda.<\/p>\n<p style=\"text-align: justify;\">La etapa de reconstrucci\u00f3n contempla inversiones cuantiosas, m\u00e1s de 61 mil millones de pesos, correspondiendo 27 mil 538, en apoyo a micros, peque\u00f1as, medianas y grandes empresas. 20 mil 756 millones, destinados en reparaciones de vivienda alimentaci\u00f3n y Programas de Bienestar. 13 mil 016 mil millones de pesos, para la reconstrucci\u00f3n de la infraestructura p\u00fablica de energ\u00eda el\u00e9ctrica, agua potable, escuelas, vialidades, equipamiento urbano y otras instalaciones p\u00fablicas.<\/p>\n<p style=\"text-align: justify;\">En los principales noticieros de televisi\u00f3n y radio de la CDMX, difunden entrevistas con damnificados que no han recibido alg\u00fan tipo de ayuda alimentaria o no tienen luz y agua en sus hogares, dando la impresi\u00f3n de una situaci\u00f3n generalizada, distante de la realidad, aunque existen casos aislados por distancias o circunstancias.<\/p>\n<p style=\"text-align: justify;\">No todo es miel sobre hojuelas para los servidores p\u00fablicos, algunos se han visto retenidos, acosados, robados o amenazados, ante la exigencia de damnificados por alimentos, energ\u00eda el\u00e9ctrica o agua.<\/p>\n<p style=\"text-align: justify;\">Termin\u00f3 la emergencia de riesgos por fen\u00f3menos naturales, m\u00e1s no concluye la distribuci\u00f3n de despensas y enseres dom\u00e9sticos, comedores, brigadas m\u00e9dicas asistenciales, entrega de medicamentos y otros apoyos a diversos sectores afectados.<\/p>\n<p style=\"text-align: justify;\">As\u00ed mismo, la reanudaci\u00f3n de servicios bancarios, supermercados, gasoliner\u00edas; destacando la presencia de la Guardia Nacional, Ej\u00e9rcito, Marina y la polic\u00eda estatal. Los primeros pasos hacia la normalidad.<\/p>\n<p style=\"text-align: justify;\"><strong>Marea Baja.-<\/strong> Yoloczin Dom\u00ednguez, Yoshio \u00c1vila y Jacko Badillo, son 3 de los aspirantes a la alcald\u00eda de Acapulco por MORENA, que se han movilizado para ayudar a sus paisanos damnificados, entreg\u00e1ndoles despensas, limpieza de calles, retiro de basura y escombros.<\/p>\n<p style=\"text-align: justify;\">En el otro frente, la priista Julieta Fern\u00e1ndez instal\u00f3 varios comedores, el diputado Ricardo Astudillo Calvo, hizo reparto de despensas en colonias marginadas y Gerardo Lara Villa, llev\u00f3 2 carros de volteo a la colonia Icacos, para contribuir a la limpieza de esa populosa colonia.<\/p>\n<p style=\"text-align: justify;\">Ojal\u00e1 cunda este ejemplo y se sumen los dem\u00e1s diputados y regidores de Acapulco, pr\u00e1cticamente han desaparecido de la escena y no se sabe nada de ellos, si est\u00e1n vivos o se los llev\u00f3 el hurac\u00e1n \u201cOtis\u201d.<\/p>\n<p style=\"text-align: justify;\"><strong>Marea Alta.-<\/strong> M\u00e1s de 40 hoteles de 2,3, y 4 estrellas del Acapulco Tradicional, de la Zona Dorada y restaurantes, se han puesto de pie y han reanudado sus servicios para nuestros fieles turistas que vienen a disfrutar de las maravillosas playas, intactas ante los embates del fat\u00eddico meteoro.<\/p>\n<p style=\"text-align: justify;\">As\u00ed se demuestra la gran capacidad de resiliencia de este sector que ya reinicio sus operaciones y se espera que normalicen sus actividades. El hotel Emporio anunci\u00f3 que a partir el pr\u00f3ximo 15 de diciembre reanuda actividades con la temporada tur\u00edstica decembrina.<\/p>\n<p style=\"text-align: justify;\"><strong>Maremoto.-<\/strong> Sin mayores aspavientos, se llev\u00f3 a cabo una reuni\u00f3n de integrantes de la Sociedad Civil Organizada de Acapulco y Costa Grande, con participaci\u00f3n de organizaciones sociales, civiles, iglesia cat\u00f3lica, universidades y el acompa\u00f1amiento de actores y actoras nacionales e internacionales.<\/p>\n<p style=\"text-align: justify;\">El llamamiento fue hecho por los dirigentes de la Asociaci\u00f3n Civil \u201cGuerrero es Primero\u201d, Adalberto Savi\u00f1on, Fernando Terrazas y Cristina Blanco, del Secretariado T\u00e9cnico de esa destacada ONG.<\/p>\n<p style=\"text-align: justify;\">Los participantes consideraron pertinente reagruparse como Sociedad Civil Organizada para contribuir al reto de la emergencia y la reconstrucci\u00f3n de Acapulco y Coyuca, a fin de impulsar formas de apoyo mutuo y de organizaci\u00f3n social en colaboraci\u00f3n con los 3 niveles de gobierno, empresas, universidades, iglesias, organizaciones de la sociedad y toda persona y grupo bien intencionado.<\/p>\n<p style=\"text-align: justify;\">Para llevar a cabo este prop\u00f3sito, se han articulado como \u201cComit\u00e9 Social para la Reconstrucci\u00f3n y la Paz Social de Acapulco y Coyuca\u201d, para trabajar desde la necesidad, la capacidad y la aspiraci\u00f3n de la gente a favor de una reconstrucci\u00f3n incluyente y participativa. Se propone asistir a aquellas personas que no les lleguen otros apoyos, promover el an\u00e1lisis y propuestas para la reconstrucci\u00f3n y el dialogo con personas solidarias sobre el futuro com\u00fan.<\/p>\n<p style=\"text-align: justify;\">Entre los participantes figuran Enrique Pasta, rector de la Universidad Loyola, Rosa Mar\u00eda G\u00f3mez, Grupo Interdisciplinario para la Igualdad, Arturo Garc\u00eda, Comit\u00e9 DESCA, Adriana Ramos, Uni\u00f3n de Pueblos de Acapulco-Coyuca, Leopoldo Gonz\u00e1lez, arzobispo de Acapulco, Jes\u00fas Mendoza, p\u00e1rroco de la iglesia de La Sabana, Salvador Cisneros, sacerdote y vicepresidente del Consejo Interreligioso del Estado de Guerrero, entre otros dirigentes sociales.<\/p>\n<p style=\"text-align: justify;\">Hoy m\u00e1s que nunca, resulta prioritario la instalaci\u00f3n de un Comit\u00e9 Ampliado Pro-Reconstrucci\u00f3n, que incluya a los sectores p\u00fablico, privado, social y religioso. Nadie quede afuera, se necesita a todos para avanzar con celeridad; de lo contrario, vendr\u00e1n los tropiezos y obst\u00e1culos, si en actitud mezquina y excluyente, el gobierno pretenda resolver solo, la grave problem\u00e1tica que nos asfixia a causa de \u201cOtis\u201d.<\/p>\n<p style=\"text-align: justify;\"><em>] S\u00edguenos en Facebook.com\/<a href=\"https:\/\/www.facebook.com\/acapulcopress.news\" target=\"_blank\" rel=\"noopener\">acapulcopress.news<\/a><\/em><br \/>\n<em>] S\u00edguenos en Facebook.com\/<a href=\"https:\/\/www.facebook.com\/angelblanco.press\" target=\"_blank\" rel=\"noopener\">angelblanco.press<\/a><\/em><br \/>\n<em>] Visita nuestro sitio web acapulcopress.com<\/em><\/p>\n","protected":false},"excerpt":{"rendered":"<p>Marem\u00e1gnum \u00bb RICARDO | CASTILLO BARRIENTOS ] Facebook ) Ricardo Castillo Barrientos La Declaratoria de la conclusi\u00f3n de emergencia en Acapulco y Coyuca, emitida por la Coordinaci\u00f3n Nacional de Protecci\u00f3n Civil, provoc\u00f3 reacciones adversas que rayan en pol\u00e9micas bizantinas, alejadas del contenido sustancial del documento de origen. No podr\u00eda esperarse otra cosa de los malquerientes&#8230;<\/p>\n","protected":false},"author":2,"featured_media":0,"comment_status":"closed","ping_status":"closed","sticky":false,"template":"","format":"standard","meta":{"footnotes":""},"categories":[2071,1991],"tags":[9987,12503,15575],"class_list":["post-1258045","post","type-post","status-publish","format-standard","hentry","category-opinion-analisis-columnas","category-libertad-de-expresion","tag-huracan-otis","tag-maremagnum","tag-ricardo-castillo-barrientos"],"_links":{"self":[{"href":"https:\/\/www.acapulcopress.com\/index.php\/wp-json\/wp\/v2\/posts\/1258045","targetHints":{"allow":["GET"]}}],"collection":[{"href":"https:\/\/www.acapulcopress.com\/index.php\/wp-json\/wp\/v2\/posts"}],"about":[{"href":"https:\/\/www.acapulcopress.com\/index.php\/wp-json\/wp\/v2\/types\/post"}],"author":[{"embeddable":true,"href":"https:\/\/www.acapulcopress.com\/index.php\/wp-json\/wp\/v2\/users\/2"}],"replies":[{"embeddable":true,"href":"https:\/\/www.acapulcopress.com\/index.php\/wp-json\/wp\/v2\/comments?post=1258045"}],"version-history":[{"count":0,"href":"https:\/\/www.acapulcopress.com\/index.php\/wp-json\/wp\/v2\/posts\/1258045\/revisions"}],"wp:attachment":[{"href":"https:\/\/www.acapulcopress.com\/index.php\/wp-json\/wp\/v2\/media?parent=1258045"}],"wp:term":[{"taxonomy":"category","embeddable":true,"href":"https:\/\/www.acapulcopress.com\/index.php\/wp-json\/wp\/v2\/categories?post=1258045"},{"taxonomy":"post_tag","embeddable":true,"href":"https:\/\/www.acapulcopress.com\/index.php\/wp-json\/wp\/v2\/tags?post=1258045"}],"curies":[{"name":"wp","href":"https:\/\/api.w.org\/{rel}","templated":true}]}}