{"id":1258058,"date":"2023-11-15T07:27:06","date_gmt":"2023-11-15T13:27:06","guid":{"rendered":"https:\/\/www.acapulcopress.com\/?p=1258058"},"modified":"2023-11-15T07:27:06","modified_gmt":"2023-11-15T13:27:06","slug":"diputados-del-pri-llaman-a-gobierno-federal-implementar-empleo-temporal-en-acapulco","status":"publish","type":"post","link":"https:\/\/www.acapulcopress.com\/index.php\/2023\/11\/15\/diputados-del-pri-llaman-a-gobierno-federal-implementar-empleo-temporal-en-acapulco\/","title":{"rendered":"Diputados del PRI llaman a Gobierno federal implementar empleo temporal en Acapulco"},"content":{"rendered":"<p style=\"text-align: justify;\">CHILPANCINGO * Noviembre 14, 2023.<br \/>\n) Congreso de Guerrero El Congreso del Estado exhort\u00f3 al Ejecutivo federal a que, en el ejercicio de sus atribuciones, implemente de manera efectiva y urgente un programa de empleo temporal en los municipios de Acapulco y Coyuca de Ben\u00edtez, que ayude a la reactivaci\u00f3n econ\u00f3mica de estas zonas afectadas por el hurac\u00e1n \u201cOtis\u201d.<\/p>\n<p style=\"text-align: justify;\">En la sesi\u00f3n ordinaria de este martes, la diputada Gabriela Bernal Res\u00e9ndiz, a nombre tambi\u00e9n de su hom\u00f3logo Ricardo Astudillo Calvo, present\u00f3 dicho exhorto manifestando que es de suma importancia implementar un programa de empleo temporal en Acapulco y Coyuca que coadyuve a la recuperaci\u00f3n econ\u00f3mica, la reconstrucci\u00f3n de infraestructura, preservaci\u00f3n cultural y la preparaci\u00f3n de eventos futuros.<\/p>\n<p style=\"text-align: justify;\">Precis\u00f3 que el Programa de Empleo Temporal Inmediato (PETI) es una vertiente del Programa de Empleo Temporal (PET) y est\u00e1 enfocado a dar una respuesta inmediata a familias afectadas por fen\u00f3menos naturales, que no solo proporciona ayuda, sino que contribuye a la resiliencia a largo plazo de estas comunidades.<\/p>\n<p style=\"text-align: justify;\">Abund\u00f3 la legisladora que el desastre que dej\u00f3 el hurac\u00e1n \u201cOtis\u201d afect\u00f3 el 100 por ciento de la econom\u00eda de Acapulco y el 60 por ciento de la de Guerrero, mermando la capacidad del estado para generar ingresos locales, de acuerdo con el Consejo de C\u00e1maras Industriales y Empresariales de Guerrero (Concaingro).<\/p>\n<p style=\"text-align: justify;\">Expuso, asimismo, que de acuerdo con especialistas, la recuperaci\u00f3n de Acapulco podr\u00eda tardar hasta cinco a\u00f1os si no se cambia la ruta de acci\u00f3n implementada por la autoridad federal.<\/p>\n<p style=\"text-align: justify;\">\u201cAnte estas proyecciones, destaca el alarmante riesgo de que el destino se convierta en un pueblo fantasma, por ello la necesidad de un plan econ\u00f3mico de rescate y un programa de empleo para los damnificados de estos municipios, que integre a personas adultas mayores y no solo a j\u00f3venes\u201d, remarc\u00f3.<\/p>\n<p style=\"text-align: justify;\">Exhorto al Ejecutivo Estatal<\/p>\n<p style=\"text-align: justify;\">En la misma sesi\u00f3n se aprob\u00f3 por mayor\u00eda de votos un exhorto a la titular del Ejecutivo estatal para que solicite ante la Coordinaci\u00f3n Nacional de Protecci\u00f3n Civil que se mantenga vigente la Declaratoria de Emergencia en Acapulco y Coyuca de Ben\u00edtez.<\/p>\n<p style=\"text-align: justify;\">Lo anterior tambi\u00e9n a propuesta de la diputada Bernal Res\u00e9ndiz y el diputado Astudillo Calvo, quienes solicitaron declarar a estos municipios en emergencia sanitaria, de modo que las secretar\u00edas de Salud federal y estatal, as\u00ed como el gobierno municipal, atiendan con urgencia la tarea de saneamiento b\u00e1sico para la prevenci\u00f3n de enfermedades, y la puesta en marcha de una estrategia de vacunaci\u00f3n masiva a la poblaci\u00f3n de las zonas siniestradas, la activaci\u00f3n de protocolos en materia de prevenci\u00f3n sanitaria y medidas de prevenci\u00f3n contra enfermedades transmitidas por vectores.<\/p>\n<p><em>] S\u00edguenos en Facebook.com\/<a href=\"https:\/\/www.facebook.com\/acapulcopress.news\" target=\"_blank\" rel=\"noopener\">acapulcopress.news<\/a><\/em><br \/>\n<em>] S\u00edguenos en Facebook.com\/<a href=\"https:\/\/www.facebook.com\/angelblanco.press\" target=\"_blank\" rel=\"noopener\">angelblanco.press<\/a><\/em><br \/>\n<em>] Visita nuestro sitio web acapulcopress.com<\/em><\/p>\n","protected":false},"excerpt":{"rendered":"<p>CHILPANCINGO * Noviembre 14, 2023. ) Congreso de Guerrero El Congreso del Estado exhort\u00f3 al Ejecutivo federal a que, en el ejercicio de sus atribuciones, implemente de manera efectiva y urgente un programa de empleo temporal en los municipios de Acapulco y Coyuca de Ben\u00edtez, que ayude a la reactivaci\u00f3n econ\u00f3mica de estas zonas afectadas&#8230;<\/p>\n","protected":false},"author":2,"featured_media":1258051,"comment_status":"closed","ping_status":"closed","sticky":false,"template":"","format":"standard","meta":{"footnotes":""},"categories":[61,18561],"tags":[],"class_list":["post-1258058","post","type-post","status-publish","format-standard","has-post-thumbnail","hentry","category-legislacion","category-society-politics"],"_links":{"self":[{"href":"https:\/\/www.acapulcopress.com\/index.php\/wp-json\/wp\/v2\/posts\/1258058","targetHints":{"allow":["GET"]}}],"collection":[{"href":"https:\/\/www.acapulcopress.com\/index.php\/wp-json\/wp\/v2\/posts"}],"about":[{"href":"https:\/\/www.acapulcopress.com\/index.php\/wp-json\/wp\/v2\/types\/post"}],"author":[{"embeddable":true,"href":"https:\/\/www.acapulcopress.com\/index.php\/wp-json\/wp\/v2\/users\/2"}],"replies":[{"embeddable":true,"href":"https:\/\/www.acapulcopress.com\/index.php\/wp-json\/wp\/v2\/comments?post=1258058"}],"version-history":[{"count":0,"href":"https:\/\/www.acapulcopress.com\/index.php\/wp-json\/wp\/v2\/posts\/1258058\/revisions"}],"wp:featuredmedia":[{"embeddable":true,"href":"https:\/\/www.acapulcopress.com\/index.php\/wp-json\/"}],"wp:attachment":[{"href":"https:\/\/www.acapulcopress.com\/index.php\/wp-json\/wp\/v2\/media?parent=1258058"}],"wp:term":[{"taxonomy":"category","embeddable":true,"href":"https:\/\/www.acapulcopress.com\/index.php\/wp-json\/wp\/v2\/categories?post=1258058"},{"taxonomy":"post_tag","embeddable":true,"href":"https:\/\/www.acapulcopress.com\/index.php\/wp-json\/wp\/v2\/tags?post=1258058"}],"curies":[{"name":"wp","href":"https:\/\/api.w.org\/{rel}","templated":true}]}}