{"id":1258068,"date":"2023-11-17T09:04:18","date_gmt":"2023-11-17T15:04:18","guid":{"rendered":"https:\/\/www.acapulcopress.com\/?p=1258068"},"modified":"2023-11-17T09:04:18","modified_gmt":"2023-11-17T15:04:18","slug":"ajuchitlan-tragedia-y-olvido","status":"publish","type":"post","link":"https:\/\/www.acapulcopress.com\/index.php\/2023\/11\/17\/ajuchitlan-tragedia-y-olvido\/","title":{"rendered":"Ajuchitl\u00e1n | Tragedia y olvido&#8230;"},"content":{"rendered":"<p>Ep\u00edstolas Surianas<br \/>\n) Julio Ayala Carlos<\/p>\n<p>\u2022 Ajuchitl\u00e1n: tragedia y olvido\u2026<\/p>\n<p>OTIS NO S\u00d3LO DEVAST\u00d3 ACAPULCO, y Coyuca de Ben\u00edtez. Tambi\u00e9n caus\u00f3 estragos en otros municipios del estado, cuyos habitantes tambi\u00e9n resultaron damnificados. En total fueron 47 municipios, de los cuales 45 fueron sacados de la Declaratoria de Desastres por orden del presidente L\u00f3pez Obrador que desconoci\u00f3 los desastres causados por el hurac\u00e1n. Uno de estos es Ajuchitl\u00e1n del Progreso, en la Tierra Caliente del estado, cuyos habitantes no s\u00f3lo resultaron afectados, sino que al igual que otros, se encuentran en el olvido, en el desamparo por parte del gobierno.<\/p>\n<p>As\u00ed es. Como consecuencia de las torrenciales lluvias de Otis en la sierra, Ajuchitl\u00e1n, la cabecera municipal, principalmente, result\u00f3 inundado por las aguas del r\u00edo Truchas que corre a un costado del pueblo, raz\u00f3n por lo cual decenas de viviendas resultaron afectadas, as\u00ed como el puente que atraviesa el r\u00edo, de tal forma que muchas comunidades se encuentran semi incomunicadas.<\/p>\n<p>En efecto, desde el d\u00eda de la inundaci\u00f3n, el 25 de octubre pasado, los afectados se encuentran en el desamparo. Cierto es que el gobierno municipal los ha apoyado con despensas, raqu\u00edticas por cierto, por lo cual no resuelven el problema que enfrentan, si no que hasta ahora permanecen en el olvido del gobierno federal para el cual no existen.<\/p>\n<p>Las gr\u00e1ficas y los videos del desbordamiento del r\u00edo Truchas, que desemboca en el Balsas, o el r\u00edo Grande, como le dicen los ajuchitlenses, as\u00ed como la inundaci\u00f3n del pueblo son m\u00e1s que elocuentes. Desde que se tiene memoria, Ajuchitl\u00e1n nunca se hab\u00eda inundado como ese 25 de octubre, ni siquiera cuando, hace 10 a\u00f1os, la Tierra Caliente result\u00f3 afectado con la tormenta Manuel y el hurac\u00e1n Ingrid.<\/p>\n<p>\u201cLas calles eran completamente r\u00edos. La corriente de las aguas hasta arrastraban\u201d, se\u00f1alan los vecinos para referirse a las calles Jos\u00e9 Rosas Olea y 16 de Septiembre, dos de las m\u00e1s importantes de la cabecera municipal. Como consecuencia, las viviendas resultaron inundadas y las familias damnificadas. Otras m\u00e1s perdieron sus animales y sus cosechas, al otro lado del r\u00edo.<\/p>\n<p>Por si eso fuera poco, es decir, como si los da\u00f1os no fueran suficientes, el gobierno federal, el del presidente L\u00f3pez Obrador los sac\u00f3 de la Declaratoria de Desastres, o lo que es lo mismo, no existen para las autoridades y en consecuencia no son motivo de auxilio y apoyos, salvo lo poco que les ha entregado el gobierno local.<\/p>\n<p>Hay que decirlo. En la elecci\u00f3n del 2018, cuando L\u00f3pez Obrador compiti\u00f3 por la Presidencia de la Rep\u00fablica por tercera ocasi\u00f3n, Ajuchitl\u00e1n y la Tierra Caliente vot\u00f3 masivamente por \u00e9l. Lo hicieron por las promesas que les hizo, y porque les dijo que en su gobierno primero iban a ser los pobres. Les prometi\u00f3 adem\u00e1s visitarlos continuamente, pero desde que lleg\u00f3 al poder, se olvid\u00f3 de ellos, tanto que en los m\u00e1s de cinco a\u00f1os de gobierno, ninguna obra les ha hecho.<\/p>\n<p>\u201cCre\u00edmos que ahora s\u00ed iba a venir a vernos el presidente. Porque aqu\u00ed votamos por \u00e9l, pero si no ha ido a Acapulco, donde gobierna su partido, mucho menos va a venir aqu\u00ed\u201d, se quejan algunos de los que perdieron todas sus pertenec\u00edas por la inundaci\u00f3n del Truchas.<\/p>\n<p>En fin. Mientras los ajuchitlenses damnificados esperan los apoyos del presidente, por aquello de que \u201camor con amor se paga\u201d, lo cierto es que se rascan como pueden. Algunos, como hemos dicho, lo perdieron todo, y en consecuencia, mucho agradecen el apoyo de personas diversas que han acudido al pueblo a solidarizarse con ellos.<\/p>\n<p>As\u00ed en Ajuchitl\u00e1n, en la desgracia y el olvido\u2026<\/p>\n<p>Comentarios | ayala.jc30@gmail.com<\/p>\n","protected":false},"excerpt":{"rendered":"<p>Ep\u00edstolas Surianas ) Julio Ayala Carlos \u2022 Ajuchitl\u00e1n: tragedia y olvido\u2026 OTIS NO S\u00d3LO DEVAST\u00d3 ACAPULCO, y Coyuca de Ben\u00edtez. Tambi\u00e9n caus\u00f3 estragos en otros municipios del estado, cuyos habitantes tambi\u00e9n resultaron damnificados. En total fueron 47 municipios, de los cuales 45 fueron sacados de la Declaratoria de Desastres por orden del presidente L\u00f3pez Obrador&#8230;<\/p>\n","protected":false},"author":2,"featured_media":0,"comment_status":"closed","ping_status":"closed","sticky":false,"template":"","format":"standard","meta":{"footnotes":""},"categories":[2071,1991],"tags":[],"class_list":["post-1258068","post","type-post","status-publish","format-standard","hentry","category-opinion-analisis-columnas","category-libertad-de-expresion"],"_links":{"self":[{"href":"https:\/\/www.acapulcopress.com\/index.php\/wp-json\/wp\/v2\/posts\/1258068","targetHints":{"allow":["GET"]}}],"collection":[{"href":"https:\/\/www.acapulcopress.com\/index.php\/wp-json\/wp\/v2\/posts"}],"about":[{"href":"https:\/\/www.acapulcopress.com\/index.php\/wp-json\/wp\/v2\/types\/post"}],"author":[{"embeddable":true,"href":"https:\/\/www.acapulcopress.com\/index.php\/wp-json\/wp\/v2\/users\/2"}],"replies":[{"embeddable":true,"href":"https:\/\/www.acapulcopress.com\/index.php\/wp-json\/wp\/v2\/comments?post=1258068"}],"version-history":[{"count":0,"href":"https:\/\/www.acapulcopress.com\/index.php\/wp-json\/wp\/v2\/posts\/1258068\/revisions"}],"wp:attachment":[{"href":"https:\/\/www.acapulcopress.com\/index.php\/wp-json\/wp\/v2\/media?parent=1258068"}],"wp:term":[{"taxonomy":"category","embeddable":true,"href":"https:\/\/www.acapulcopress.com\/index.php\/wp-json\/wp\/v2\/categories?post=1258068"},{"taxonomy":"post_tag","embeddable":true,"href":"https:\/\/www.acapulcopress.com\/index.php\/wp-json\/wp\/v2\/tags?post=1258068"}],"curies":[{"name":"wp","href":"https:\/\/api.w.org\/{rel}","templated":true}]}}