{"id":1258102,"date":"2023-11-17T10:07:58","date_gmt":"2023-11-17T16:07:58","guid":{"rendered":"https:\/\/www.acapulcopress.com\/?p=1258102"},"modified":"2023-11-17T10:07:58","modified_gmt":"2023-11-17T16:07:58","slug":"proponen-adicion-al-codigo-penal-para-garantizas-dignidad-postuma-a-fallecidos","status":"publish","type":"post","link":"https:\/\/www.acapulcopress.com\/index.php\/2023\/11\/17\/proponen-adicion-al-codigo-penal-para-garantizas-dignidad-postuma-a-fallecidos\/","title":{"rendered":"Proponen adici\u00f3n al C\u00f3digo Penal para garantizas dignidad p\u00f3stuma a fallecidos"},"content":{"rendered":"<p style=\"text-align: justify;\">CHILPANCINGO * Noviembre 17, 2023.<br \/>\n) Congreso de Guerrero<br \/>\nLa diputada Jessica Ivette Alejo Rayo present\u00f3 una iniciativa de adici\u00f3n a la Ley de Salud y al C\u00f3digo Penal del Estado de Guerrero para incluir la \u00abdignidad p\u00f3stuma\u00bb en dichos ordenamientos, con el objeto de proteger la identidad, imagen, memoria e integridad de las personas fallecidas.<\/p>\n<p style=\"text-align: justify;\">Asimismo, propone plasmar en el C\u00f3digo Penal una penalidad de 2 a 6 a\u00f1os de prisi\u00f3n, una multa de 200 a 600 Unidades de Medida y Actualizaci\u00f3n y la reparaci\u00f3n integral del da\u00f1o para aquellos que difundan, entreguen, publiquen, transmitan, distribuyan, videograben, fotograf\u00eden, comercialicen, intercambien o compartan im\u00e1genes relacionadas con cad\u00e1veres de personas, y una penalizaci\u00f3n adicional cuando el delito involucre a mujeres, ni\u00f1as, ni\u00f1os, adolescentes o personas en situaci\u00f3n de vulnerabilidad.<\/p>\n<p style=\"text-align: justify;\">La diputada rese\u00f1\u00f3 que esta iniciativa es a ra\u00edz del asesinato del actor Octavio Oca\u00f1a, el 29 de octubre de 2021, luego de que un agente de la Fiscal\u00eda General del Estado de M\u00e9xico y una param\u00e9dico tomaron fotos y videos del cad\u00e1ver y filtraron a los medios de comunicaci\u00f3n, sin el consentimiento de los familiares.<\/p>\n<p style=\"text-align: justify;\">La diputada subray\u00f3 la importancia de estas adecuaciones al marco jur\u00eddico local porque quienes cometen este tipo de delitos suelen ser servidores p\u00fablicos encargados de brindar primeros auxilios o personal de los cuerpos de seguridad, fiscales estatales<\/p>\n<p style=\"text-align: justify;\">o de la Fiscal\u00eda General de la Rep\u00fablica, quienes ofrecen im\u00e1genes a los medios con fines de lucro, lo que a menudo resulta en miles o decenas de miles de pesos.<\/p>\n<p style=\"text-align: justify;\">Alejo Rayo resalt\u00f3 que esta iniciativa pretende beneficiar a la poblaci\u00f3n guerrerense, especialmente en el contexto de las recientes afectaciones causadas por el hurac\u00e1n \u00abOtis\u00bb en Acapulco, que ha dejado hasta el momento 48 muertos.<\/p>\n<p style=\"text-align: justify;\">\u201cLa protecci\u00f3n de los derechos de dignidad p\u00f3stuma y de los familiares afectados es crucial para garantizar un trato digno y respetuoso a los valores y al cad\u00e1ver de una persona\u201d, apunt\u00f3.<\/p>\n<p style=\"text-align: justify;\">La propuesta fue turnada a las Comisiones Unidas de Salud y de Justicia para su an\u00e1lisis emisi\u00f3n de dictamen.<\/p>\n<p><em>] S\u00edguenos en Facebook.com\/<a href=\"https:\/\/www.facebook.com\/acapulcopress.news\" target=\"_blank\" rel=\"noopener\">acapulcopress.news<\/a><\/em><br \/>\n<em>] S\u00edguenos en Facebook.com\/<a href=\"https:\/\/www.facebook.com\/angelblanco.press\" target=\"_blank\" rel=\"noopener\">angelblanco.press<\/a><\/em><br \/>\n<em>] Visita nuestro sitio web acapulcopress.com<\/em><\/p>\n","protected":false},"excerpt":{"rendered":"<p>CHILPANCINGO * Noviembre 17, 2023. ) Congreso de Guerrero La diputada Jessica Ivette Alejo Rayo present\u00f3 una iniciativa de adici\u00f3n a la Ley de Salud y al C\u00f3digo Penal del Estado de Guerrero para incluir la \u00abdignidad p\u00f3stuma\u00bb en dichos ordenamientos, con el objeto de proteger la identidad, imagen, memoria e integridad de las personas&#8230;<\/p>\n","protected":false},"author":2,"featured_media":1258099,"comment_status":"closed","ping_status":"closed","sticky":false,"template":"","format":"standard","meta":{"footnotes":""},"categories":[61,18561],"tags":[2188,6370],"class_list":["post-1258102","post","type-post","status-publish","format-standard","has-post-thumbnail","hentry","category-legislacion","category-society-politics","tag-dignidad-postuma","tag-congreso-de-guerrero"],"_links":{"self":[{"href":"https:\/\/www.acapulcopress.com\/index.php\/wp-json\/wp\/v2\/posts\/1258102","targetHints":{"allow":["GET"]}}],"collection":[{"href":"https:\/\/www.acapulcopress.com\/index.php\/wp-json\/wp\/v2\/posts"}],"about":[{"href":"https:\/\/www.acapulcopress.com\/index.php\/wp-json\/wp\/v2\/types\/post"}],"author":[{"embeddable":true,"href":"https:\/\/www.acapulcopress.com\/index.php\/wp-json\/wp\/v2\/users\/2"}],"replies":[{"embeddable":true,"href":"https:\/\/www.acapulcopress.com\/index.php\/wp-json\/wp\/v2\/comments?post=1258102"}],"version-history":[{"count":0,"href":"https:\/\/www.acapulcopress.com\/index.php\/wp-json\/wp\/v2\/posts\/1258102\/revisions"}],"wp:featuredmedia":[{"embeddable":true,"href":"https:\/\/www.acapulcopress.com\/index.php\/wp-json\/"}],"wp:attachment":[{"href":"https:\/\/www.acapulcopress.com\/index.php\/wp-json\/wp\/v2\/media?parent=1258102"}],"wp:term":[{"taxonomy":"category","embeddable":true,"href":"https:\/\/www.acapulcopress.com\/index.php\/wp-json\/wp\/v2\/categories?post=1258102"},{"taxonomy":"post_tag","embeddable":true,"href":"https:\/\/www.acapulcopress.com\/index.php\/wp-json\/wp\/v2\/tags?post=1258102"}],"curies":[{"name":"wp","href":"https:\/\/api.w.org\/{rel}","templated":true}]}}