{"id":1258104,"date":"2023-11-19T11:30:19","date_gmt":"2023-11-19T17:30:19","guid":{"rendered":"https:\/\/www.acapulcopress.com\/?p=1258104"},"modified":"2023-11-19T11:30:19","modified_gmt":"2023-11-19T17:30:19","slug":"solicita-ricardo-taja-renuncia-de-abelina-lopez","status":"publish","type":"post","link":"https:\/\/www.acapulcopress.com\/index.php\/2023\/11\/19\/solicita-ricardo-taja-renuncia-de-abelina-lopez\/","title":{"rendered":"Solicita Ricardo Taja renuncia de Abelina L\u00f3pez"},"content":{"rendered":"<p style=\"text-align: justify;\">\u00bb<strong><a href=\"https:\/\/www.facebook.com\/angelblanco.press\"> \u00c1ngel | Blanco<\/a><\/strong><br \/>\nACAPULCO * Noviembre 19, 2023.<br \/>\n<em>) <a href=\"https:\/\/www.facebook.com\/acapulcopress.news\" target=\"_blank\" rel=\"noopener\">Acapulco Press<\/a><\/em><\/p>\n<p style=\"text-align: justify;\">El empresario y dos veces aspirante a la presidencia de Acapulco por la coalici\u00f3n <img loading=\"lazy\" decoding=\"async\" class=\"alignleft size-medium wp-image-1258091\" src=\"https:\/\/www.acapulcopress.com\/wp-content\/uploads\/2023\/11\/TAJA3-375x469.jpg\" alt=\"\" width=\"375\" height=\"469\" \/>#VaPorM\u00e9xico, <a href=\"https:\/\/web.facebook.com\/RicardoTajaMX\" target=\"_blank\" rel=\"noopener\">Ricardo Taja Ram\u00edrez<\/a>, emiti\u00f3 un llamado en\u00e9rgico para la alcaldesa <a href=\"https:\/\/www.facebook.com\/AbelinaLopezR\" target=\"_blank\" rel=\"noopener\">Abelina L\u00f3pez Rodr\u00edguez<\/a>: \u00abSi no existe voluntad y capacidad para sacar adelante a Acapulco, que se separe del cargo!\u00bb<\/p>\n<p style=\"text-align: justify;\">\u00abLos acapulque\u00f1os estamos cansados de representantes populares que solo est\u00e1n con Acapulco en los momentos f\u00e1ciles y en los dif\u00edciles ponen excusas y pretextos para ocultar su incompetencia. Llevamos 23 d\u00edas inmersos en escombros y basura con un Ayuntamiento inoperante y distanciado del Estado y la Federaci\u00f3n por cuestiones pol\u00edtico-personales. \u00a1Ya basta! Hay miles de puntos negros que son focos de enfermedades como el c\u00f3lera, hepatitis y dengue\u00bb, espet\u00f3 Taja ante la falta de responsabilidad de la alcaldesa por Morena no solo en los m\u00e1s dos a\u00f1os que lleva al mando del gobierno de Acapulco, sino por su ausencia e inoperancia pol\u00edtica y gubernamental en la contingencia causada por el hurac\u00e1n Otis.<\/p>\n<p style=\"text-align: justify;\">Taja Ram\u00edrez lamenta que la Comisi\u00f3n Federal de Electricidad (<a href=\"https:\/\/web.facebook.com\/CFENacional\" target=\"_blank\" rel=\"noopener\">CFE<\/a>) se haya tenido que <img loading=\"lazy\" decoding=\"async\" class=\"alignleft size-medium wp-image-1258090\" src=\"https:\/\/www.acapulcopress.com\/wp-content\/uploads\/2023\/11\/TAJA-375x469.jpg\" alt=\"\" width=\"375\" height=\"469\" \/>abrir paso por su propia cuenta en las calles para poder instalar postes y transformadores nuevos \u00abporque el Ayuntamiento, con sus \u00e1reas de Maquinaria Pesada, Saneamiento B\u00e1sico, Servicios P\u00fablicos Municipales, \u00c1reas Verdes, Comunicaci\u00f3n Social, entre otras, (brillaron) por su ausencia2.<\/p>\n<p style=\"text-align: justify;\">\u00abComo empresario me preocupa la nula voluntad del Ayuntamiento por apoyar a los comerciantes y empresarios\u00bb, yuxtapuso el empresario.<\/p>\n<p style=\"text-align: justify;\">\u00abTuvieron que pasar 22 d\u00edas para que la Comisi\u00f3n de Agua Potable y Alcantarillado del Municipio de Acapulco (<a href=\"https:\/\/web.facebook.com\/capama.aca\" target=\"_blank\" rel=\"noopener\">CAPAMA<\/a>) anunciara la suspensi\u00f3n del cobro del agua potable por 2 meses&#8230; que por cierto no est\u00e1 fluyendo\u00bb.<\/p>\n<p style=\"text-align: justify;\">\u00ab\u00bfQu\u00e9 espera la alcaldesa para anunciar incentivos para comerciantes?\u00bb, increpa Ricardo Taja, a trav\u00e9s de una misiva que hizo p\u00fablica en redes sociales.<\/p>\n<p style=\"text-align: justify;\">\u00abDice que no hay dinero, \u00bfpero para los bailes y fiestas qu\u00e9 tal?\u00bb.<\/p>\n<p style=\"text-align: justify;\">\u00abCon todo respeto: Acapulco necesita operatividad, voluntad y capacidad. Y si la presidenta no puede o no quiere, \u00a1que se separe del cargo!\u00bb, puntualiz\u00f3 en\u00e9rgico Taja Ram\u00edrez.<\/p>\n<p style=\"text-align: justify;\"><img loading=\"lazy\" decoding=\"async\" class=\"alignnone wp-image-1258105 size-large\" src=\"https:\/\/www.acapulcopress.com\/wp-content\/uploads\/2023\/11\/todos-por-acapulco-840x1051.jpg\" alt=\"\" width=\"696\" height=\"871\" \/><br \/>\n<em>] S\u00edguenos en Facebook.com\/<a href=\"https:\/\/www.facebook.com\/acapulcopress.news\" target=\"_blank\" rel=\"noopener\">acapulcopress.news<\/a><\/em><br \/>\n<em>] S\u00edguenos en Facebook.com\/<a href=\"https:\/\/www.facebook.com\/angelblanco.press\" target=\"_blank\" rel=\"noopener\">angelblanco.press<\/a><\/em><br \/>\n<em>] Visita nuestro sitio web acapulcopress.com<\/em><\/p>\n","protected":false},"excerpt":{"rendered":"<p>\u00bb \u00c1ngel | Blanco ACAPULCO * Noviembre 19, 2023. ) Acapulco Press El empresario y dos veces aspirante a la presidencia de Acapulco por la coalici\u00f3n #VaPorM\u00e9xico, Ricardo Taja Ram\u00edrez, emiti\u00f3 un llamado en\u00e9rgico para la alcaldesa Abelina L\u00f3pez Rodr\u00edguez: \u00abSi no existe voluntad y capacidad para sacar adelante a Acapulco, que se separe del&#8230;<\/p>\n","protected":false},"author":2,"featured_media":1258110,"comment_status":"closed","ping_status":"closed","sticky":false,"template":"","format":"standard","meta":{"footnotes":""},"categories":[1997],"tags":[2710,3077,3389,4485,6151,9279,9987,10648,16032],"class_list":["post-1258104","post","type-post","status-publish","format-standard","has-post-thumbnail","hentry","category-noticias-destacadas","tag-fuerzaacapulco","tag-abelina-lopez-rodriguez","tag-agua-potable-y-alcantarillado-del-municipio-de-acapulco-capama","tag-ayuntamiento-de-acapulco","tag-comision-federal-de-electricidad-cfe","tag-gobierno-de-acapulco","tag-huracan-otis","tag-javier-taja-ramirez","tag-santa-maria-tonameca"],"_links":{"self":[{"href":"https:\/\/www.acapulcopress.com\/index.php\/wp-json\/wp\/v2\/posts\/1258104","targetHints":{"allow":["GET"]}}],"collection":[{"href":"https:\/\/www.acapulcopress.com\/index.php\/wp-json\/wp\/v2\/posts"}],"about":[{"href":"https:\/\/www.acapulcopress.com\/index.php\/wp-json\/wp\/v2\/types\/post"}],"author":[{"embeddable":true,"href":"https:\/\/www.acapulcopress.com\/index.php\/wp-json\/wp\/v2\/users\/2"}],"replies":[{"embeddable":true,"href":"https:\/\/www.acapulcopress.com\/index.php\/wp-json\/wp\/v2\/comments?post=1258104"}],"version-history":[{"count":0,"href":"https:\/\/www.acapulcopress.com\/index.php\/wp-json\/wp\/v2\/posts\/1258104\/revisions"}],"wp:featuredmedia":[{"embeddable":true,"href":"https:\/\/www.acapulcopress.com\/index.php\/wp-json\/"}],"wp:attachment":[{"href":"https:\/\/www.acapulcopress.com\/index.php\/wp-json\/wp\/v2\/media?parent=1258104"}],"wp:term":[{"taxonomy":"category","embeddable":true,"href":"https:\/\/www.acapulcopress.com\/index.php\/wp-json\/wp\/v2\/categories?post=1258104"},{"taxonomy":"post_tag","embeddable":true,"href":"https:\/\/www.acapulcopress.com\/index.php\/wp-json\/wp\/v2\/tags?post=1258104"}],"curies":[{"name":"wp","href":"https:\/\/api.w.org\/{rel}","templated":true}]}}