{"id":1258108,"date":"2023-11-19T11:57:37","date_gmt":"2023-11-19T17:57:37","guid":{"rendered":"https:\/\/www.acapulcopress.com\/?p=1258108"},"modified":"2023-11-19T11:57:37","modified_gmt":"2023-11-19T17:57:37","slug":"ah-que-la-tia-abe-se-siente-la-fuerzaacapulco","status":"publish","type":"post","link":"https:\/\/www.acapulcopress.com\/index.php\/2023\/11\/19\/ah-que-la-tia-abe-se-siente-la-fuerzaacapulco\/","title":{"rendered":"Ah, que la &#8216;t\u00eda Abe&#8217;&#8230; \u00a1se siente la #FuerzaAcapulco!"},"content":{"rendered":"<div class=\"xdj266r x11i5rnm xat24cr x1mh8g0r x1vvkbs x126k92a\">\n<div dir=\"auto\" style=\"text-align: justify;\"><em>\u00a1Ah, que la \u00b4tia Abe&#8217;! Cree que el &#8216;hashtag&#8217; <a class=\"x1i10hfl xjbqb8w x6umtig x1b1mbwd xaqea5y xav7gou x9f619 x1ypdohk xt0psk2 xe8uvvx xdj266r x11i5rnm xat24cr x1mh8g0r xexx8yu x4uap5 x18d9i69 xkhd6sd x16tdsg8 x1hl2dhg xggy1nq x1a2a7pz xt0b8zv x1qq9wsj xo1l8bm\" tabindex=\"0\" role=\"link\" href=\"https:\/\/web.facebook.com\/hashtag\/fuerzaacapulco?__eep__=6&amp;__cft__[0]=AZXA4dOQsM1oZAcg8k3QAELqVmLvaIlU5LSjV3EUykD4mTRnwkkQ9j27V4JNEJSkJwXoQPk6QtL0Eg62gkBOeKWQncJrZOkPmDwAwOMGpqP_4yppmDN1SCF4ITmqj15pJBeQ4PJX3vp7Z8sLExFnl9K6oX1cUFToB9gKYFg1Jbzm6GUNPpHNqhwDHH2vN3nsyZE&amp;__tn__=*NK-R\">#FuerzaAcapulco<\/a> es por ella o su inoperante gobierno. Ya lo dice el popular refr\u00e1n: Aunque la soberbia, testaruda, ineficiente y fantasmag\u00f3rica alcaldesa de Acapulco durante la contingencia de Otis, <a class=\"x1i10hfl xjbqb8w x6umtig x1b1mbwd xaqea5y xav7gou x9f619 x1ypdohk xt0psk2 xe8uvvx xdj266r x11i5rnm xat24cr x1mh8g0r xexx8yu x4uap5 x18d9i69 xkhd6sd x16tdsg8 x1hl2dhg xggy1nq x1a2a7pz xt0b8zv x1qq9wsj xo1l8bm\" tabindex=\"0\" role=\"link\" href=\"https:\/\/web.facebook.com\/AbelinaLopezR\"><span class=\"xt0psk2\">Abelina L\u00f3pez Rodr\u00edguez<\/span><\/a>, haya salido de Santa Mar\u00eda Tonameca, Oaxaca, y en Acapulco se vista hasta de presidenta&#8230; &#8216;Abelina se queda&#8217;.<\/em><\/p>\n<\/div>\n<\/div>\n<div class=\"x11i5rnm xat24cr x1mh8g0r x1vvkbs xtlvy1s x126k92a\">\n<div dir=\"auto\" style=\"text-align: justify;\"><em>Abelina, la <a class=\"x1i10hfl xjbqb8w x6umtig x1b1mbwd xaqea5y xav7gou x9f619 x1ypdohk xt0psk2 xe8uvvx xdj266r x11i5rnm xat24cr x1mh8g0r xexx8yu x4uap5 x18d9i69 xkhd6sd x16tdsg8 x1hl2dhg xggy1nq x1a2a7pz xt0b8zv x1qq9wsj xo1l8bm\" tabindex=\"0\" role=\"link\" href=\"https:\/\/web.facebook.com\/hashtag\/fuerzaacapulco?__eep__=6&amp;__cft__[0]=AZXA4dOQsM1oZAcg8k3QAELqVmLvaIlU5LSjV3EUykD4mTRnwkkQ9j27V4JNEJSkJwXoQPk6QtL0Eg62gkBOeKWQncJrZOkPmDwAwOMGpqP_4yppmDN1SCF4ITmqj15pJBeQ4PJX3vp7Z8sLExFnl9K6oX1cUFToB9gKYFg1Jbzm6GUNPpHNqhwDHH2vN3nsyZE&amp;__tn__=*NK-R\">#FuerzaAcapulco<\/a> es por el trabajo conjunto del gobierno federal, estatal y municipal donde t\u00fa no has querido participar por tu &#8216;bendito&#8217; revanchismo pol\u00edtico y rid\u00edcula soberbia. El d\u00edas que seas m\u00e1s humilde, tendr\u00e1s muchas historias positivas qu\u00e9 contar a tus futuras generaciones, mientras tanto, por m\u00e1s millones que gastes en purificar tu imagen, no dejas de ser la \u00abpeor autoridad municipal\u00bb en la historia de Acapulco y en el ranking nacional de alcaldes de M\u00e9xico. T\u00fa no eres ninguna <a class=\"x1i10hfl xjbqb8w x6umtig x1b1mbwd xaqea5y xav7gou x9f619 x1ypdohk xt0psk2 xe8uvvx xdj266r x11i5rnm xat24cr x1mh8g0r xexx8yu x4uap5 x18d9i69 xkhd6sd x16tdsg8 x1hl2dhg xggy1nq x1a2a7pz xt0b8zv x1qq9wsj xo1l8bm\" tabindex=\"0\" role=\"link\" href=\"https:\/\/web.facebook.com\/hashtag\/fuerzaacapulco?__eep__=6&amp;__cft__[0]=AZXA4dOQsM1oZAcg8k3QAELqVmLvaIlU5LSjV3EUykD4mTRnwkkQ9j27V4JNEJSkJwXoQPk6QtL0Eg62gkBOeKWQncJrZOkPmDwAwOMGpqP_4yppmDN1SCF4ITmqj15pJBeQ4PJX3vp7Z8sLExFnl9K6oX1cUFToB9gKYFg1Jbzm6GUNPpHNqhwDHH2vN3nsyZE&amp;__tn__=*NK-R\">#FuerzaAcapulco<\/a>: \u00ab\u00a1Eres una fuerza de fascismo totalitario, de venganzas pol\u00edticas y altivez; eres una verg\u00fcenza para Morena y un desprestigio de la 4T!\u00bb.<\/em><\/div>\n<div dir=\"auto\" style=\"text-align: justify;\"><em>) <a class=\"x1i10hfl xjbqb8w x6umtig x1b1mbwd xaqea5y xav7gou x9f619 x1ypdohk xt0psk2 xe8uvvx xdj266r x11i5rnm xat24cr x1mh8g0r xexx8yu x4uap5 x18d9i69 xkhd6sd x16tdsg8 x1hl2dhg xggy1nq x1a2a7pz xt0b8zv x1qq9wsj xo1l8bm\" tabindex=\"0\" role=\"link\" href=\"https:\/\/web.facebook.com\/acapulcopress.news\"><span class=\"xt0psk2\">Acapulco Press<\/span><\/a><\/em><\/div>\n<\/div>\n","protected":false},"excerpt":{"rendered":"<p>\u00a1Ah, que la \u00b4tia Abe&#8217;! Cree que el &#8216;hashtag&#8217; #FuerzaAcapulco es por ella o su inoperante gobierno. Ya lo dice el popular refr\u00e1n: Aunque la soberbia, testaruda, ineficiente y fantasmag\u00f3rica alcaldesa de Acapulco durante la contingencia de Otis, Abelina L\u00f3pez Rodr\u00edguez, haya salido de Santa Mar\u00eda Tonameca, Oaxaca, y en Acapulco se vista hasta de&#8230;<\/p>\n","protected":false},"author":2,"featured_media":1258092,"comment_status":"closed","ping_status":"closed","sticky":false,"template":"","format":"standard","meta":{"footnotes":""},"categories":[2048,1972,2008],"tags":[2710,3077],"class_list":["post-1258108","post","type-post","status-publish","format-standard","has-post-thumbnail","hentry","category-editorial-editorial","category-special","category-editorial","tag-fuerzaacapulco","tag-abelina-lopez-rodriguez"],"_links":{"self":[{"href":"https:\/\/www.acapulcopress.com\/index.php\/wp-json\/wp\/v2\/posts\/1258108","targetHints":{"allow":["GET"]}}],"collection":[{"href":"https:\/\/www.acapulcopress.com\/index.php\/wp-json\/wp\/v2\/posts"}],"about":[{"href":"https:\/\/www.acapulcopress.com\/index.php\/wp-json\/wp\/v2\/types\/post"}],"author":[{"embeddable":true,"href":"https:\/\/www.acapulcopress.com\/index.php\/wp-json\/wp\/v2\/users\/2"}],"replies":[{"embeddable":true,"href":"https:\/\/www.acapulcopress.com\/index.php\/wp-json\/wp\/v2\/comments?post=1258108"}],"version-history":[{"count":0,"href":"https:\/\/www.acapulcopress.com\/index.php\/wp-json\/wp\/v2\/posts\/1258108\/revisions"}],"wp:featuredmedia":[{"embeddable":true,"href":"https:\/\/www.acapulcopress.com\/index.php\/wp-json\/"}],"wp:attachment":[{"href":"https:\/\/www.acapulcopress.com\/index.php\/wp-json\/wp\/v2\/media?parent=1258108"}],"wp:term":[{"taxonomy":"category","embeddable":true,"href":"https:\/\/www.acapulcopress.com\/index.php\/wp-json\/wp\/v2\/categories?post=1258108"},{"taxonomy":"post_tag","embeddable":true,"href":"https:\/\/www.acapulcopress.com\/index.php\/wp-json\/wp\/v2\/tags?post=1258108"}],"curies":[{"name":"wp","href":"https:\/\/api.w.org\/{rel}","templated":true}]}}