{"id":1258115,"date":"2023-11-21T08:56:54","date_gmt":"2023-11-21T14:56:54","guid":{"rendered":"https:\/\/www.acapulcopress.com\/?p=1258115"},"modified":"2023-11-21T08:56:54","modified_gmt":"2023-11-21T14:56:54","slug":"la-solidaridad-nacional-por-amor-acapulco","status":"publish","type":"post","link":"https:\/\/www.acapulcopress.com\/index.php\/2023\/11\/21\/la-solidaridad-nacional-por-amor-acapulco\/","title":{"rendered":"La solidaridad nacional por amor Acapulco"},"content":{"rendered":"<p style=\"text-align: justify;\">La solidaridad nacional por amor Acapulco<br \/>\n\u00bb <strong>RICARDO<\/strong> | <strong>CASTILLO BARRIENTOS<\/strong><br \/>\n<em>] Facebook ) <a href=\"https:\/\/www.facebook.com\/ricardocastill01\" target=\"_blank\" rel=\"noopener\">Ricardo Castillo Barrientos<\/a><\/em><\/p>\n<p style=\"text-align: justify;\">La generosidad de los mexicanos no se hizo esperar. Reaccionaron antes que nadie. Las autoridades se mostraron imp\u00e1vidas, sorprendidas, ya recuperadas iniciaron los trabajos de contingencia en auxilio de miles de familias que perdieron todo, o casi todo.<\/p>\n<p style=\"text-align: justify;\">La solidaridad se hizo presente en varias regiones del pa\u00eds y en ciudades se volcaron a instalar Centros de Acopio de alimentos para los acapulque\u00f1os, en respuesta a la cat\u00e1strofe del hurac\u00e1n \u201cOtis\u201d.<\/p>\n<p style=\"text-align: justify;\">La Ciudad de M\u00e9xico se convirti\u00f3 el centro de operaciones de la ayuda nacional e internacional bajo la coordinaci\u00f3n de la Marina y la Cruz Roja, con la participaci\u00f3n de la UNAM, IPN, UAM, otras instituciones educativas, c\u00e1maras empresariales, organizaciones sindicales y asociaciones civiles. Tambi\u00e9n se han organizado en CDMX y otras entidades, diversidad de eventos de recaudaci\u00f3n de fondos pro-damnificados de Acapulco y Coyuca de Ben\u00edtez, como el que organiza Cuauht\u00e9moc Blanco, gobernador de Morelos, en el estadio Azteca.<\/p>\n<p style=\"text-align: justify;\">En gran medida la ayuda oficial complementada por el gran apoyo de la sociedad civil, han mermado las ingentes necesidades de alimentaci\u00f3n de la poblaci\u00f3n y la distribuci\u00f3n de paquetes de enseres b\u00e1sicos para el hogar, consistente en refrigerador, estufa, colch\u00f3n, licuadora, utensilios de cocina y vajilla, con un costo de 25 mil pesos.<\/p>\n<p style=\"text-align: justify;\">El otro aspecto medular de la tragedia fue la perdida de infinidad de casas de madera y techumbres de tejas o l\u00e1minas y otros da\u00f1os colaterales, que el censo podr\u00eda cuantificar para otorgar apoyos en especie o econ\u00f3micos para restauraci\u00f3n de viviendas, algunos vecinos est\u00e1n viviendo a la intemperie con graves riesgos a la salud, particularmente, la ni\u00f1ez y personas de la tercera y cuarta edad.<\/p>\n<p style=\"text-align: justify;\">El retiro de basura y escombros tarea tit\u00e1nica que realizan el Gobierno del Estado y Ayuntamiento de Acapulco, recolectando 120 mil toneladas en las 3 primeras semanas, de un total de m\u00e1s de 600 mil.<\/p>\n<p style=\"text-align: justify;\">Para estas jornadas de limpieza la gobernadora Evelyn Salgado Pineda, recibi\u00f3 el apoyo de su homologa Delfina G\u00f3mez \u00c1lvarez, gobernadora morenista del Estado de M\u00e9xico, con equipo de saneamiento y 70 carros de volteo de recolecci\u00f3n de basura y escombros, que permanecen en distintos puntos de la ciudad.<\/p>\n<p style=\"text-align: justify;\">Hay que recordar que la \u00faltima emergencia sanitaria se declar\u00f3 antes que concluyera la administraci\u00f3n municipal de Adela Rom\u00e1n Ocampo, a causa de notables cerros de basura dispersos en colonias y barrios; siendo ahora infinitamente superiores, sin que la Secretar\u00eda de Salud actu\u00e9 a la brevedad y evite a cualquier brote epidemiol\u00f3gico que ponga en peligro la salud y bienestar de las familias.<\/p>\n<p style=\"text-align: justify;\"><strong>Marea Baja.-<\/strong> Muy meritoria la donaci\u00f3n humanitaria de los miembros de la Asociaci\u00f3n de Desarrolladores Inmobiliarios (ADI), que conjuntamente con BANORTE, han reunido la cantidad de 48 millones de pesos para reconstruir viviendas, centros de salud y escuelas, revel\u00f3 Jaime Fasja, presidente de esa asociaci\u00f3n civil empresarial.<\/p>\n<p style=\"text-align: justify;\">Como este tipo de acciones suman miles de personas caritativas que se han solidarizado con sus hermanos guerrerenses, como tambi\u00e9n lo est\u00e1n haciendo otros pa\u00edses: Estados Unidos, China, Venezuela, Cuba y organizaciones internacionales como Word Central Kitchen.<\/p>\n<p style=\"text-align: justify;\"><strong>Marea Alta.-<\/strong> M\u00e9xico Eval\u00faa, es una importante instituci\u00f3n de la Sociedad Civil Organizada, dedicada al an\u00e1lisis de la ejecuci\u00f3n y desarrollo de los programas gubernamentales, a fin de constatar su impacto en la realidad social mexicana. No dej\u00f3 pasar la oportunidad para evaluar la integraci\u00f3n presupuestal del Plan de Reconstrucci\u00f3n y Apoyo a la Poblaci\u00f3n Afectada de Acapulco y Coyuca de Ben\u00edtez.<\/p>\n<p style=\"text-align: justify;\">Establece qu\u00e9 de los 61 mil 300 millones de pesos, 12 mil 500 millones se destinar\u00e1n en los pr\u00f3ximos 6 meses, para reconstruir infraestructura urbana, que incluyen l\u00edneas de redistribuci\u00f3n de agua potable, drenaje, arreglo de calles, alumbrado, hospitales, escuelas, dos aeropuertos, Autopista del Sol y los trabajos de la CFE.<\/p>\n<p style=\"text-align: justify;\">19 mil 400 millones est\u00e1n siendo destinados a apoyos econ\u00f3micos y en especie a 250 mil familias. El resto de los recursos con notable incremento de beneficiarios de programas sociales: J\u00f3venes Construyendo el Futuro y becarios de primaria y secundaria.<\/p>\n<p style=\"text-align: justify;\">En estas acciones y apoyos se utilizar\u00e1 el presupuesto autorizado para la primera etapa de la contingencia, requiri\u00e9ndose recursos similares o superiores para etapas subsecuentes de la reconstrucci\u00f3n a desarrollarse en los pr\u00f3ximos 2 a\u00f1os.<\/p>\n<p style=\"text-align: justify;\"><strong>Maremoto.-<\/strong> Ni una sola palabra se ha escuchado del Titular de la SEDATU, Rom\u00e1n Meyer Falc\u00f3n, quien fue responsable de la rehabilitaci\u00f3n integral del Parque Papagayo en el reciente a\u00f1o 2021, con una inversi\u00f3n de 421 millones de pesos.<\/p>\n<p style=\"text-align: justify;\">Los trabajos de rehabilitaci\u00f3n se realizaron en 3 etapas consistentes en la renovaci\u00f3n de la infraestructura del Parque, la construcci\u00f3n de nuevos espacios y la mejora de los servicios como la construcci\u00f3n de un nuevo acceso principal; remodelaci\u00f3n del lago artificial; construcci\u00f3n de un nuevo jard\u00edn bot\u00e1nico; construcci\u00f3n de un nuevo aviario; construcci\u00f3n de un nuevo auditorio; renovaci\u00f3n de juegos infantiles y renovaci\u00f3n de las \u00e1reas verdes.<\/p>\n<p>La rehabilitaci\u00f3n del Parque Papagayo qued\u00f3 incluido dentro del Programa de Mejoramiento Urbano (PMU), tendiente a mejorar la infraestructura urbana de las ciudades mexicanas.<\/p>\n<p style=\"text-align: justify;\">La reapertura del centro recreativo estuvo a cargo del presidente Andr\u00e9s Manuel L\u00f3pez Obrador, el 24 de otubre de 2021, qui\u00e9n destac\u00f3 que la recuperaci\u00f3n de espacios p\u00fablicos como el Parque Papagayo, contribuye a reducir las desigualdades sociales.<\/p>\n<p style=\"text-align: justify;\">Rom\u00e1n Meyer debe apersonarse a estas instalaciones para que conozca la devastaci\u00f3n del Parque y proceda a su reconstrucci\u00f3n, porque algunos de los trabajos realizados resultaron fraudulentos.<\/p>\n<p><em>] S\u00edguenos en Facebook.com\/<a href=\"https:\/\/www.facebook.com\/acapulcopress.news\" target=\"_blank\" rel=\"noopener\">acapulcopress.news<\/a><\/em><br \/>\n<em>] S\u00edguenos en Facebook.com\/<a href=\"https:\/\/www.facebook.com\/angelblanco.press\" target=\"_blank\" rel=\"noopener\">angelblanco.press<\/a><\/em><br \/>\n<em>] Visita nuestro sitio web acapulcopress.com<\/em><\/p>\n","protected":false},"excerpt":{"rendered":"<p>La solidaridad nacional por amor Acapulco \u00bb RICARDO | CASTILLO BARRIENTOS ] Facebook ) Ricardo Castillo Barrientos La generosidad de los mexicanos no se hizo esperar. Reaccionaron antes que nadie. Las autoridades se mostraron imp\u00e1vidas, sorprendidas, ya recuperadas iniciaron los trabajos de contingencia en auxilio de miles de familias que perdieron todo, o casi todo&#8230;.<\/p>\n","protected":false},"author":2,"featured_media":1258116,"comment_status":"closed","ping_status":"closed","sticky":false,"template":"","format":"standard","meta":{"footnotes":""},"categories":[1972,2071,1991],"tags":[9987,12503,15575,18078],"class_list":["post-1258115","post","type-post","status-publish","format-standard","has-post-thumbnail","hentry","category-special","category-opinion-analisis-columnas","category-libertad-de-expresion","tag-huracan-otis","tag-maremagnum","tag-ricardo-castillo-barrientos","tag-word-central-kitchen"],"_links":{"self":[{"href":"https:\/\/www.acapulcopress.com\/index.php\/wp-json\/wp\/v2\/posts\/1258115","targetHints":{"allow":["GET"]}}],"collection":[{"href":"https:\/\/www.acapulcopress.com\/index.php\/wp-json\/wp\/v2\/posts"}],"about":[{"href":"https:\/\/www.acapulcopress.com\/index.php\/wp-json\/wp\/v2\/types\/post"}],"author":[{"embeddable":true,"href":"https:\/\/www.acapulcopress.com\/index.php\/wp-json\/wp\/v2\/users\/2"}],"replies":[{"embeddable":true,"href":"https:\/\/www.acapulcopress.com\/index.php\/wp-json\/wp\/v2\/comments?post=1258115"}],"version-history":[{"count":0,"href":"https:\/\/www.acapulcopress.com\/index.php\/wp-json\/wp\/v2\/posts\/1258115\/revisions"}],"wp:featuredmedia":[{"embeddable":true,"href":"https:\/\/www.acapulcopress.com\/index.php\/wp-json\/"}],"wp:attachment":[{"href":"https:\/\/www.acapulcopress.com\/index.php\/wp-json\/wp\/v2\/media?parent=1258115"}],"wp:term":[{"taxonomy":"category","embeddable":true,"href":"https:\/\/www.acapulcopress.com\/index.php\/wp-json\/wp\/v2\/categories?post=1258115"},{"taxonomy":"post_tag","embeddable":true,"href":"https:\/\/www.acapulcopress.com\/index.php\/wp-json\/wp\/v2\/tags?post=1258115"}],"curies":[{"name":"wp","href":"https:\/\/api.w.org\/{rel}","templated":true}]}}