{"id":1258133,"date":"2023-11-21T19:19:27","date_gmt":"2023-11-22T01:19:27","guid":{"rendered":"https:\/\/www.acapulcopress.com\/?p=1258133"},"modified":"2023-11-21T19:19:27","modified_gmt":"2023-11-22T01:19:27","slug":"instruye-gobernadora-redoblar-esfuerzos-de-recoleccion-de-basura-en-jornadas-nocturnas","status":"publish","type":"post","link":"https:\/\/www.acapulcopress.com\/index.php\/2023\/11\/21\/instruye-gobernadora-redoblar-esfuerzos-de-recoleccion-de-basura-en-jornadas-nocturnas\/","title":{"rendered":"Instruye Gobernadora redoblar esfuerzos de recolecci\u00f3n de basura en jornadas nocturnas"},"content":{"rendered":"<p style=\"text-align: justify;\">ACAPULCO * Noviembre 21, 2023.<br \/>\n<em>) Gobierno de Guerrero<\/em><br \/>\n<img loading=\"lazy\" decoding=\"async\" class=\"alignleft size-medium wp-image-1258136\" src=\"https:\/\/www.acapulcopress.com\/wp-content\/uploads\/2023\/11\/norda-limpieza3-375x250.jpg\" alt=\"\" width=\"375\" height=\"250\" \/>Para dar mayor celeridad a los trabajos de limpieza, la gobernadora <a href=\"https:\/\/www.facebook.com\/EvelynSalgadoP\" target=\"_blank\" rel=\"noopener\">Evelyn Salgado Pineda<\/a> instruy\u00f3 redoblar los esfuerzos a trav\u00e9s del fortalecimiento de la jornada nocturna, lo que permitir\u00e1 atender un mayor n\u00famero de colonias y avenidas para el retiro de lodo, basura, escombro y \u00e1rboles ca\u00eddos. Al respecto, la jefa del Ejecutivo destac\u00f3 la coordinaci\u00f3n de esfuerzos entre los tres niveles de gobierno para lograr la reconstrucci\u00f3n de Acapulco.<\/p>\n<p style=\"text-align: justify;\">Durante la reuni\u00f3n diaria que se realiza en el Centro de Mando para la Atenci\u00f3n de los Efectos del Hurac\u00e1n Otis y con la coordinadora nacional de Protecci\u00f3n Civil, Laura Vel\u00e1zquez Alz\u00faa, la mandataria estatal inform\u00f3 que se han realizado acciones de remozamiento en colonias como Ciudad Renacimiento, La Sabana, La Progreso, Llano Largo, Circuito Ruiz <img loading=\"lazy\" decoding=\"async\" class=\"alignleft size-medium wp-image-1258138\" src=\"https:\/\/www.acapulcopress.com\/wp-content\/uploads\/2023\/11\/norda-limpieza-1-375x250.jpg\" alt=\"\" width=\"375\" height=\"250\" \/>Massieu, Central de Abastos, Colonia Garita, Condominios Jacarandas, Colonia Libertadores, Colonia Bonfil, Hospital Renacimiento, Boulevard Vicente Guerrero, s\u00f3lo por mencionar algunas.<\/p>\n<p style=\"text-align: justify;\">La mandataria estatal enfatiz\u00f3 que adicionalmente al retiro de desechos, tambi\u00e9n se realizan trabajos de barrido fino, lo que le da un mejoramiento de imagen. \u00abSe ve muy bonito Acapulco as\u00ed, limpio\u00bb, dijo.<\/p>\n<p style=\"text-align: justify;\">En el parte informativo, se dio a conocer que se han distribuido casi 20 millones de litros de agua en las diferentes colonias de Acapulco, esto a trav\u00e9s del Programa Emergente de Pipas Gratuitas, acercando este servicio b\u00e1sico a los lugares que m\u00e1s lo necesitan. Adem\u00e1s, se dio a conocer que el restablecimiento del servicio de agua potable por la red hidr\u00e1ulica, <img loading=\"lazy\" decoding=\"async\" class=\"alignleft size-medium wp-image-1258139\" src=\"https:\/\/www.acapulcopress.com\/wp-content\/uploads\/2023\/11\/norda-limpieza2-1-375x250.jpg\" alt=\"\" width=\"375\" height=\"250\" \/>se encuentra al 80 por ciento.<\/p>\n<p style=\"text-align: justify;\">En cuanto a la revisi\u00f3n de los centros educativos, se tiene un registro de 650 planteles afectados y un avance del 82 por ciento el levantamiento del censo para conocer cu\u00e1les son las escuelas que sufrieron\u00a0alg\u00fan\u00a0da\u00f1o.<br \/>\n<em><\/p>\n<p>] S\u00edguenos en Facebook.com\/<a href=\"https:\/\/www.facebook.com\/acapulcopress.news\" target=\"_blank\" rel=\"noopener\">acapulcopress.news<\/a><\/em><br \/>\n<em>] S\u00edguenos en Facebook.com\/<a href=\"https:\/\/www.facebook.com\/angelblanco.press\" target=\"_blank\" rel=\"noopener\">angelblanco.press<\/a><\/em><br \/>\n<em>] Visita nuestro sitio web acapulcopress.com<\/em><\/p>\n","protected":false},"excerpt":{"rendered":"<p>ACAPULCO * Noviembre 21, 2023. ) Gobierno de Guerrero Para dar mayor celeridad a los trabajos de limpieza, la gobernadora Evelyn Salgado Pineda instruy\u00f3 redoblar los esfuerzos a trav\u00e9s del fortalecimiento de la jornada nocturna, lo que permitir\u00e1 atender un mayor n\u00famero de colonias y avenidas para el retiro de lodo, basura, escombro y \u00e1rboles&#8230;<\/p>\n","protected":false},"author":2,"featured_media":1258137,"comment_status":"closed","ping_status":"closed","sticky":false,"template":"","format":"standard","meta":{"footnotes":""},"categories":[1972,1983,18561],"tags":[8251,9302],"class_list":["post-1258133","post","type-post","status-publish","format-standard","has-post-thumbnail","hentry","category-special","category-guerrerogob","category-society-politics","tag-evelyn-salgado-pineda","tag-gobierno-de-guerrero"],"_links":{"self":[{"href":"https:\/\/www.acapulcopress.com\/index.php\/wp-json\/wp\/v2\/posts\/1258133","targetHints":{"allow":["GET"]}}],"collection":[{"href":"https:\/\/www.acapulcopress.com\/index.php\/wp-json\/wp\/v2\/posts"}],"about":[{"href":"https:\/\/www.acapulcopress.com\/index.php\/wp-json\/wp\/v2\/types\/post"}],"author":[{"embeddable":true,"href":"https:\/\/www.acapulcopress.com\/index.php\/wp-json\/wp\/v2\/users\/2"}],"replies":[{"embeddable":true,"href":"https:\/\/www.acapulcopress.com\/index.php\/wp-json\/wp\/v2\/comments?post=1258133"}],"version-history":[{"count":0,"href":"https:\/\/www.acapulcopress.com\/index.php\/wp-json\/wp\/v2\/posts\/1258133\/revisions"}],"wp:featuredmedia":[{"embeddable":true,"href":"https:\/\/www.acapulcopress.com\/index.php\/wp-json\/"}],"wp:attachment":[{"href":"https:\/\/www.acapulcopress.com\/index.php\/wp-json\/wp\/v2\/media?parent=1258133"}],"wp:term":[{"taxonomy":"category","embeddable":true,"href":"https:\/\/www.acapulcopress.com\/index.php\/wp-json\/wp\/v2\/categories?post=1258133"},{"taxonomy":"post_tag","embeddable":true,"href":"https:\/\/www.acapulcopress.com\/index.php\/wp-json\/wp\/v2\/tags?post=1258133"}],"curies":[{"name":"wp","href":"https:\/\/api.w.org\/{rel}","templated":true}]}}