{"id":1258142,"date":"2023-11-21T19:39:44","date_gmt":"2023-11-22T01:39:44","guid":{"rendered":"https:\/\/www.acapulcopress.com\/?p=1258142"},"modified":"2023-11-21T19:39:44","modified_gmt":"2023-11-22T01:39:44","slug":"bulevar-de-las-naciones-al-80-libre-de-basura-generada-por-otis","status":"publish","type":"post","link":"https:\/\/www.acapulcopress.com\/index.php\/2023\/11\/21\/bulevar-de-las-naciones-al-80-libre-de-basura-generada-por-otis\/","title":{"rendered":"Bulevar de las Naciones al 80% libre de basura generada por \u201cOtis\u201d"},"content":{"rendered":"<p style=\"text-align: justify;\">ACAPULCO * Noviembre 21, 2023.<br \/>\n<em>) Gobierno de Guerrero<\/em><br \/>\n<img loading=\"lazy\" decoding=\"async\" class=\"alignleft size-medium wp-image-1258153\" src=\"https:\/\/www.acapulcopress.com\/wp-content\/uploads\/2023\/11\/bn.otis11-375x281.jpg\" alt=\"\" width=\"375\" height=\"281\" \/>En la ruta de la recuperaci\u00f3n de Acapulco y siguiendo las indicaciones de la gobernadora <a href=\"https:\/\/www.facebook.com\/EvelynSalgadoP\" target=\"_blank\" rel=\"noopener\">Evelyn Salgado Pineda<\/a>, quien encabeza los trabajos del Plan General de Reconstrucci\u00f3n por efectos del hurac\u00e1n \u201cOtis\u201d, personal de la Promotora Tur\u00edstica de Guerrero, cooperativistas y viveristas de siete ejidos de la zona Diamante, se sumaron a los trabajos de limpieza de playas y del Bulevar de Las Naciones.<\/p>\n<p style=\"text-align: justify;\">Desde el d\u00eda uno de afectaciones ocasionadas por el meteoro, personal de la Promotora Tur\u00edstica de Guerrero (Protur), que encabeza su director general Jos\u00e9 Lu\u00eds Gonz\u00e1lez de la Vega, as\u00ed como prestadores de servicios tur\u00edsticos de playa Revolcadero hasta Barra Vieja, se sumaron a las cuadrillas del gobierno estatal, federal y la ayuda for\u00e1nea de personal de limpia, para retirar basura, troncos y dem\u00e1s residuos que el hurac\u00e1n dej\u00f3 a su paso.<\/p>\n<p style=\"text-align: justify;\"><img loading=\"lazy\" decoding=\"async\" class=\"alignleft size-medium wp-image-1258152\" src=\"https:\/\/www.acapulcopress.com\/wp-content\/uploads\/2023\/11\/bn.otis10-375x281.jpg\" alt=\"\" width=\"375\" height=\"281\" \/>Se limpiaron m\u00e1s de 30 kil\u00f3metros de playas, con sus accesos, los camellones y banquetas del bulevar de Las Naciones, del distribuidor vial de Puerto Marqu\u00e9s hasta el entronque con el aeropuerto internacional de Acapulco, y entradas a los accesos a costera Las palmas, entrando por Viaducto Diamante.<\/p>\n<p style=\"text-align: justify;\">La basura que se levant\u00f3 en todo el Bulevar de Las Naciones fue llevada a zonas designadas, sin causar afectaci\u00f3n al medio ambiente, adem\u00e1s de que toda la estrategia de recolecci\u00f3n de basura, estuvo supervisada por autoridades del estado y federaci\u00f3n.<\/p>\n<p style=\"text-align: justify;\">Los viveristas de los ejidos Lomas de Chapultepec, El Podrido, Plan de los Amates, Alfredo V. Bonfil, La Zanja (La Poza), Llano Largo y Tres Palos, diariamente limpian los camellones <img loading=\"lazy\" decoding=\"async\" class=\"alignleft size-medium wp-image-1258143\" src=\"https:\/\/www.acapulcopress.com\/wp-content\/uploads\/2023\/11\/bn.otis_-375x167.jpg\" alt=\"\" width=\"375\" height=\"167\" \/>y rehabilitan ornamentas que fueron afectadas por \u201cOtis\u201d, adem\u00e1s de darle mantenimiento a la zona verde de ese tramo carretero.<\/p>\n<p style=\"text-align: justify;\">PROTUR, al igual que las secretar\u00edas del gobierno estatal, se han sumado a los trabajos de limpieza, para que la normalidad en Acapulco y sus zonas, regrese lo m\u00e1s pronto posible, como lo ha instruido la gobernadora, quien de manera puntual y responsable encabeza los trabajos del Plan General de Reconstrucci\u00f3n y Apoyo a la Poblaci\u00f3n Afectada por el\u00a0hurac\u00e1n\u00a0Otis.<\/p>\n\n<p style=\"text-align: justify;\"><em>] S\u00edguenos en Facebook.com\/<a href=\"https:\/\/www.facebook.com\/acapulcopress.news\" target=\"_blank\" rel=\"noopener\">acapulcopress.news<\/a><\/em><br \/>\n<em>] S\u00edguenos en Facebook.com\/<a href=\"https:\/\/www.facebook.com\/angelblanco.press\" target=\"_blank\" rel=\"noopener\">angelblanco.press<\/a><\/em><br \/>\n<em>] Visita nuestro sitio web acapulcopress.com<\/em><\/p>\n","protected":false},"excerpt":{"rendered":"<p>ACAPULCO * Noviembre 21, 2023. ) Gobierno de Guerrero En la ruta de la recuperaci\u00f3n de Acapulco y siguiendo las indicaciones de la gobernadora Evelyn Salgado Pineda, quien encabeza los trabajos del Plan General de Reconstrucci\u00f3n por efectos del hurac\u00e1n \u201cOtis\u201d, personal de la Promotora Tur\u00edstica de Guerrero, cooperativistas y viveristas de siete ejidos de&#8230;<\/p>\n","protected":false},"author":2,"featured_media":1258147,"comment_status":"closed","ping_status":"closed","sticky":false,"template":"","format":"standard","meta":{"footnotes":""},"categories":[1983,18561],"tags":[8251,9987],"class_list":["post-1258142","post","type-post","status-publish","format-standard","has-post-thumbnail","hentry","category-guerrerogob","category-society-politics","tag-evelyn-salgado-pineda","tag-huracan-otis"],"_links":{"self":[{"href":"https:\/\/www.acapulcopress.com\/index.php\/wp-json\/wp\/v2\/posts\/1258142","targetHints":{"allow":["GET"]}}],"collection":[{"href":"https:\/\/www.acapulcopress.com\/index.php\/wp-json\/wp\/v2\/posts"}],"about":[{"href":"https:\/\/www.acapulcopress.com\/index.php\/wp-json\/wp\/v2\/types\/post"}],"author":[{"embeddable":true,"href":"https:\/\/www.acapulcopress.com\/index.php\/wp-json\/wp\/v2\/users\/2"}],"replies":[{"embeddable":true,"href":"https:\/\/www.acapulcopress.com\/index.php\/wp-json\/wp\/v2\/comments?post=1258142"}],"version-history":[{"count":0,"href":"https:\/\/www.acapulcopress.com\/index.php\/wp-json\/wp\/v2\/posts\/1258142\/revisions"}],"wp:featuredmedia":[{"embeddable":true,"href":"https:\/\/www.acapulcopress.com\/index.php\/wp-json\/"}],"wp:attachment":[{"href":"https:\/\/www.acapulcopress.com\/index.php\/wp-json\/wp\/v2\/media?parent=1258142"}],"wp:term":[{"taxonomy":"category","embeddable":true,"href":"https:\/\/www.acapulcopress.com\/index.php\/wp-json\/wp\/v2\/categories?post=1258142"},{"taxonomy":"post_tag","embeddable":true,"href":"https:\/\/www.acapulcopress.com\/index.php\/wp-json\/wp\/v2\/tags?post=1258142"}],"curies":[{"name":"wp","href":"https:\/\/api.w.org\/{rel}","templated":true}]}}