{"id":1258163,"date":"2023-11-21T21:50:27","date_gmt":"2023-11-22T03:50:27","guid":{"rendered":"https:\/\/www.acapulcopress.com\/?p=1258163"},"modified":"2023-11-21T21:50:27","modified_gmt":"2023-11-22T03:50:27","slug":"sheinbaum-descarta-hacer-precampana-en-acapulco-y-coyuca-de-benitez","status":"publish","type":"post","link":"https:\/\/www.acapulcopress.com\/index.php\/2023\/11\/21\/sheinbaum-descarta-hacer-precampana-en-acapulco-y-coyuca-de-benitez\/","title":{"rendered":"Sheinbaum descarta hacer precampa\u00f1a en Acapulco y Coyuca de Ben\u00edtez"},"content":{"rendered":"<p style=\"text-align: justify;\">SANTIAGO TUXTLA, Veracruz * Noviembre 21, 2023.<br \/>\n<em>) <a href=\"https:\/\/www.proceso.com.mx\/nacional\/2023\/11\/21\/sheinbaum-descarta-hacer-precampana-en-acapulco-coyuca-de-benitez-318910.html\" target=\"_blank\" rel=\"noopener\">Apro<\/a><br \/>\n<\/em>Claudia Sheinbaum Pardo, precandidata presidencial de la Cuarta Transformaci\u00f3n, descart\u00f3 visitar Acapulco y Coyuca de Ben\u00edtez, en Guerrero, como parte de su precampa\u00f1a presidencial pues, tras ser azotados por el hurac\u00e1n \u201cOtis\u201d no cree \u201cque se debe hacer uso pol\u00edtico de la tragedia\u201d.<\/p>\n<p style=\"text-align: justify;\">En conferencia durante su segundo d\u00eda de precampa\u00f1a desde Veracruz, Proceso le pregunt\u00f3 si tiene contemplado y cu\u00e1ndo ir a Acapulco, despu\u00e9s de la devastaci\u00f3n del hurac\u00e1n ocurrida el pasado 25 de octubre y como parte de esta nueva etapa de su b\u00fasqueda por la Presidencia de la Rep\u00fablica.<\/p>\n<p style=\"text-align: justify;\">Breve, contest\u00f3:<\/p>\n<p style=\"text-align: justify;\">\u201cNosotros tenemos mucho respeto por los guerrerenses y las guerrerenses y no creemos que debe hacerse un uso pol\u00edtico de la tragedia de Acapulco\u201d.<\/p>\n<p style=\"text-align: justify;\">Luego, la morenista agreg\u00f3: \u201cpodemos ir en el momento en que est\u00e9n en condiciones de recibirnos. Mientras tanto, pues solamente nuestra solidaridad en todos los sentidos\u201d.<\/p>\n<p style=\"text-align: justify;\">As\u00ed respondi\u00f3 la precandidata morenista, aunque evit\u00f3 hablar de su contrincante del Frente Amplio por M\u00e9xico, X\u00f3chitl G\u00e1lvez, quien ayer comenz\u00f3 su precampa\u00f1a en Coyuca de Ben\u00edtez, Guerrero, junto a damnificados por el fen\u00f3meno natural.<\/p>\n<p style=\"text-align: justify;\">La exjefa de gobierno de la Ciudad de M\u00e9xico record\u00f3 que el gobierno del presidente Andr\u00e9s Manuel L\u00f3pez Obrador destin\u00f3 cerca de 63 mil millones de pesos para la reconstrucci\u00f3n de Acapulco y Coyuca tras la tragedia.<\/p>\n<p style=\"text-align: justify;\"><em>] S\u00edguenos en Facebook.com\/<a href=\"https:\/\/www.facebook.com\/acapulcopress.news\" target=\"_blank\" rel=\"noopener\">acapulcopress.news<\/a><\/em><br \/>\n<em>] S\u00edguenos en Facebook.com\/<a href=\"https:\/\/www.facebook.com\/angelblanco.press\" target=\"_blank\" rel=\"noopener\">angelblanco.press<\/a><\/em><br \/>\n<em>] Visita nuestro sitio web acapulcopress.com<\/em><\/p>\n","protected":false},"excerpt":{"rendered":"<p>SANTIAGO TUXTLA, Veracruz * Noviembre 21, 2023. ) Apro Claudia Sheinbaum Pardo, precandidata presidencial de la Cuarta Transformaci\u00f3n, descart\u00f3 visitar Acapulco y Coyuca de Ben\u00edtez, en Guerrero, como parte de su precampa\u00f1a presidencial pues, tras ser azotados por el hurac\u00e1n \u201cOtis\u201d no cree \u201cque se debe hacer uso pol\u00edtico de la tragedia\u201d. En conferencia durante&#8230;<\/p>\n","protected":false},"author":2,"featured_media":1258165,"comment_status":"closed","ping_status":"closed","sticky":false,"template":"","format":"standard","meta":{"footnotes":""},"categories":[1969,1972,18565],"tags":[5853],"class_list":["post-1258163","post","type-post","status-publish","format-standard","has-post-thumbnail","hentry","category-trending","category-special","category-politicos","tag-claudia-sheinbaum-pardo"],"_links":{"self":[{"href":"https:\/\/www.acapulcopress.com\/index.php\/wp-json\/wp\/v2\/posts\/1258163","targetHints":{"allow":["GET"]}}],"collection":[{"href":"https:\/\/www.acapulcopress.com\/index.php\/wp-json\/wp\/v2\/posts"}],"about":[{"href":"https:\/\/www.acapulcopress.com\/index.php\/wp-json\/wp\/v2\/types\/post"}],"author":[{"embeddable":true,"href":"https:\/\/www.acapulcopress.com\/index.php\/wp-json\/wp\/v2\/users\/2"}],"replies":[{"embeddable":true,"href":"https:\/\/www.acapulcopress.com\/index.php\/wp-json\/wp\/v2\/comments?post=1258163"}],"version-history":[{"count":0,"href":"https:\/\/www.acapulcopress.com\/index.php\/wp-json\/wp\/v2\/posts\/1258163\/revisions"}],"wp:featuredmedia":[{"embeddable":true,"href":"https:\/\/www.acapulcopress.com\/index.php\/wp-json\/"}],"wp:attachment":[{"href":"https:\/\/www.acapulcopress.com\/index.php\/wp-json\/wp\/v2\/media?parent=1258163"}],"wp:term":[{"taxonomy":"category","embeddable":true,"href":"https:\/\/www.acapulcopress.com\/index.php\/wp-json\/wp\/v2\/categories?post=1258163"},{"taxonomy":"post_tag","embeddable":true,"href":"https:\/\/www.acapulcopress.com\/index.php\/wp-json\/wp\/v2\/tags?post=1258163"}],"curies":[{"name":"wp","href":"https:\/\/api.w.org\/{rel}","templated":true}]}}