{"id":1258173,"date":"2023-11-22T16:00:48","date_gmt":"2023-11-22T22:00:48","guid":{"rendered":"https:\/\/www.acapulcopress.com\/?p=1258173"},"modified":"2023-11-22T16:00:48","modified_gmt":"2023-11-22T22:00:48","slug":"sagadegro-atiende-danos-que-dejo-otis-en-ajuchitlan-del-progreso","status":"publish","type":"post","link":"https:\/\/www.acapulcopress.com\/index.php\/2023\/11\/22\/sagadegro-atiende-danos-que-dejo-otis-en-ajuchitlan-del-progreso\/","title":{"rendered":"Sagadegro atiende da\u00f1os que dej\u00f3 Otis en Ajuchitl\u00e1n del Progreso"},"content":{"rendered":"<p style=\"text-align: justify;\">CHILPANCINGO * Noviembre 22, 2023.<br \/>\n<em>) Gobierno de Guerrero<\/em><br \/>\nPor instrucciones de la gobernadora <a href=\"https:\/\/www.facebook.com\/EvelynSalgadoP\" target=\"_blank\" rel=\"noopener\">Evelyn Salgado Pineda<\/a>, el secretario de Agricultura, <img loading=\"lazy\" decoding=\"async\" class=\"alignleft size-medium wp-image-1258179\" src=\"https:\/\/www.acapulcopress.com\/wp-content\/uploads\/2023\/11\/AJUCHITLAN5-375x250.jpg\" alt=\"\" width=\"375\" height=\"250\" \/>Ganader\u00eda, Pesca y Desarrollo Rural, Alejandro Zepeda Castorena, se reuni\u00f3 con autoridades municipales de Ajuchitl\u00e1n del Progreso y productores, en el seguimiento de los trabajos que se llevan a cabo por los da\u00f1os que hubo en la zona por el paso del hurac\u00e1n Otis.<\/p>\n<p style=\"text-align: justify;\">El titular de Sagadegro les manifest\u00f3 el inter\u00e9s de la gobernadora de avanzar en la atenci\u00f3n en los da\u00f1os que se presentaron en esa zona, dijo que en un primer reporte preliminar, hay 20 comunidades siniestradas en el municipio, por lo que es importante generar una ruta de trabajo en conjunto, gobierno del estado, municipio y los habitantes, generando una sinergia de trabajo.<\/p>\n<p style=\"text-align: justify;\">Sabemos que es una zona que tiene una afectaci\u00f3n de m\u00e1s de 900 parcelas en diversos <img loading=\"lazy\" decoding=\"async\" class=\"alignleft size-medium wp-image-1258178\" src=\"https:\/\/www.acapulcopress.com\/wp-content\/uploads\/2023\/11\/AJUCHITLAN4-375x250.jpg\" alt=\"\" width=\"375\" height=\"250\" \/>productos, especialmente en el del ma\u00edz, por ello es importante hacer recorridos para ir evaluando los da\u00f1os y poder generar la estrategia de apoyo, destac\u00f3 el funcionario.<\/p>\n<p style=\"text-align: justify;\">Plante\u00f3 que la pr\u00f3xima semana una brigada iniciar\u00e1 un diagn\u00f3stico y el censo, para atender en tiempo y forma las necesidades inmediatas de los afectados.<\/p>\n<p style=\"text-align: justify;\">El alcalde de Ajuchitl\u00e1n del Progreso, V\u00edctor Hugo Vega Hern\u00e1ndez, present\u00f3 los avances que tienen y los da\u00f1os en cultivos y en ganado que hubo en su municipio.<\/p>\n<p><img loading=\"lazy\" decoding=\"async\" class=\"alignnone wp-image-1258176 size-large\" src=\"https:\/\/www.acapulcopress.com\/wp-content\/uploads\/2023\/11\/AJUCHITLAN2-840x560.jpg\" alt=\"\" width=\"696\" height=\"464\" \/><\/p>\n<p style=\"text-align: justify;\"><em>] S\u00edguenos en Facebook.com\/<a href=\"https:\/\/www.facebook.com\/acapulcopress.news\" target=\"_blank\" rel=\"noopener\">acapulcopress.news<\/a><\/em><br \/>\n<em>] S\u00edguenos en Facebook.com\/<a href=\"https:\/\/www.facebook.com\/angelblanco.press\" target=\"_blank\" rel=\"noopener\">angelblanco.press<\/a><\/em><br \/>\n<em>] Visita nuestro sitio web acapulcopress.com<\/em><\/p>\n","protected":false},"excerpt":{"rendered":"<p>CHILPANCINGO * Noviembre 22, 2023. ) Gobierno de Guerrero Por instrucciones de la gobernadora Evelyn Salgado Pineda, el secretario de Agricultura, Ganader\u00eda, Pesca y Desarrollo Rural, Alejandro Zepeda Castorena, se reuni\u00f3 con autoridades municipales de Ajuchitl\u00e1n del Progreso y productores, en el seguimiento de los trabajos que se llevan a cabo por los da\u00f1os que&#8230;<\/p>\n","protected":false},"author":2,"featured_media":1258175,"comment_status":"closed","ping_status":"closed","sticky":false,"template":"","format":"standard","meta":{"footnotes":""},"categories":[1983,18561],"tags":[8251,15910],"class_list":["post-1258173","post","type-post","status-publish","format-standard","has-post-thumbnail","hentry","category-guerrerogob","category-society-politics","tag-evelyn-salgado-pineda","tag-sagadegro"],"_links":{"self":[{"href":"https:\/\/www.acapulcopress.com\/index.php\/wp-json\/wp\/v2\/posts\/1258173","targetHints":{"allow":["GET"]}}],"collection":[{"href":"https:\/\/www.acapulcopress.com\/index.php\/wp-json\/wp\/v2\/posts"}],"about":[{"href":"https:\/\/www.acapulcopress.com\/index.php\/wp-json\/wp\/v2\/types\/post"}],"author":[{"embeddable":true,"href":"https:\/\/www.acapulcopress.com\/index.php\/wp-json\/wp\/v2\/users\/2"}],"replies":[{"embeddable":true,"href":"https:\/\/www.acapulcopress.com\/index.php\/wp-json\/wp\/v2\/comments?post=1258173"}],"version-history":[{"count":0,"href":"https:\/\/www.acapulcopress.com\/index.php\/wp-json\/wp\/v2\/posts\/1258173\/revisions"}],"wp:featuredmedia":[{"embeddable":true,"href":"https:\/\/www.acapulcopress.com\/index.php\/wp-json\/"}],"wp:attachment":[{"href":"https:\/\/www.acapulcopress.com\/index.php\/wp-json\/wp\/v2\/media?parent=1258173"}],"wp:term":[{"taxonomy":"category","embeddable":true,"href":"https:\/\/www.acapulcopress.com\/index.php\/wp-json\/wp\/v2\/categories?post=1258173"},{"taxonomy":"post_tag","embeddable":true,"href":"https:\/\/www.acapulcopress.com\/index.php\/wp-json\/wp\/v2\/tags?post=1258173"}],"curies":[{"name":"wp","href":"https:\/\/api.w.org\/{rel}","templated":true}]}}