{"id":1258181,"date":"2023-11-22T16:19:12","date_gmt":"2023-11-22T22:19:12","guid":{"rendered":"https:\/\/www.acapulcopress.com\/?p=1258181"},"modified":"2023-11-22T16:19:12","modified_gmt":"2023-11-22T22:19:12","slug":"seguimos-trabajando-por-la-reactivacion-economica-de-acapulco-y-coyuca-evelyn-salgado","status":"publish","type":"post","link":"https:\/\/www.acapulcopress.com\/index.php\/2023\/11\/22\/seguimos-trabajando-por-la-reactivacion-economica-de-acapulco-y-coyuca-evelyn-salgado\/","title":{"rendered":"Seguimos trabajando por la reactivaci\u00f3n econ\u00f3mica de Acapulco y Coyuca | Evelyn Salgado"},"content":{"rendered":"<p style=\"text-align: justify;\">ACAPULCO * Noviembre 22, 2023.<br \/>\n<em>) Gobierno de Guerrero<\/em><br \/>\nEn la ruta para la reconstrucci\u00f3n de los municipios de Acapulco y Coyuca de Ben\u00edtez, la <img loading=\"lazy\" decoding=\"async\" class=\"alignleft size-medium wp-image-1258185\" src=\"https:\/\/www.acapulcopress.com\/wp-content\/uploads\/2023\/11\/AVANCES-OTIS4-375x250.jpg\" alt=\"\" width=\"375\" height=\"250\" \/>gobernadora <a href=\"https:\/\/www.facebook.com\/EvelynSalgadoP\" target=\"_blank\" rel=\"noopener\">Evelyn Salgado Pineda<\/a> inform\u00f3 que se mantiene una coordinaci\u00f3n estrecha entre los distintos \u00f3rdenes de gobierno para lograr la recuperaci\u00f3n a trav\u00e9s de diversas acciones, como el reforzamiento de las labores de limpieza, lo que permitir\u00e1 lograr la reactivaci\u00f3n tur\u00edstica del puerto y la atenci\u00f3n a la infraestructura.<\/p>\n<p style=\"text-align: justify;\">Luego de encabezar la sesi\u00f3n diaria para conocer los avances en materia de reconstrucci\u00f3n y atenci\u00f3n a la poblaci\u00f3n despu\u00e9s del paso del hurac\u00e1n \u201cOtis\u201d, la jefa del Ejecutivo estatal destac\u00f3 el trabajo que se ha realizado en conjunto entre autoridades y pobladores, para lograr el restablecimiento de los servicios en los restaurantes de la zona de Bonfil y Barra Vieja. En ese sentido Salgado Pineda reconoci\u00f3 la participaci\u00f3n de los colonos, quienes han <img loading=\"lazy\" decoding=\"async\" class=\"alignleft size-medium wp-image-1258184\" src=\"https:\/\/www.acapulcopress.com\/wp-content\/uploads\/2023\/11\/AVANCES-OTIS3-375x281.jpg\" alt=\"\" width=\"375\" height=\"281\" \/>puesto su voluntad y esfuerzo para garantizar la atenci\u00f3n a los turistas.<\/p>\n<p style=\"text-align: justify;\">Enfatiz\u00f3 que para dar celeridad a los trabajos de limpieza, se est\u00e1n llevando a cabo las jornadas nocturnas, que han sido de gran ayuda ya que permite duplicar e incluso, triplicar la cantidad de material que se recoge durante estas horas de la noche y parte de la madrugada. Resalt\u00f3 las acciones en puntos como El Quemado, Crucero de Cayaco, Avenida Margarita Maza de Ju\u00e1rez, Llano Largo, M\u00e1rtires de la Democracia, Circuito Ruiz Massieu, Colonia Progreso, Boulevard Vicente Guerrero, Bonfil, Ciudad Renacimiento, entre otras, as\u00ed como el apoyo hacia el municipio para la limpieza de la Costera Miguel Alem\u00e1n.<\/p>\n<p style=\"text-align: justify;\">En lo que respecta al tema del agua potable, inform\u00f3 que hay un restablecimiento del 90 <img loading=\"lazy\" decoding=\"async\" class=\"alignleft size-medium wp-image-1258183\" src=\"https:\/\/www.acapulcopress.com\/wp-content\/uploads\/2023\/11\/AVANCES-OTIS2-375x250.jpg\" alt=\"\" width=\"375\" height=\"250\" \/>por ciento y se contin\u00faa apoyando a aquellas colonias que a\u00fan no cuentan con el servicio; detall\u00f3 que por parte del Programa de Pipas, hasta el momento se han otorgado poco m\u00e1s de 20.4 millones de litros de agua clorada.<\/p>\n<p style=\"text-align: justify;\">En cuanto al Programa de B\u00fasqueda de Personas, se han localizado a mil 592 ciudadanos. Mientras que en lo relacionado a la distribuci\u00f3n de combustible en el puerto, Petr\u00f3leos Mexicanos (Pemex) puntualiz\u00f3 que 66 de 78 gasolineras se mantienen abiertas al p\u00fablico.<\/p>\n<p style=\"text-align: justify;\">Por \u00faltimo, inform\u00f3 que 106 escuelas reanudaron clases, tanto en Acapulco como en Coyuca de Ben\u00edtez; adem\u00e1s contin\u00faa con las visitas a los diferentes centros educativos y hasta el \u00faltimo corte se tiene el registro de 650 planteles da\u00f1ados, de los cuales, la mayor\u00eda son de educaci\u00f3n\u00a0b\u00e1sica.<\/p>\n<p><em>] S\u00edguenos en Facebook.com\/<a href=\"https:\/\/www.facebook.com\/acapulcopress.news\" target=\"_blank\" rel=\"noopener\">acapulcopress.news<\/a><\/em><br \/>\n<em>] S\u00edguenos en Facebook.com\/<a href=\"https:\/\/www.facebook.com\/angelblanco.press\" target=\"_blank\" rel=\"noopener\">angelblanco.press<\/a><\/em><br \/>\n<em>] Visita nuestro sitio web acapulcopress.com<\/em><\/p>\n","protected":false},"excerpt":{"rendered":"<p>ACAPULCO * Noviembre 22, 2023. ) Gobierno de Guerrero En la ruta para la reconstrucci\u00f3n de los municipios de Acapulco y Coyuca de Ben\u00edtez, la gobernadora Evelyn Salgado Pineda inform\u00f3 que se mantiene una coordinaci\u00f3n estrecha entre los distintos \u00f3rdenes de gobierno para lograr la recuperaci\u00f3n a trav\u00e9s de diversas acciones, como el reforzamiento de&#8230;<\/p>\n","protected":false},"author":2,"featured_media":1258182,"comment_status":"closed","ping_status":"closed","sticky":false,"template":"","format":"standard","meta":{"footnotes":""},"categories":[1972,1983,18561],"tags":[8251,9987],"class_list":["post-1258181","post","type-post","status-publish","format-standard","has-post-thumbnail","hentry","category-special","category-guerrerogob","category-society-politics","tag-evelyn-salgado-pineda","tag-huracan-otis"],"_links":{"self":[{"href":"https:\/\/www.acapulcopress.com\/index.php\/wp-json\/wp\/v2\/posts\/1258181","targetHints":{"allow":["GET"]}}],"collection":[{"href":"https:\/\/www.acapulcopress.com\/index.php\/wp-json\/wp\/v2\/posts"}],"about":[{"href":"https:\/\/www.acapulcopress.com\/index.php\/wp-json\/wp\/v2\/types\/post"}],"author":[{"embeddable":true,"href":"https:\/\/www.acapulcopress.com\/index.php\/wp-json\/wp\/v2\/users\/2"}],"replies":[{"embeddable":true,"href":"https:\/\/www.acapulcopress.com\/index.php\/wp-json\/wp\/v2\/comments?post=1258181"}],"version-history":[{"count":0,"href":"https:\/\/www.acapulcopress.com\/index.php\/wp-json\/wp\/v2\/posts\/1258181\/revisions"}],"wp:featuredmedia":[{"embeddable":true,"href":"https:\/\/www.acapulcopress.com\/index.php\/wp-json\/"}],"wp:attachment":[{"href":"https:\/\/www.acapulcopress.com\/index.php\/wp-json\/wp\/v2\/media?parent=1258181"}],"wp:term":[{"taxonomy":"category","embeddable":true,"href":"https:\/\/www.acapulcopress.com\/index.php\/wp-json\/wp\/v2\/categories?post=1258181"},{"taxonomy":"post_tag","embeddable":true,"href":"https:\/\/www.acapulcopress.com\/index.php\/wp-json\/wp\/v2\/tags?post=1258181"}],"curies":[{"name":"wp","href":"https:\/\/api.w.org\/{rel}","templated":true}]}}